{"id":5861,"date":"2025-07-24T16:16:03","date_gmt":"2025-07-24T19:16:03","guid":{"rendered":"https:\/\/noticiasregionais.com.br\/?p=5861"},"modified":"2025-07-24T16:35:03","modified_gmt":"2025-07-24T19:35:03","slug":"contagem-regressiva-para-a-3a-cavalgada-entre-amigos-em-canitar-da-comitiva-clandestinos","status":"publish","type":"post","link":"https:\/\/noticiasregionais.com.br\/?p=5861","title":{"rendered":"Contagem regressiva para a &#8220;3\u00aa Cavalgada entre Amigos&#8221; da Comitiva Clandestinos em Canitar"},"content":{"rendered":"\n<h3 class=\"wp-block-heading has-text-align-center\">Faltam 3 dias para o evento que une tradi\u00e7\u00e3o, f\u00e9 e solidariedade com cavalgada, m\u00fasica ao vivo e almo\u00e7o beneficente <\/h3>\n\n\n\n<p>Faltam apenas <strong>3 dias<\/strong> para um dos eventos mais aguardados do ano em Canitar! No pr\u00f3ximo <strong>domingo, 27 de julho de 2025<\/strong>, acontece a <strong>3\u00aa Cavalgada Entre Amigos<\/strong>, organizada pela <strong>Comitiva Clandestinos SP<\/strong>. Uma celebra\u00e7\u00e3o que mistura tradi\u00e7\u00e3o, cultura, solidariedade e muita anima\u00e7\u00e3o, reunindo cavaleiros, amazonas e a comunidade para um dia inesquec\u00edvel.<\/p>\n\n\n\n<p>A concentra\u00e7\u00e3o ser\u00e1 a partir das <strong>9h da manh\u00e3<\/strong>, no <strong>Terminal Rodovi\u00e1rio de Canitar<\/strong>. De l\u00e1, a comitiva sai em cavalgada pelas ruas da cidade. Um dos momentos mais emocionantes promete ser a <strong>b\u00ean\u00e7\u00e3o do padre Jaime<\/strong>, em frente \u00e0 <strong>Par\u00f3quia Nossa Senhora do Perp\u00e9tuo Socorro<\/strong>, al\u00e9m da <strong>homenagem p\u00f3stuma a Sebasti\u00e3o Cl\u00e1udiomiro da Silva<\/strong>, membro oficial da comitiva.<\/p>\n\n\n\n<p>A partir das <strong>12h30<\/strong>, tem <strong>almo\u00e7o beneficente<\/strong> com marmitas a pre\u00e7os populares: <strong>R$5 (tamanho P)<\/strong> e <strong>R$10 (tamanho M)<\/strong> \u2014 com refrigerante incluso. <strong>Crian\u00e7as de at\u00e9 6 anos n\u00e3o pagam<\/strong>. Toda a renda ser\u00e1 revertida para a\u00e7\u00f5es sociais na comunidade.<\/p>\n\n\n\n<p>E n\u00e3o para por a\u00ed! O evento ainda conta com <strong>pra\u00e7a de alimenta\u00e7\u00e3o, bingo, sorteios<\/strong> e muita m\u00fasica ao vivo. As atra\u00e7\u00f5es ficam por conta da carism\u00e1tica <strong>Rosinha do Pagode<\/strong> e do sertanejo <strong>Geraldinho Marques<\/strong>, com locu\u00e7\u00e3o de <strong>Marcos Elias<\/strong>, garantindo anima\u00e7\u00e3o do come\u00e7o ao fim.<\/p>\n\n\n\n<p>Com apoio de parceiros e da popula\u00e7\u00e3o, a 3\u00aa Cavalgada Entre Amigos ser\u00e1 mais uma grande festa da <strong>cultura sertaneja e da solidariedade<\/strong>. A <strong>Comitiva Clandestinos SP<\/strong> convida voc\u00ea e sua fam\u00edlia para viver esse dia especial.<br><strong>Domingo agora, a festa \u00e9 em Canitar!<\/strong><\/p>\n\n\n\n<p>\ud83d\udccd @comitivaclandestinos2.0<\/p>\n\n\n\n<figure class=\"wp-block-gallery has-nested-images columns-default is-cropped wp-block-gallery-1 is-layout-flex wp-block-gallery-is-layout-flex\">\n<figure class=\"wp-block-image size-large\"><a href=\"https:\/\/noticiasregionais.com.br\/wp-content\/uploads\/2025\/07\/WhatsApp-Image-2025-07-19-at-14.41.54.jpeg\"><img decoding=\"async\" width=\"708\" height=\"447\" data-id=\"5825\" src=\"https:\/\/noticiasregionais.com.br\/wp-content\/uploads\/2025\/07\/WhatsApp-Image-2025-07-19-at-14.41.54.jpeg\" alt=\"\" class=\"wp-image-5825\" srcset=\"https:\/\/noticiasregionais.com.br\/wp-content\/uploads\/2025\/07\/WhatsApp-Image-2025-07-19-at-14.41.54.jpeg 708w, https:\/\/noticiasregionais.com.br\/wp-content\/uploads\/2025\/07\/WhatsApp-Image-2025-07-19-at-14.41.54-300x189.jpeg 300w\" sizes=\"(max-width: 708px) 100vw, 708px\" \/><\/a><\/figure>\n\n\n\n<figure class=\"wp-block-image size-large\"><a href=\"https:\/\/noticiasregionais.com.br\/wp-content\/uploads\/2025\/07\/WhatsApp-Image-2025-07-19-at-12.57.43.jpeg\"><img decoding=\"async\" width=\"709\" height=\"1024\" data-id=\"5826\" src=\"https:\/\/noticiasregionais.com.br\/wp-content\/uploads\/2025\/07\/WhatsApp-Image-2025-07-19-at-12.57.43-709x1024.jpeg\" alt=\"\" class=\"wp-image-5826\" srcset=\"https:\/\/noticiasregionais.com.br\/wp-content\/uploads\/2025\/07\/WhatsApp-Image-2025-07-19-at-12.57.43-709x1024.jpeg 709w, https:\/\/noticiasregionais.com.br\/wp-content\/uploads\/2025\/07\/WhatsApp-Image-2025-07-19-at-12.57.43-208x300.jpeg 208w, https:\/\/noticiasregionais.com.br\/wp-content\/uploads\/2025\/07\/WhatsApp-Image-2025-07-19-at-12.57.43-768x1109.jpeg 768w, https:\/\/noticiasregionais.com.br\/wp-content\/uploads\/2025\/07\/WhatsApp-Image-2025-07-19-at-12.57.43.jpeg 982w\" sizes=\"(max-width: 709px) 100vw, 709px\" \/><\/a><\/figure>\n<\/figure>\n<input type=\"hidden\" id=\"baseurl\" value=\"https:\/\/noticiasregionais.com.br\"><input type=\"hidden\" id=\"audio_nonce\" value=\"533fbb67b1\">","protected":false},"excerpt":{"rendered":"<p>Faltam 3 dias para o evento que une tradi\u00e7\u00e3o, f\u00e9 e solidariedade com cavalgada, m\u00fasica ao vivo e almo\u00e7o beneficente&hellip;<\/p>\n","protected":false},"author":1,"featured_media":5862,"comment_status":"closed","ping_status":"open","sticky":false,"template":"","format":"standard","meta":{"sfsi_plus_gutenberg_text_before_share":"","sfsi_plus_gutenberg_show_text_before_share":"","sfsi_plus_gutenberg_icon_type":"","sfsi_plus_gutenberg_icon_alignemt":"","sfsi_plus_gutenburg_max_per_row":"","footnotes":""},"categories":[12,1,6],"tags":[19],"class_list":["post-5861","post","type-post","status-publish","format-standard","has-post-thumbnail","hentry","category-capa","category-noticias","category-sao_paulo","tag-canitar"],"_links":{"self":[{"href":"https:\/\/noticiasregionais.com.br\/index.php?rest_route=\/wp\/v2\/posts\/5861","targetHints":{"allow":["GET"]}}],"collection":[{"href":"https:\/\/noticiasregionais.com.br\/index.php?rest_route=\/wp\/v2\/posts"}],"about":[{"href":"https:\/\/noticiasregionais.com.br\/index.php?rest_route=\/wp\/v2\/types\/post"}],"author":[{"embeddable":true,"href":"https:\/\/noticiasregionais.com.br\/index.php?rest_route=\/wp\/v2\/users\/1"}],"replies":[{"embeddable":true,"href":"https:\/\/noticiasregionais.com.br\/index.php?rest_route=%2Fwp%2Fv2%2Fcomments&post=5861"}],"version-history":[{"count":3,"href":"https:\/\/noticiasregionais.com.br\/index.php?rest_route=\/wp\/v2\/posts\/5861\/revisions"}],"predecessor-version":[{"id":5869,"href":"https:\/\/noticiasregionais.com.br\/index.php?rest_route=\/wp\/v2\/posts\/5861\/revisions\/5869"}],"wp:featuredmedia":[{"embeddable":true,"href":"https:\/\/noticiasregionais.com.br\/index.php?rest_route=\/wp\/v2\/media\/5862"}],"wp:attachment":[{"href":"https:\/\/noticiasregionais.com.br\/index.php?rest_route=%2Fwp%2Fv2%2Fmedia&parent=5861"}],"wp:term":[{"taxonomy":"category","embeddable":true,"href":"https:\/\/noticiasregionais.com.br\/index.php?rest_route=%2Fwp%2Fv2%2Fcategories&post=5861"},{"taxonomy":"post_tag","embeddable":true,"href":"https:\/\/noticiasregionais.com.br\/index.php?rest_route=%2Fwp%2Fv2%2Ftags&post=5861"}],"curies":[{"name":"wp","href":"https:\/\/api.w.org\/{rel}","templated":true}]}}