{"id":5865,"date":"2025-07-24T16:26:16","date_gmt":"2025-07-24T19:26:16","guid":{"rendered":"https:\/\/noticiasregionais.com.br\/?p=5865"},"modified":"2025-07-24T16:26:29","modified_gmt":"2025-07-24T19:26:29","slug":"rede-municipal-de-ourinhos-retorna-as-aulas-em-28-de-julho-com-foco-em-inovacao-pedagogica-no-2o-semestre","status":"publish","type":"post","link":"https:\/\/noticiasregionais.com.br\/?p=5865","title":{"rendered":"Rede Municipal de Ourinhos retorna \u00e0s aulas em 28 de julho com foco em inova\u00e7\u00e3o pedag\u00f3gica no 2\u00ba semestre"},"content":{"rendered":"\n<p>A Secretaria Municipal de Educa\u00e7\u00e3o de Ourinhos divulgou o cronograma de retorno das aulas para o segundo semestre de 2025 na rede municipal de ensino. As atividades escolares ser\u00e3o retomadas a partir do dia <strong>28 de julho, \u00e0s 13h<\/strong>, para os estudantes do Ensino Fundamental, com exce\u00e7\u00e3o da EMEF Pedagogo Paulo Freire. O in\u00edcio no per\u00edodo da tarde se d\u00e1 por conta da reorganiza\u00e7\u00e3o das unidades escolares ap\u00f3s a realiza\u00e7\u00e3o dos Jogos Regionais.<\/p>\n\n\n\n<p>No mesmo dia, tamb\u00e9m retomar\u00e3o suas atividades \u00e0 tarde as seguintes Escolas Municipais de Educa\u00e7\u00e3o Infantil (EMEIs): <strong>Manuel Bandeira, \u00c9rico Ver\u00edssimo, Viriato Corr\u00eaa, Nhandeara, Monteiro Lobato e Clara Augusta<\/strong>.<\/p>\n\n\n\n<p>J\u00e1 as creches municipais que estavam operando em regime de plant\u00e3o encerrar\u00e3o esse atendimento no dia <strong>29 de julho<\/strong>. No dia <strong>30<\/strong>, as equipes das unidades infantis estar\u00e3o voltadas \u00e0 organiza\u00e7\u00e3o interna, e o funcionamento regular ser\u00e1 retomado no dia <strong>31 de julho<\/strong>, para todas as creches.<\/p>\n\n\n\n<p>A Secretaria reafirma o compromisso com uma volta \u00e0s aulas segura, bem estruturada e acolhedora, tanto para os estudantes quanto para os profissionais da educa\u00e7\u00e3o.<\/p>\n\n\n\n<hr class=\"wp-block-separator has-alpha-channel-opacity\"\/>\n\n\n\n<h3 class=\"wp-block-heading\">Destaques para o segundo semestre<\/h3>\n\n\n\n<p>O segundo semestre letivo de 2025 ser\u00e1 marcado por a\u00e7\u00f5es que refor\u00e7am o compromisso com a <strong>qualidade do ensino, a inclus\u00e3o e a valoriza\u00e7\u00e3o das pr\u00e1ticas pedag\u00f3gicas inovadoras<\/strong>. Entre os destaques da agenda educacional est\u00e3o:<\/p>\n\n\n\n<ul class=\"wp-block-list\">\n<li><strong>28 de agosto<\/strong>: Forma\u00e7\u00e3o promovida pela UNDIME no Polo de Ourinhos, com o tema <em>\u201cA educa\u00e7\u00e3o como tarefa conjunta da escola e da fam\u00edlia\u201d<\/em>.<\/li>\n\n\n\n<li><strong>13 de setembro<\/strong>: Realiza\u00e7\u00e3o do 1\u00ba Encontro ERER, focado em pr\u00e1ticas pedag\u00f3gicas antirracistas.<\/li>\n\n\n\n<li><strong>Setembro a novembro<\/strong>: Aplica\u00e7\u00e3o das avalia\u00e7\u00f5es externas <strong>SAEB<\/strong> e <strong>SARESP<\/strong> nos Anos Iniciais.<\/li>\n\n\n\n<li><strong>16 e 17 de outubro<\/strong>: Semin\u00e1rio de Pr\u00e1ticas Pedag\u00f3gicas, com apresenta\u00e7\u00e3o de experi\u00eancias e projetos desenvolvidos por docentes da rede.<\/li>\n\n\n\n<li><strong>Novembro<\/strong>: F\u00f3runs tem\u00e1ticos voltados \u00e0 Educa\u00e7\u00e3o de Jovens e Adultos (EJA), com destaque para boas pr\u00e1ticas e atividades culturais.<\/li>\n<\/ul>\n\n\n\n<p>Outras iniciativas importantes incluem:<\/p>\n\n\n\n<ul class=\"wp-block-list\">\n<li>Implanta\u00e7\u00e3o do modelo de <strong>Escola em Tempo Integral<\/strong> na EMEF Pedagogo Paulo Freire, com amplia\u00e7\u00e3o da jornada e novas oportunidades de aprendizagem.<\/li>\n\n\n\n<li>Fortalecimento de projetos como:\n<ul class=\"wp-block-list\">\n<li><strong>\u201cSorria\u201d<\/strong>, de promo\u00e7\u00e3o da sa\u00fade bucal;<\/li>\n\n\n\n<li><strong>\u201cCidade da Gente\u201d<\/strong>, voltado \u00e0 valoriza\u00e7\u00e3o do patrim\u00f4nio hist\u00f3rico local;<\/li>\n\n\n\n<li><strong>\u201cLei Lucas\u201d<\/strong>, com foco em primeiros socorros nas escolas.<\/li>\n<\/ul>\n<\/li>\n\n\n\n<li>Desenvolvimento do <strong>Projeto Pontes<\/strong>, que facilita a transi\u00e7\u00e3o das crian\u00e7as da Educa\u00e7\u00e3o Infantil para o Ensino Fundamental, por meio do envio de portf\u00f3lios com produ\u00e7\u00f5es art\u00edsticas aos professores do 1\u00ba ano.<\/li>\n\n\n\n<li>Realiza\u00e7\u00e3o do <strong>F\u00f3rum de Formadores e Coordenadores<\/strong>, promovido pela UNDIME, para troca de experi\u00eancias entre os munic\u00edpios e aprimoramento das pol\u00edticas pedag\u00f3gicas.<\/li>\n<\/ul>\n\n\n\n<p>Al\u00e9m disso, a Secretaria de Educa\u00e7\u00e3o seguir\u00e1 investindo em estrat\u00e9gias que estreitam os la\u00e7os entre fam\u00edlia e escola e valorizam a cultura local, como o lan\u00e7amento de um livro sobre o patrim\u00f4nio hist\u00f3rico de Ourinhos.<\/p>\n\n\n\n<p>Com uma proposta pedag\u00f3gica centrada no desenvolvimento integral dos alunos e na qualifica\u00e7\u00e3o da pr\u00e1tica docente, a rede municipal de Ourinhos inicia o segundo semestre com metas claras e foco no futuro da educa\u00e7\u00e3o p\u00fablica.<\/p>\n\n\n\n<figure class=\"wp-block-image size-large\"><img decoding=\"async\" width=\"819\" height=\"1024\" src=\"https:\/\/noticiasregionais.com.br\/wp-content\/uploads\/2025\/07\/WhatsApp-Image-2025-07-24-at-15.57.10-819x1024.jpeg\" alt=\"\" class=\"wp-image-5866\" srcset=\"https:\/\/noticiasregionais.com.br\/wp-content\/uploads\/2025\/07\/WhatsApp-Image-2025-07-24-at-15.57.10-819x1024.jpeg 819w, https:\/\/noticiasregionais.com.br\/wp-content\/uploads\/2025\/07\/WhatsApp-Image-2025-07-24-at-15.57.10-240x300.jpeg 240w, https:\/\/noticiasregionais.com.br\/wp-content\/uploads\/2025\/07\/WhatsApp-Image-2025-07-24-at-15.57.10-768x960.jpeg 768w, https:\/\/noticiasregionais.com.br\/wp-content\/uploads\/2025\/07\/WhatsApp-Image-2025-07-24-at-15.57.10.jpeg 1080w\" sizes=\"(max-width: 819px) 100vw, 819px\" \/><\/figure>\n<input type=\"hidden\" id=\"baseurl\" value=\"https:\/\/noticiasregionais.com.br\"><input type=\"hidden\" id=\"audio_nonce\" value=\"533fbb67b1\">","protected":false},"excerpt":{"rendered":"<p>A Secretaria Municipal de Educa\u00e7\u00e3o de Ourinhos divulgou o cronograma de retorno das aulas para o segundo semestre de 2025&hellip;<\/p>\n","protected":false},"author":1,"featured_media":5867,"comment_status":"closed","ping_status":"open","sticky":false,"template":"","format":"standard","meta":{"sfsi_plus_gutenberg_text_before_share":"","sfsi_plus_gutenberg_show_text_before_share":"","sfsi_plus_gutenberg_icon_type":"","sfsi_plus_gutenberg_icon_alignemt":"","sfsi_plus_gutenburg_max_per_row":"","footnotes":""},"categories":[10,1,5],"tags":[16],"class_list":["post-5865","post","type-post","status-publish","format-standard","has-post-thumbnail","hentry","category-destaques","category-noticias","category-ourinhos","tag-ourinhos"],"_links":{"self":[{"href":"https:\/\/noticiasregionais.com.br\/index.php?rest_route=\/wp\/v2\/posts\/5865","targetHints":{"allow":["GET"]}}],"collection":[{"href":"https:\/\/noticiasregionais.com.br\/index.php?rest_route=\/wp\/v2\/posts"}],"about":[{"href":"https:\/\/noticiasregionais.com.br\/index.php?rest_route=\/wp\/v2\/types\/post"}],"author":[{"embeddable":true,"href":"https:\/\/noticiasregionais.com.br\/index.php?rest_route=\/wp\/v2\/users\/1"}],"replies":[{"embeddable":true,"href":"https:\/\/noticiasregionais.com.br\/index.php?rest_route=%2Fwp%2Fv2%2Fcomments&post=5865"}],"version-history":[{"count":1,"href":"https:\/\/noticiasregionais.com.br\/index.php?rest_route=\/wp\/v2\/posts\/5865\/revisions"}],"predecessor-version":[{"id":5868,"href":"https:\/\/noticiasregionais.com.br\/index.php?rest_route=\/wp\/v2\/posts\/5865\/revisions\/5868"}],"wp:featuredmedia":[{"embeddable":true,"href":"https:\/\/noticiasregionais.com.br\/index.php?rest_route=\/wp\/v2\/media\/5867"}],"wp:attachment":[{"href":"https:\/\/noticiasregionais.com.br\/index.php?rest_route=%2Fwp%2Fv2%2Fmedia&parent=5865"}],"wp:term":[{"taxonomy":"category","embeddable":true,"href":"https:\/\/noticiasregionais.com.br\/index.php?rest_route=%2Fwp%2Fv2%2Fcategories&post=5865"},{"taxonomy":"post_tag","embeddable":true,"href":"https:\/\/noticiasregionais.com.br\/index.php?rest_route=%2Fwp%2Fv2%2Ftags&post=5865"}],"curies":[{"name":"wp","href":"https:\/\/api.w.org\/{rel}","templated":true}]}}