{"id":587,"date":"2023-09-27T10:24:49","date_gmt":"2023-09-27T13:24:49","guid":{"rendered":"https:\/\/noticiasregionais.com.br\/?p=587"},"modified":"2023-09-27T10:25:01","modified_gmt":"2023-09-27T13:25:01","slug":"policiais-militares-prendem-traficante-e-usuario-de-drogas-em-ribeirao-claro","status":"publish","type":"post","link":"https:\/\/noticiasregionais.com.br\/?p=587","title":{"rendered":"Policiais militares prendem traficante e usu\u00e1rio de drogas em Ribeir\u00e3o Claro"},"content":{"rendered":"\n<p>Em a\u00e7\u00f5es de combate ao narcotr\u00e1fico, policiais militares do 2\u00ba Batalh\u00e3o da Pol\u00edcia Militar (BPM) de Ribeir\u00e3o Claro prenderam um traficante e um usu\u00e1rio de drogas na noite de ter\u00e7a-feira (26).<\/p>\n\n\n\n<p>Os policiais se depararam com um indiv\u00edduo comprando drogas numa resid\u00eancia, cujo morador vinha sendo monitorado devido as suspeitas de seu envolvimento com o narcotr\u00e1fico. Com o usu\u00e1rio foram encontradas duas pedras de \u201ccrack\u201d.<\/p>\n\n\n\n<p>O traficante, de 26 anos, correu para dentro da casa, dispensando drogas para pelo caminho, que foram apreendidas na sequ\u00eancia. Ele adentrou ao banheiro e tentou se desfazer das drogas no vaso sanit\u00e1rio, todavia, ap\u00f3s as descargas, o vaso entupiu. Os policiais arrombaram a porta do banheiro e o indiv\u00edduo foi detido, bem como a droga foi apreendida.<\/p>\n\n\n\n<p>A equipe de Opera\u00e7\u00f5es com C\u00e3es do 2\u00ba BPM tamb\u00e9m foi ao local e utilizando os c\u00e3es de faro \u201cThor\u201d e \u201cDrack\u201d localizaram mais drogas no quarto do suspeito.<\/p>\n\n\n\n<p>Diante disso, o indiv\u00edduo e usu\u00e1rio foram presos e encaminhados para Delegacia de Pol\u00edcia de Ribeir\u00e3o Claro.<\/p>\n\n\n\n<p>No total, foram apreendidos:<\/p>\n\n\n\n<ul class=\"wp-block-list\">\n<li>26 por\u00e7\u00f5es de \u201ccrack\u201d;<\/li>\n\n\n\n<li>01 por\u00e7\u00e3o de coca\u00edna;<\/li>\n\n\n\n<li>Diversas por\u00e7\u00f5es maconha;<\/li>\n\n\n\n<li>R$ 289,00 reais;<\/li>\n\n\n\n<li>V\u00e1rios apetrechos utilizados para o tr\u00e1fico;<\/li>\n\n\n\n<li>04 celulares;<\/li>\n\n\n\n<li>Produtos suspeitos de servirem como moeda no tr\u00e1fico e\/ou proveniente de furtos: 01 televisor LG 32&#8243;, 01 m\u00f3dulo de som power one. 3 c\u00e2meras de seguran\u00e7a, 1 lixadeira, 1 parafusadeira e 2 cord\u00f5es de prata.<\/li>\n<\/ul>\n\n\n\n<p>A pris\u00e3o do traficante e do usu\u00e1rio \u00e9 um importante resultado do trabalho da Pol\u00edcia Militar no combate ao narcotr\u00e1fico. A a\u00e7\u00e3o demonstra o empenho dos policiais em combater a criminalidade e garantir a seguran\u00e7a da popula\u00e7\u00e3o.<\/p>\n<input type=\"hidden\" id=\"baseurl\" value=\"https:\/\/noticiasregionais.com.br\"><input type=\"hidden\" id=\"audio_nonce\" value=\"533fbb67b1\">","protected":false},"excerpt":{"rendered":"<p>Em a\u00e7\u00f5es de combate ao narcotr\u00e1fico, policiais militares do 2\u00ba Batalh\u00e3o da Pol\u00edcia Militar (BPM) de Ribeir\u00e3o Claro prenderam um&hellip;<\/p>\n","protected":false},"author":1,"featured_media":588,"comment_status":"closed","ping_status":"open","sticky":false,"template":"","format":"standard","meta":{"sfsi_plus_gutenberg_text_before_share":"","sfsi_plus_gutenberg_show_text_before_share":"","sfsi_plus_gutenberg_icon_type":"","sfsi_plus_gutenberg_icon_alignemt":"","sfsi_plus_gutenburg_max_per_row":"","footnotes":""},"categories":[7,10,1],"tags":[],"class_list":["post-587","post","type-post","status-publish","format-standard","has-post-thumbnail","hentry","category-parana","category-destaques","category-noticias"],"_links":{"self":[{"href":"https:\/\/noticiasregionais.com.br\/index.php?rest_route=\/wp\/v2\/posts\/587","targetHints":{"allow":["GET"]}}],"collection":[{"href":"https:\/\/noticiasregionais.com.br\/index.php?rest_route=\/wp\/v2\/posts"}],"about":[{"href":"https:\/\/noticiasregionais.com.br\/index.php?rest_route=\/wp\/v2\/types\/post"}],"author":[{"embeddable":true,"href":"https:\/\/noticiasregionais.com.br\/index.php?rest_route=\/wp\/v2\/users\/1"}],"replies":[{"embeddable":true,"href":"https:\/\/noticiasregionais.com.br\/index.php?rest_route=%2Fwp%2Fv2%2Fcomments&post=587"}],"version-history":[{"count":1,"href":"https:\/\/noticiasregionais.com.br\/index.php?rest_route=\/wp\/v2\/posts\/587\/revisions"}],"predecessor-version":[{"id":589,"href":"https:\/\/noticiasregionais.com.br\/index.php?rest_route=\/wp\/v2\/posts\/587\/revisions\/589"}],"wp:featuredmedia":[{"embeddable":true,"href":"https:\/\/noticiasregionais.com.br\/index.php?rest_route=\/wp\/v2\/media\/588"}],"wp:attachment":[{"href":"https:\/\/noticiasregionais.com.br\/index.php?rest_route=%2Fwp%2Fv2%2Fmedia&parent=587"}],"wp:term":[{"taxonomy":"category","embeddable":true,"href":"https:\/\/noticiasregionais.com.br\/index.php?rest_route=%2Fwp%2Fv2%2Fcategories&post=587"},{"taxonomy":"post_tag","embeddable":true,"href":"https:\/\/noticiasregionais.com.br\/index.php?rest_route=%2Fwp%2Fv2%2Ftags&post=587"}],"curies":[{"name":"wp","href":"https:\/\/api.w.org\/{rel}","templated":true}]}}