{"id":5870,"date":"2025-07-30T07:39:17","date_gmt":"2025-07-30T10:39:17","guid":{"rendered":"https:\/\/noticiasregionais.com.br\/?p=5870"},"modified":"2025-07-30T07:39:47","modified_gmt":"2025-07-30T10:39:47","slug":"projeto-de-lei-que-autoriza-subcontratacoes-atraves-de-organizacoes-sociais-gera-preocupacao-em-canitar","status":"publish","type":"post","link":"https:\/\/noticiasregionais.com.br\/?p=5870","title":{"rendered":"Projeto de Lei que autoriza subcontrata\u00e7\u00f5es atrav\u00e9s de Organiza\u00e7\u00f5es Sociais gera preocupa\u00e7\u00e3o em Canitar"},"content":{"rendered":"\n<h3 class=\"wp-block-heading has-text-align-center\"><em>Proposta do Executivo \u00e9 criticada por seguir modelo que j\u00e1 est\u00e1 sendo alvo de a\u00e7\u00f5es do Minist\u00e9rio P\u00fablico em cidades vizinhas, como Ourinhos<\/em><\/h3>\n\n\n\n<p>A tramita\u00e7\u00e3o do Projeto de Lei n\u00ba 28\/2025, enviado pela Prefeitura de Canitar \u00e0 C\u00e2mara Municipal, tem gerado forte repercuss\u00e3o pol\u00edtica e levantado questionamentos sobre os poss\u00edveis impactos da medida na gest\u00e3o p\u00fablica local. A proposta prev\u00ea a qualifica\u00e7\u00e3o de entidades privadas como Organiza\u00e7\u00f5es Sociais (OS) para atuarem em \u00e1reas como sa\u00fade, educa\u00e7\u00e3o, cultura, obras e assist\u00eancia social, por meio de contratos de gest\u00e3o com o poder p\u00fablico.<\/p>\n\n\n\n<p>De acordo com o texto, o objetivo \u00e9 promover a &#8220;moderniza\u00e7\u00e3o da administra\u00e7\u00e3o p\u00fablica&#8221; por meio da celebra\u00e7\u00e3o de parcerias com entidades do terceiro setor, com vistas \u00e0 amplia\u00e7\u00e3o da efici\u00eancia e da economicidade na execu\u00e7\u00e3o de pol\u00edticas p\u00fablicas. A proposta segue modelos adotados em outras cidades e estados brasileiros, que transferem a execu\u00e7\u00e3o de determinadas atividades estatais a institui\u00e7\u00f5es privadas sem fins lucrativos, com base em metas e resultados pactuados.<\/p>\n\n\n\n<p>Entretanto, o projeto vem sendo duramente criticado por parte da popula\u00e7\u00e3o e tamb\u00e9m pela oposi\u00e7\u00e3o. Um dos principais opositores da proposta, \u00e9 o presidente do Solidariedade em Canitar Jailton Ferreira que classifica o projeto como \u201cum ataque direto ao servi\u00e7o p\u00fablico\u201d e denuncia o que considera um processo de \u201cterceiriza\u00e7\u00e3o ampla e sem controle efetivo da m\u00e1quina p\u00fablica\u201d.<\/p>\n\n\n\n<p>A medida pode extinguir, na pr\u00e1tica, a exig\u00eancia de concursos p\u00fablicos, permitir a contrata\u00e7\u00e3o de pessoal sem crit\u00e9rios t\u00e9cnicos e abrir brechas para favorecimentos pol\u00edticos. \u201c\u00c9 o fim da estabilidade, o fim do concurso e a abertura de um canal direto para o apadrinhamento pol\u00edtico e a corrup\u00e7\u00e3o institucionalizada\u201d, afirma. Ele tamb\u00e9m aponta que o projeto autoriza a cess\u00e3o de bens p\u00fablicos \u00e0s entidades privadas e dispensa processos licitat\u00f3rios em determinadas situa\u00e7\u00f5es, o que, segundo ele, contraria princ\u00edpios constitucionais e legisla\u00e7\u00f5es federais.<\/p>\n\n\n\n<p>Outro ponto de preocupa\u00e7\u00e3o levantado por populares diz respeito \u00e0 fiscaliza\u00e7\u00e3o. De acordo com o projeto, a supervis\u00e3o dos contratos de gest\u00e3o ser\u00e1 feita por uma comiss\u00e3o indicada pelo pr\u00f3prio Executivo. Em tese, isso compromete a imparcialidade do controle e fragiliza os mecanismos de transpar\u00eancia.<\/p>\n\n\n\n<p>Em documento protocolado na C\u00e2mara Municipal, Jailton Ferreira pede que os vereadores rejeitem o texto e faz refer\u00eancia a a\u00e7\u00f5es do Minist\u00e9rio P\u00fablico em munic\u00edpios da regi\u00e3o, como Ourinhos, onde medidas semelhantes motivaram investiga\u00e7\u00f5es por parte da Justi\u00e7a.<\/p>\n\n\n\n<p>At\u00e9 o momento, a Prefeitura de Canitar n\u00e3o se manifestou oficialmente sobre as cr\u00edticas, mas vereadores da base governista t\u00eam defendido o projeto como uma alternativa vi\u00e1vel para melhorar os servi\u00e7os oferecidos \u00e0 popula\u00e7\u00e3o, especialmente diante das limita\u00e7\u00f5es or\u00e7ament\u00e1rias e da escassez de pessoal em \u00e1reas essenciais.<\/p>\n\n\n\n<p>O Projeto de Lei n\u00ba 28\/2025 ainda passar\u00e1 por an\u00e1lise nas comiss\u00f5es internas da C\u00e2mara antes de ser submetido \u00e0 vota\u00e7\u00e3o em plen\u00e1rio. A expectativa \u00e9 de que o tema continue gerando debates intensos entre governo, oposi\u00e7\u00e3o e a sociedade civil nas pr\u00f3ximas semanas.<\/p>\n<input type=\"hidden\" id=\"baseurl\" value=\"https:\/\/noticiasregionais.com.br\"><input type=\"hidden\" id=\"audio_nonce\" value=\"533fbb67b1\">","protected":false},"excerpt":{"rendered":"<p>Proposta do Executivo \u00e9 criticada por seguir modelo que j\u00e1 est\u00e1 sendo alvo de a\u00e7\u00f5es do Minist\u00e9rio P\u00fablico em cidades&hellip;<\/p>\n","protected":false},"author":1,"featured_media":5871,"comment_status":"closed","ping_status":"open","sticky":false,"template":"","format":"standard","meta":{"sfsi_plus_gutenberg_text_before_share":"","sfsi_plus_gutenberg_show_text_before_share":"","sfsi_plus_gutenberg_icon_type":"","sfsi_plus_gutenberg_icon_alignemt":"","sfsi_plus_gutenburg_max_per_row":"","footnotes":""},"categories":[10,1,6],"tags":[19],"class_list":["post-5870","post","type-post","status-publish","format-standard","has-post-thumbnail","hentry","category-destaques","category-noticias","category-sao_paulo","tag-canitar"],"_links":{"self":[{"href":"https:\/\/noticiasregionais.com.br\/index.php?rest_route=\/wp\/v2\/posts\/5870","targetHints":{"allow":["GET"]}}],"collection":[{"href":"https:\/\/noticiasregionais.com.br\/index.php?rest_route=\/wp\/v2\/posts"}],"about":[{"href":"https:\/\/noticiasregionais.com.br\/index.php?rest_route=\/wp\/v2\/types\/post"}],"author":[{"embeddable":true,"href":"https:\/\/noticiasregionais.com.br\/index.php?rest_route=\/wp\/v2\/users\/1"}],"replies":[{"embeddable":true,"href":"https:\/\/noticiasregionais.com.br\/index.php?rest_route=%2Fwp%2Fv2%2Fcomments&post=5870"}],"version-history":[{"count":1,"href":"https:\/\/noticiasregionais.com.br\/index.php?rest_route=\/wp\/v2\/posts\/5870\/revisions"}],"predecessor-version":[{"id":5872,"href":"https:\/\/noticiasregionais.com.br\/index.php?rest_route=\/wp\/v2\/posts\/5870\/revisions\/5872"}],"wp:featuredmedia":[{"embeddable":true,"href":"https:\/\/noticiasregionais.com.br\/index.php?rest_route=\/wp\/v2\/media\/5871"}],"wp:attachment":[{"href":"https:\/\/noticiasregionais.com.br\/index.php?rest_route=%2Fwp%2Fv2%2Fmedia&parent=5870"}],"wp:term":[{"taxonomy":"category","embeddable":true,"href":"https:\/\/noticiasregionais.com.br\/index.php?rest_route=%2Fwp%2Fv2%2Fcategories&post=5870"},{"taxonomy":"post_tag","embeddable":true,"href":"https:\/\/noticiasregionais.com.br\/index.php?rest_route=%2Fwp%2Fv2%2Ftags&post=5870"}],"curies":[{"name":"wp","href":"https:\/\/api.w.org\/{rel}","templated":true}]}}