{"id":5873,"date":"2025-07-30T07:51:28","date_gmt":"2025-07-30T10:51:28","guid":{"rendered":"https:\/\/noticiasregionais.com.br\/?p=5873"},"modified":"2025-07-30T08:14:35","modified_gmt":"2025-07-30T11:14:35","slug":"presidente-do-solidariedade-de-canitar-critica-projeto-de-lei-e-cobra-mais-transparencia-da-prefeitura","status":"publish","type":"post","link":"https:\/\/noticiasregionais.com.br\/?p=5873","title":{"rendered":"Presidente do Solidariedade de Canitar critica Projeto de Lei e cobra mais transpar\u00eancia da Prefeitura"},"content":{"rendered":"\n<h3 class=\"wp-block-heading has-text-align-center\"><em>Postagem nas redes sociais acusa o Executivo de tentar aprovar proposta pol\u00eamica sem ampla divulga\u00e7\u00e3o; Prefeitura ainda n\u00e3o se manifestou oficialmente sobre as acusa\u00e7\u00f5es<\/em><\/h3>\n\n\n<div class=\"wp-block-image\">\n<figure class=\"aligncenter size-full\"><a href=\"https:\/\/www.facebook.com\/SolidariedadeCanitar77\/videos\/621832750968971\" target=\"_blank\" rel=\"noopener\"><img decoding=\"async\" width=\"702\" height=\"641\" src=\"https:\/\/noticiasregionais.com.br\/wp-content\/uploads\/2025\/07\/Video.jpg\" alt=\"\" class=\"wp-image-5888\" srcset=\"https:\/\/noticiasregionais.com.br\/wp-content\/uploads\/2025\/07\/Video.jpg 702w, https:\/\/noticiasregionais.com.br\/wp-content\/uploads\/2025\/07\/Video-300x274.jpg 300w\" sizes=\"(max-width: 702px) 100vw, 702px\" \/><\/a><\/figure>\n<\/div>\n\n\n<p class=\"has-text-align-left\"><a href=\"https:\/\/www.facebook.com\/SolidariedadeCanitar77\/videos\/621832750968971\n\" target=\"_blank\" rel=\"noopener\"><br><\/a>O presidente do partido Solidariedade em Canitar utilizou as redes sociais nesta semana para criticar duramente o Projeto de Lei n\u00ba 28\/2025, de autoria do Poder Executivo. Em um v\u00eddeo divulgado com o t\u00edtulo \u201c\ud83d\udea8Quer a verdade? Assista!\ud83d\udea8\u201d, o dirigente partid\u00e1rio acusa a Prefeitura de tentar aprovar, de forma pouco transparente, uma medida que permitiria a transfer\u00eancia de fun\u00e7\u00f5es p\u00fablicas a entidades privadas sem licita\u00e7\u00e3o e com controle reduzido.<\/p>\n\n\n\n<p>Segundo a publica\u00e7\u00e3o, o projeto n\u00e3o teria sido previamente disponibilizado no portal da C\u00e2mara Municipal ou divulgado nos canais oficiais do Legislativo, o que teria impedido o conhecimento pr\u00e9vio e o debate com a popula\u00e7\u00e3o. O conte\u00fado alerta que a proposta, longe de se limitar \u00e0 administra\u00e7\u00e3o da Casa Abrigo \u2014 como teria sido inicialmente indicado por representantes do Executivo \u2014, \u00e9 &#8220;ampla, gen\u00e9rica e perigosa&#8221;.<\/p>\n\n\n\n<p>\u201cO projeto abre as portas para a privatiza\u00e7\u00e3o disfar\u00e7ada dos servi\u00e7os p\u00fablicos, como sa\u00fade, educa\u00e7\u00e3o, assist\u00eancia social e outros\u201d, afirma o presidente do partido. Para ele, o PL cria uma \u201cm\u00e1quina paralela de gest\u00e3o\u201d, fora do alcance da fiscaliza\u00e7\u00e3o da C\u00e2mara e da sociedade.<\/p>\n\n\n\n<p>A postagem ainda cobra respeito ao resultado das elei\u00e7\u00f5es e pontua que a popula\u00e7\u00e3o quer &#8220;di\u00e1logo e transpar\u00eancia&#8221;, e n\u00e3o decis\u00f5es unilaterais que afetem diretamente os direitos da coletividade. \u201cNingu\u00e9m aqui est\u00e1 pedindo voto \u2014 estamos pedindo debate p\u00fablico e responsabilidade com o que \u00e9 de todos\u201d, diz o v\u00eddeo, que termina com a frase: \u201cCanitar \u00e9 do povo. O servi\u00e7o p\u00fablico \u00e9 nosso direito \u2014 n\u00e3o est\u00e1 \u00e0 venda!\u201d.<\/p>\n\n\n\n<p>O Projeto de Lei n\u00ba 28\/2025 prev\u00ea a qualifica\u00e7\u00e3o de Organiza\u00e7\u00f5es Sociais (OS) para a execu\u00e7\u00e3o de servi\u00e7os p\u00fablicos mediante contrato de gest\u00e3o com a Prefeitura. Cr\u00edticos da proposta apontam risco de terceiriza\u00e7\u00e3o generalizada e comprometimento de princ\u00edpios constitucionais como moralidade, legalidade e impessoalidade. J\u00e1 apoiadores argumentam que a medida busca modernizar a administra\u00e7\u00e3o e melhorar a efici\u00eancia da presta\u00e7\u00e3o dos servi\u00e7os p\u00fablicos.<\/p>\n\n\n\n<p>A Prefeitura de Canitar e a C\u00e2mara Municipal ainda n\u00e3o se pronunciaram oficialmente sobre as alega\u00e7\u00f5es de aus\u00eancia de transpar\u00eancia na divulga\u00e7\u00e3o do projeto. A expectativa \u00e9 de que o tema seja debatido nas pr\u00f3ximas sess\u00f5es legislativas, com participa\u00e7\u00e3o de representantes de diferentes setores da sociedade.<\/p>\n\n\n\n<div data-wp-interactive=\"core\/file\" class=\"wp-block-file\"><object data-wp-bind--hidden=\"!state.hasPdfPreview\" hidden class=\"wp-block-file__embed\" data=\"https:\/\/noticiasregionais.com.br\/wp-content\/uploads\/2025\/07\/Projeto-de-Lei-Municipal-no-28-2025.pdf\" type=\"application\/pdf\" style=\"width:100%;height:600px\" aria-label=\"Incorporado de Projeto de Lei Municipal n\u00ba 28-2025.\"><\/object><a id=\"wp-block-file--media-9c219b53-a66b-41d1-b9a6-5fbe79830625\" href=\"https:\/\/noticiasregionais.com.br\/wp-content\/uploads\/2025\/07\/Projeto-de-Lei-Municipal-no-28-2025.pdf\">Projeto de Lei Municipal n\u00ba 28-2025<\/a><a href=\"https:\/\/noticiasregionais.com.br\/wp-content\/uploads\/2025\/07\/Projeto-de-Lei-Municipal-no-28-2025.pdf\" class=\"wp-block-file__button wp-element-button\" aria-describedby=\"wp-block-file--media-9c219b53-a66b-41d1-b9a6-5fbe79830625\" download>Baixar<\/a><\/div>\n<input type=\"hidden\" id=\"baseurl\" value=\"https:\/\/noticiasregionais.com.br\"><input type=\"hidden\" id=\"audio_nonce\" value=\"533fbb67b1\">","protected":false},"excerpt":{"rendered":"<p>Postagem nas redes sociais acusa o Executivo de tentar aprovar proposta pol\u00eamica sem ampla divulga\u00e7\u00e3o; Prefeitura ainda n\u00e3o se manifestou&hellip;<\/p>\n","protected":false},"author":1,"featured_media":5875,"comment_status":"closed","ping_status":"open","sticky":false,"template":"","format":"standard","meta":{"sfsi_plus_gutenberg_text_before_share":"","sfsi_plus_gutenberg_show_text_before_share":"","sfsi_plus_gutenberg_icon_type":"","sfsi_plus_gutenberg_icon_alignemt":"","sfsi_plus_gutenburg_max_per_row":"","footnotes":""},"categories":[12,1,6],"tags":[19],"class_list":["post-5873","post","type-post","status-publish","format-standard","has-post-thumbnail","hentry","category-capa","category-noticias","category-sao_paulo","tag-canitar"],"_links":{"self":[{"href":"https:\/\/noticiasregionais.com.br\/index.php?rest_route=\/wp\/v2\/posts\/5873","targetHints":{"allow":["GET"]}}],"collection":[{"href":"https:\/\/noticiasregionais.com.br\/index.php?rest_route=\/wp\/v2\/posts"}],"about":[{"href":"https:\/\/noticiasregionais.com.br\/index.php?rest_route=\/wp\/v2\/types\/post"}],"author":[{"embeddable":true,"href":"https:\/\/noticiasregionais.com.br\/index.php?rest_route=\/wp\/v2\/users\/1"}],"replies":[{"embeddable":true,"href":"https:\/\/noticiasregionais.com.br\/index.php?rest_route=%2Fwp%2Fv2%2Fcomments&post=5873"}],"version-history":[{"count":3,"href":"https:\/\/noticiasregionais.com.br\/index.php?rest_route=\/wp\/v2\/posts\/5873\/revisions"}],"predecessor-version":[{"id":5890,"href":"https:\/\/noticiasregionais.com.br\/index.php?rest_route=\/wp\/v2\/posts\/5873\/revisions\/5890"}],"wp:featuredmedia":[{"embeddable":true,"href":"https:\/\/noticiasregionais.com.br\/index.php?rest_route=\/wp\/v2\/media\/5875"}],"wp:attachment":[{"href":"https:\/\/noticiasregionais.com.br\/index.php?rest_route=%2Fwp%2Fv2%2Fmedia&parent=5873"}],"wp:term":[{"taxonomy":"category","embeddable":true,"href":"https:\/\/noticiasregionais.com.br\/index.php?rest_route=%2Fwp%2Fv2%2Fcategories&post=5873"},{"taxonomy":"post_tag","embeddable":true,"href":"https:\/\/noticiasregionais.com.br\/index.php?rest_route=%2Fwp%2Fv2%2Ftags&post=5873"}],"curies":[{"name":"wp","href":"https:\/\/api.w.org\/{rel}","templated":true}]}}