{"id":5877,"date":"2025-07-30T08:02:23","date_gmt":"2025-07-30T11:02:23","guid":{"rendered":"https:\/\/noticiasregionais.com.br\/?p=5877"},"modified":"2025-07-30T08:02:36","modified_gmt":"2025-07-30T11:02:36","slug":"gastos-publicos-ultrapassam-r-3-trilhoes-em-2025-e-escancaram-desequilibrio-fiscal-no-brasil","status":"publish","type":"post","link":"https:\/\/noticiasregionais.com.br\/?p=5877","title":{"rendered":"Gastos p\u00fablicos ultrapassam R$ 3 trilh\u00f5es em 2025 e escancaram desequil\u00edbrio fiscal no Brasil"},"content":{"rendered":"\n<p><em>&#8220;O que mais revolta \u00e9 pagar tanto imposto e n\u00e3o ver retorno algum&#8221;, desabafa Rodrigo Marrara, servidor p\u00fablico de Bras\u00edlia, 54 anos. &#8220;Voc\u00ea paga Imposto de Renda, INSS e, mesmo assim, precisa bancar escola para os filhos, plano de sa\u00fade, previd\u00eancia privada, transporte\u2026 O Estado simplesmente n\u00e3o entrega.&#8221;<\/em><\/p>\n\n\n\n<p>O sentimento de Marrara \u00e9 comum entre milh\u00f5es de brasileiros \u2014 e agora ganha respaldo em n\u00fameros concretos. Os gastos p\u00fablicos prim\u00e1rios dos governos federal, estaduais, distrital e municipais j\u00e1 superaram a marca de <strong>R$ 3 trilh\u00f5es em 2025<\/strong>, de acordo com o painel <em>Gasto Brasil<\/em>, da Associa\u00e7\u00e3o Comercial de S\u00e3o Paulo (ACSP). A cifra foi atingida nesta semana e acende um alerta sobre o rombo crescente nas contas p\u00fablicas.<\/p>\n\n\n\n<p>Instalado em locais de grande circula\u00e7\u00e3o, como o centro de S\u00e3o Paulo e de Salvador, e dispon\u00edvel tamb\u00e9m pela internet, o <em>Gasto Brasil<\/em> contabiliza em tempo real os gastos p\u00fablicos no pa\u00eds. A ferramenta tem o objetivo de promover a transpar\u00eancia e estimular o debate sobre a efici\u00eancia do Estado. Mas os dados apontam para um cen\u00e1rio preocupante: a arrecada\u00e7\u00e3o est\u00e1 em <strong>R$ 2,3 trilh\u00f5es<\/strong>, o que configura um <strong>d\u00e9ficit de R$ 700 bilh\u00f5es<\/strong> no ano.<\/p>\n\n\n\n<p>Para o presidente da Confedera\u00e7\u00e3o das Associa\u00e7\u00f5es Comerciais e Empresariais do Brasil (CACB), <strong>Alfredo Cotait<\/strong>, o painel \u00e9 uma forma de cidadania econ\u00f4mica.<br><em>&#8220;Criamos o Impost\u00f4metro h\u00e1 20 anos para mostrar quanto se paga de impostos. Agora, com o Gasto Brasil, mostramos para onde vai esse dinheiro. O problema \u00e9 que o gasto p\u00fablico continua crescendo e a arrecada\u00e7\u00e3o n\u00e3o acompanha. Essa conta fecha com aumento de imposto, juros altos e fuga de investimentos.&#8221;<\/em><\/p>\n\n\n\n<p>Segundo Cotait, a m\u00e1 gest\u00e3o dos recursos est\u00e1 no centro do problema.<br><em>&#8220;Como o governo n\u00e3o quer cortar gastos, tenta arrecadar mais \u2014 s\u00f3 que ningu\u00e9m aguenta mais impostos. O ambiente de neg\u00f3cios est\u00e1 sendo sufocado.&#8221;<\/em><\/p>\n\n\n\n<p>O economista <strong>Cesar Lima<\/strong>, especialista em or\u00e7amento p\u00fablico, concorda com o diagn\u00f3stico. Para ele, o <em>Gasto Brasil<\/em> ajuda a popula\u00e7\u00e3o a enxergar o tamanho e o custo do Estado.<br><em>&#8220;Mais de dois ter\u00e7os dos gastos v\u00e3o para a Previd\u00eancia. Talvez uma nova reforma seja inevit\u00e1vel.&#8221;<\/em> Ele tamb\u00e9m critica a baixa qualidade dos servi\u00e7os p\u00fablicos: <em>&#8220;Gasta-se muito e mal. Sa\u00fade, educa\u00e7\u00e3o, transporte, infraestrutura \u2014 tudo prec\u00e1rio. Isso mina a confian\u00e7a da sociedade no sistema fiscal.&#8221;<\/em><\/p>\n\n\n\n<p>Mesmo com o novo regime fiscal aprovado em 2023, as proje\u00e7\u00f5es da <strong>Institui\u00e7\u00e3o Fiscal Independente (IFI)<\/strong> indicam que o governo federal deve fechar 2025 com um d\u00e9ficit prim\u00e1rio acima de <strong>R$ 80 bilh\u00f5es<\/strong>, e o cen\u00e1rio para 2026 tamb\u00e9m \u00e9 negativo, com expectativa de novo rombo em torno de <strong>R$ 79 bilh\u00f5es<\/strong>.<\/p>\n\n\n\n<p>A aposta do governo agora \u00e9 a <strong>reforma administrativa<\/strong>, relatada pelo deputado <strong>Pedro Paulo (PSD-RJ)<\/strong>, que deve come\u00e7ar a tramitar no Congresso no segundo semestre. A proposta prev\u00ea medidas como digitaliza\u00e7\u00e3o de processos, avalia\u00e7\u00e3o de desempenho e unifica\u00e7\u00e3o de carreiras p\u00fablicas.<\/p>\n\n\n\n<p>Para Cotait, \u00e9 hora de coragem pol\u00edtica:<br><em>&#8220;A sociedade precisa exigir que as reformas avancem, mesmo com press\u00f5es corporativas. Se quisermos um pa\u00eds mais competitivo, precisamos de um Estado mais enxuto e eficiente.&#8221;<\/em><\/p>\n\n\n\n<p>Enquanto isso, o <em>Gasto Brasil<\/em> segue girando em tempo real \u2014 um lembrete permanente de que a conta n\u00e3o fecha, e que a fatura, mais uma vez, vai parar no bolso do contribuinte.<\/p>\n\n\n\n<hr class=\"wp-block-separator has-alpha-channel-opacity\"\/>\n\n\n\n<p><strong>O que \u00e9 o Gasto Brasil?<\/strong><br>Inspirado no <em>Impost\u00f4metro<\/em>, o <em>Gasto Brasil<\/em> \u00e9 uma plataforma desenvolvida pela ACSP em parceria com a CACB. A ferramenta mostra em tempo real quanto os governos est\u00e3o gastando \u2014 federal, estaduais e municipais \u2014 e busca ampliar a transpar\u00eancia sobre o uso do dinheiro p\u00fablico. Pode ser acessado pelo site: <a class=\"\" href=\"https:\/\/www.gastobrasil.com.br\" target=\"_blank\" rel=\"noopener\">www.gastobrasil.com.br<\/a>.<\/p>\n<input type=\"hidden\" id=\"baseurl\" value=\"https:\/\/noticiasregionais.com.br\"><input type=\"hidden\" id=\"audio_nonce\" value=\"533fbb67b1\">","protected":false},"excerpt":{"rendered":"<p>&#8220;O que mais revolta \u00e9 pagar tanto imposto e n\u00e3o ver retorno algum&#8221;, desabafa Rodrigo Marrara, servidor p\u00fablico de Bras\u00edlia,&hellip;<\/p>\n","protected":false},"author":1,"featured_media":5878,"comment_status":"closed","ping_status":"open","sticky":false,"template":"","format":"standard","meta":{"sfsi_plus_gutenberg_text_before_share":"","sfsi_plus_gutenberg_show_text_before_share":"","sfsi_plus_gutenberg_icon_type":"","sfsi_plus_gutenberg_icon_alignemt":"","sfsi_plus_gutenburg_max_per_row":"","footnotes":""},"categories":[8,10,1],"tags":[],"class_list":["post-5877","post","type-post","status-publish","format-standard","has-post-thumbnail","hentry","category-brasil","category-destaques","category-noticias"],"_links":{"self":[{"href":"https:\/\/noticiasregionais.com.br\/index.php?rest_route=\/wp\/v2\/posts\/5877","targetHints":{"allow":["GET"]}}],"collection":[{"href":"https:\/\/noticiasregionais.com.br\/index.php?rest_route=\/wp\/v2\/posts"}],"about":[{"href":"https:\/\/noticiasregionais.com.br\/index.php?rest_route=\/wp\/v2\/types\/post"}],"author":[{"embeddable":true,"href":"https:\/\/noticiasregionais.com.br\/index.php?rest_route=\/wp\/v2\/users\/1"}],"replies":[{"embeddable":true,"href":"https:\/\/noticiasregionais.com.br\/index.php?rest_route=%2Fwp%2Fv2%2Fcomments&post=5877"}],"version-history":[{"count":1,"href":"https:\/\/noticiasregionais.com.br\/index.php?rest_route=\/wp\/v2\/posts\/5877\/revisions"}],"predecessor-version":[{"id":5879,"href":"https:\/\/noticiasregionais.com.br\/index.php?rest_route=\/wp\/v2\/posts\/5877\/revisions\/5879"}],"wp:featuredmedia":[{"embeddable":true,"href":"https:\/\/noticiasregionais.com.br\/index.php?rest_route=\/wp\/v2\/media\/5878"}],"wp:attachment":[{"href":"https:\/\/noticiasregionais.com.br\/index.php?rest_route=%2Fwp%2Fv2%2Fmedia&parent=5877"}],"wp:term":[{"taxonomy":"category","embeddable":true,"href":"https:\/\/noticiasregionais.com.br\/index.php?rest_route=%2Fwp%2Fv2%2Fcategories&post=5877"},{"taxonomy":"post_tag","embeddable":true,"href":"https:\/\/noticiasregionais.com.br\/index.php?rest_route=%2Fwp%2Fv2%2Ftags&post=5877"}],"curies":[{"name":"wp","href":"https:\/\/api.w.org\/{rel}","templated":true}]}}