{"id":5883,"date":"2025-07-30T08:06:44","date_gmt":"2025-07-30T11:06:44","guid":{"rendered":"https:\/\/noticiasregionais.com.br\/?p=5883"},"modified":"2025-07-30T08:06:48","modified_gmt":"2025-07-30T11:06:48","slug":"ourinhos-intensifica-revitalizacao-de-pontos-turisticos-para-valorizar-patrimonio-e-atrair-visitantes","status":"publish","type":"post","link":"https:\/\/noticiasregionais.com.br\/?p=5883","title":{"rendered":"Ourinhos intensifica revitaliza\u00e7\u00e3o de pontos tur\u00edsticos para valorizar patrim\u00f4nio e atrair visitantes"},"content":{"rendered":"\n<p>Com o objetivo de tornar a cidade ainda mais acolhedora para moradores e turistas, a Prefeitura de Ourinhos, por meio da Secretaria de Desenvolvimento Econ\u00f4mico, Trabalho e Turismo, tem promovido uma s\u00e9rie de interven\u00e7\u00f5es em locais de relev\u00e2ncia cultural e hist\u00f3rica. O destaque mais recente foi a revitaliza\u00e7\u00e3o do Centro de Conviv\u00eancia \u201cJornalista Benedicto da Silva Eloy\u201d.<\/p>\n\n\n\n<p>A a\u00e7\u00e3o contou com o apoio da Secretaria de Meio Ambiente e Agricultura, que colaborou na limpeza completa da Rua Henrique Tocalino, situada nas imedia\u00e7\u00f5es das tradicionais casinhas que integram o centro. O local, um dos s\u00edmbolos do turismo local, recebeu aten\u00e7\u00e3o especial com foco em conserva\u00e7\u00e3o e embelezamento.<\/p>\n\n\n\n<p>Al\u00e9m da lavagem das vias, as equipes executaram a pintura dos postes de ilumina\u00e7\u00e3o e realizaram a manuten\u00e7\u00e3o el\u00e9trica, incluindo a limpeza dos globos, o que proporcionar\u00e1 mais seguran\u00e7a e charme ao ambiente. Um dos elementos de destaque do centro, o eixo ferrovi\u00e1rio \u2013 s\u00edmbolo da import\u00e2ncia da ferrovia para a cidade \u2013 tamb\u00e9m foi restaurado com nova pintura, reafirmando seu valor hist\u00f3rico.<\/p>\n\n\n\n<p>A zeladoria tamb\u00e9m contemplou a poda de \u00e1rvores e cuidados com a vegeta\u00e7\u00e3o local, a\u00e7\u00f5es essenciais tanto para a seguran\u00e7a quanto para a preserva\u00e7\u00e3o ambiental, sob orienta\u00e7\u00e3o t\u00e9cnica da equipe de Meio Ambiente.<\/p>\n\n\n\n<p>Atualmente, as aten\u00e7\u00f5es est\u00e3o voltadas \u00e0 pintura da sala que abriga a maquete da ferrovia, atra\u00e7\u00e3o que chama a aten\u00e7\u00e3o de entusiastas da hist\u00f3ria local e do ferromodelismo.<\/p>\n\n\n\n<p>Essas iniciativas fazem parte de uma pol\u00edtica permanente de valoriza\u00e7\u00e3o dos espa\u00e7os p\u00fablicos e refor\u00e7o ao turismo em Ourinhos, fortalecendo a identidade cultural e promovendo o desenvolvimento sustent\u00e1vel por meio da preserva\u00e7\u00e3o do patrim\u00f4nio.<\/p>\n<input type=\"hidden\" id=\"baseurl\" value=\"https:\/\/noticiasregionais.com.br\"><input type=\"hidden\" id=\"audio_nonce\" value=\"533fbb67b1\">","protected":false},"excerpt":{"rendered":"<p>Com o objetivo de tornar a cidade ainda mais acolhedora para moradores e turistas, a Prefeitura de Ourinhos, por meio&hellip;<\/p>\n","protected":false},"author":1,"featured_media":5884,"comment_status":"closed","ping_status":"open","sticky":false,"template":"","format":"standard","meta":{"sfsi_plus_gutenberg_text_before_share":"","sfsi_plus_gutenberg_show_text_before_share":"","sfsi_plus_gutenberg_icon_type":"","sfsi_plus_gutenberg_icon_alignemt":"","sfsi_plus_gutenburg_max_per_row":"","footnotes":""},"categories":[10,1,5],"tags":[16],"class_list":["post-5883","post","type-post","status-publish","format-standard","has-post-thumbnail","hentry","category-destaques","category-noticias","category-ourinhos","tag-ourinhos"],"_links":{"self":[{"href":"https:\/\/noticiasregionais.com.br\/index.php?rest_route=\/wp\/v2\/posts\/5883","targetHints":{"allow":["GET"]}}],"collection":[{"href":"https:\/\/noticiasregionais.com.br\/index.php?rest_route=\/wp\/v2\/posts"}],"about":[{"href":"https:\/\/noticiasregionais.com.br\/index.php?rest_route=\/wp\/v2\/types\/post"}],"author":[{"embeddable":true,"href":"https:\/\/noticiasregionais.com.br\/index.php?rest_route=\/wp\/v2\/users\/1"}],"replies":[{"embeddable":true,"href":"https:\/\/noticiasregionais.com.br\/index.php?rest_route=%2Fwp%2Fv2%2Fcomments&post=5883"}],"version-history":[{"count":1,"href":"https:\/\/noticiasregionais.com.br\/index.php?rest_route=\/wp\/v2\/posts\/5883\/revisions"}],"predecessor-version":[{"id":5885,"href":"https:\/\/noticiasregionais.com.br\/index.php?rest_route=\/wp\/v2\/posts\/5883\/revisions\/5885"}],"wp:featuredmedia":[{"embeddable":true,"href":"https:\/\/noticiasregionais.com.br\/index.php?rest_route=\/wp\/v2\/media\/5884"}],"wp:attachment":[{"href":"https:\/\/noticiasregionais.com.br\/index.php?rest_route=%2Fwp%2Fv2%2Fmedia&parent=5883"}],"wp:term":[{"taxonomy":"category","embeddable":true,"href":"https:\/\/noticiasregionais.com.br\/index.php?rest_route=%2Fwp%2Fv2%2Fcategories&post=5883"},{"taxonomy":"post_tag","embeddable":true,"href":"https:\/\/noticiasregionais.com.br\/index.php?rest_route=%2Fwp%2Fv2%2Ftags&post=5883"}],"curies":[{"name":"wp","href":"https:\/\/api.w.org\/{rel}","templated":true}]}}