{"id":5893,"date":"2025-08-05T19:56:02","date_gmt":"2025-08-05T22:56:02","guid":{"rendered":"https:\/\/noticiasregionais.com.br\/?p=5893"},"modified":"2025-08-05T19:56:14","modified_gmt":"2025-08-05T22:56:14","slug":"secretaria-da-mulher-abre-inscricoes-para-cursos-gratuitos-de-capacitacao-em-setembro","status":"publish","type":"post","link":"https:\/\/noticiasregionais.com.br\/?p=5893","title":{"rendered":"Secretaria da Mulher abre inscri\u00e7\u00f5es para cursos gratuitos de capacita\u00e7\u00e3o em setembro"},"content":{"rendered":"\n<p>A Prefeitura de Ourinhos, por meio da Secretaria da Mulher e da Fam\u00edlia, est\u00e1 com inscri\u00e7\u00f5es abertas para dois cursos profissionalizantes gratuitos que ser\u00e3o realizados no m\u00eas de setembro: <strong>Forma\u00e7\u00e3o de Bab\u00e1s e Ber\u00e7aristas<\/strong> e <strong>Forma\u00e7\u00e3o de Cuidadores de Idosos<\/strong>.<\/p>\n\n\n\n<p>A capacita\u00e7\u00e3o para bab\u00e1s e ber\u00e7aristas acontecer\u00e1 de <strong>1\u00ba a 4 de setembro<\/strong>, enquanto o curso voltado \u00e0 forma\u00e7\u00e3o de cuidadores de idosos ser\u00e1 realizado entre os dias <strong>8 e 11 de setembro<\/strong>. As aulas ser\u00e3o presenciais, sempre no per\u00edodo <strong>noturno, das 20h \u00e0s 22h<\/strong>, na pr\u00f3pria sede da secretaria.<\/p>\n\n\n\n<p>Podem participar pessoas <strong>com idade m\u00ednima de 18 anos<\/strong>, que tenham disponibilidade para frequentar as aulas no hor\u00e1rio proposto. Cada curso oferece <strong>20 vagas<\/strong>, com a possibilidade de forma\u00e7\u00e3o de lista de espera em caso de desist\u00eancia.<\/p>\n\n\n\n<p>Os interessados podem se inscrever ou buscar mais informa\u00e7\u00f5es entrando em contato pelo <strong>WhatsApp (14) 99682-3281<\/strong>, ou pessoalmente na Secretaria da Mulher e da Fam\u00edlia, localizada na <strong>Avenida Ant\u00f4nio de Almeida Leite, 649 \u2013 Jardim Paulista<\/strong>, de segunda a sexta-feira, das <strong>7h \u00e0s 17h<\/strong>.<\/p>\n\n\n\n<p>As inscri\u00e7\u00f5es permanecem abertas <strong>at\u00e9 a v\u00e9spera do in\u00edcio de cada curso<\/strong>, mas \u00e9 importante garantir a vaga com anteced\u00eancia devido ao n\u00famero limitado de participantes.<\/p>\n<input type=\"hidden\" id=\"baseurl\" value=\"https:\/\/noticiasregionais.com.br\"><input type=\"hidden\" id=\"audio_nonce\" value=\"533fbb67b1\">","protected":false},"excerpt":{"rendered":"<p>A Prefeitura de Ourinhos, por meio da Secretaria da Mulher e da Fam\u00edlia, est\u00e1 com inscri\u00e7\u00f5es abertas para dois cursos&hellip;<\/p>\n","protected":false},"author":1,"featured_media":5894,"comment_status":"closed","ping_status":"open","sticky":false,"template":"","format":"standard","meta":{"sfsi_plus_gutenberg_text_before_share":"","sfsi_plus_gutenberg_show_text_before_share":"","sfsi_plus_gutenberg_icon_type":"","sfsi_plus_gutenberg_icon_alignemt":"","sfsi_plus_gutenburg_max_per_row":"","footnotes":""},"categories":[10,1,5],"tags":[16],"class_list":["post-5893","post","type-post","status-publish","format-standard","has-post-thumbnail","hentry","category-destaques","category-noticias","category-ourinhos","tag-ourinhos"],"_links":{"self":[{"href":"https:\/\/noticiasregionais.com.br\/index.php?rest_route=\/wp\/v2\/posts\/5893","targetHints":{"allow":["GET"]}}],"collection":[{"href":"https:\/\/noticiasregionais.com.br\/index.php?rest_route=\/wp\/v2\/posts"}],"about":[{"href":"https:\/\/noticiasregionais.com.br\/index.php?rest_route=\/wp\/v2\/types\/post"}],"author":[{"embeddable":true,"href":"https:\/\/noticiasregionais.com.br\/index.php?rest_route=\/wp\/v2\/users\/1"}],"replies":[{"embeddable":true,"href":"https:\/\/noticiasregionais.com.br\/index.php?rest_route=%2Fwp%2Fv2%2Fcomments&post=5893"}],"version-history":[{"count":1,"href":"https:\/\/noticiasregionais.com.br\/index.php?rest_route=\/wp\/v2\/posts\/5893\/revisions"}],"predecessor-version":[{"id":5895,"href":"https:\/\/noticiasregionais.com.br\/index.php?rest_route=\/wp\/v2\/posts\/5893\/revisions\/5895"}],"wp:featuredmedia":[{"embeddable":true,"href":"https:\/\/noticiasregionais.com.br\/index.php?rest_route=\/wp\/v2\/media\/5894"}],"wp:attachment":[{"href":"https:\/\/noticiasregionais.com.br\/index.php?rest_route=%2Fwp%2Fv2%2Fmedia&parent=5893"}],"wp:term":[{"taxonomy":"category","embeddable":true,"href":"https:\/\/noticiasregionais.com.br\/index.php?rest_route=%2Fwp%2Fv2%2Fcategories&post=5893"},{"taxonomy":"post_tag","embeddable":true,"href":"https:\/\/noticiasregionais.com.br\/index.php?rest_route=%2Fwp%2Fv2%2Ftags&post=5893"}],"curies":[{"name":"wp","href":"https:\/\/api.w.org\/{rel}","templated":true}]}}