{"id":5896,"date":"2025-08-05T20:01:28","date_gmt":"2025-08-05T23:01:28","guid":{"rendered":"https:\/\/noticiasregionais.com.br\/?p=5896"},"modified":"2025-08-05T20:01:40","modified_gmt":"2025-08-05T23:01:40","slug":"casa-da-mulher-promove-ciclo-de-palestras-no-agosto-lilas-com-foco-no-combate-a-violencia","status":"publish","type":"post","link":"https:\/\/noticiasregionais.com.br\/?p=5896","title":{"rendered":"Casa da Mulher promove ciclo de palestras no Agosto Lil\u00e1s com foco no combate \u00e0 viol\u00eancia"},"content":{"rendered":"\n<p>Em alus\u00e3o ao <strong>Agosto Lil\u00e1s<\/strong>, m\u00eas dedicado \u00e0 conscientiza\u00e7\u00e3o e enfrentamento da viol\u00eancia contra a mulher, a <strong>Casa da Mulher Paulista<\/strong>, com apoio da Prefeitura de Ourinhos, realizar\u00e1 uma s\u00e9rie de palestras abertas ao p\u00fablico entre os dias <strong>11 e 14 de agosto<\/strong>, sempre a partir das <strong>14h<\/strong>.<\/p>\n\n\n\n<p>Durante os quatro dias, especialistas de diferentes \u00e1reas v\u00e3o abordar temas essenciais para a promo\u00e7\u00e3o dos direitos femininos e a preven\u00e7\u00e3o da viol\u00eancia de g\u00eanero. A programa\u00e7\u00e3o inclui:<\/p>\n\n\n\n<ul class=\"wp-block-list\">\n<li><strong>11\/08<\/strong> \u2013 <em>\u201cViol\u00eancia contra a Mulher: O problema tamb\u00e9m \u00e9 nosso\u201d<\/em>, com <strong>Fernanda Corazza<\/strong>, Procuradora Especial da Mulher na C\u00e2mara de Ourinhos.<\/li>\n\n\n\n<li><strong>12\/08<\/strong> \u2013 <em>\u201cA hist\u00f3ria dos direitos das mulheres e a Lei Maria da Penha\u201d<\/em>, com a <strong>defensora p\u00fablica Fernanda Hueso<\/strong>.<\/li>\n\n\n\n<li><strong>13\/08<\/strong> \u2013 <em>\u201cA import\u00e2ncia do empoderamento feminino\u201d<\/em>, com <strong>Isadora Saliba<\/strong>, advogada especializada em Direito das Mulheres e mestre em Ci\u00eancia Jur\u00eddica.<\/li>\n\n\n\n<li><strong>14\/08<\/strong> \u2013 <em>\u201cViol\u00eancia na gesta\u00e7\u00e3o\u201d<\/em>, com <strong>Simone Cecheiro<\/strong>, doula, t\u00e9cnica de enfermagem e educadora perinatal.<\/li>\n<\/ul>\n\n\n\n<p>A participa\u00e7\u00e3o \u00e9 gratuita e <strong>n\u00e3o \u00e9 necess\u00e1rio realizar inscri\u00e7\u00e3o pr\u00e9via<\/strong>. O evento \u00e9 uma oportunidade para mulheres e toda a comunidade se informarem, refletirem e dialogarem sobre quest\u00f5es urgentes envolvendo os direitos e a prote\u00e7\u00e3o da mulher.<\/p>\n\n\n\n<p>A <strong>Casa da Mulher Paulista<\/strong> fica na <strong>Avenida Get\u00falio Vargas, n\u00ba 1480 \u2013 Jardim S\u00e3o Silvestre<\/strong>, a cerca de 600 metros do F\u00f3rum da cidade.<\/p>\n\n\n\n<p><strong>Traga suas amigas, familiares e participe desse momento de conscientiza\u00e7\u00e3o e fortalecimento feminino!<\/strong><\/p>\n<input type=\"hidden\" id=\"baseurl\" value=\"https:\/\/noticiasregionais.com.br\"><input type=\"hidden\" id=\"audio_nonce\" value=\"533fbb67b1\">","protected":false},"excerpt":{"rendered":"<p>Em alus\u00e3o ao Agosto Lil\u00e1s, m\u00eas dedicado \u00e0 conscientiza\u00e7\u00e3o e enfrentamento da viol\u00eancia contra a mulher, a Casa da Mulher&hellip;<\/p>\n","protected":false},"author":1,"featured_media":5897,"comment_status":"closed","ping_status":"open","sticky":false,"template":"","format":"standard","meta":{"sfsi_plus_gutenberg_text_before_share":"","sfsi_plus_gutenberg_show_text_before_share":"","sfsi_plus_gutenberg_icon_type":"","sfsi_plus_gutenberg_icon_alignemt":"","sfsi_plus_gutenburg_max_per_row":"","footnotes":""},"categories":[10,1,5],"tags":[16],"class_list":["post-5896","post","type-post","status-publish","format-standard","has-post-thumbnail","hentry","category-destaques","category-noticias","category-ourinhos","tag-ourinhos"],"_links":{"self":[{"href":"https:\/\/noticiasregionais.com.br\/index.php?rest_route=\/wp\/v2\/posts\/5896","targetHints":{"allow":["GET"]}}],"collection":[{"href":"https:\/\/noticiasregionais.com.br\/index.php?rest_route=\/wp\/v2\/posts"}],"about":[{"href":"https:\/\/noticiasregionais.com.br\/index.php?rest_route=\/wp\/v2\/types\/post"}],"author":[{"embeddable":true,"href":"https:\/\/noticiasregionais.com.br\/index.php?rest_route=\/wp\/v2\/users\/1"}],"replies":[{"embeddable":true,"href":"https:\/\/noticiasregionais.com.br\/index.php?rest_route=%2Fwp%2Fv2%2Fcomments&post=5896"}],"version-history":[{"count":1,"href":"https:\/\/noticiasregionais.com.br\/index.php?rest_route=\/wp\/v2\/posts\/5896\/revisions"}],"predecessor-version":[{"id":5898,"href":"https:\/\/noticiasregionais.com.br\/index.php?rest_route=\/wp\/v2\/posts\/5896\/revisions\/5898"}],"wp:featuredmedia":[{"embeddable":true,"href":"https:\/\/noticiasregionais.com.br\/index.php?rest_route=\/wp\/v2\/media\/5897"}],"wp:attachment":[{"href":"https:\/\/noticiasregionais.com.br\/index.php?rest_route=%2Fwp%2Fv2%2Fmedia&parent=5896"}],"wp:term":[{"taxonomy":"category","embeddable":true,"href":"https:\/\/noticiasregionais.com.br\/index.php?rest_route=%2Fwp%2Fv2%2Fcategories&post=5896"},{"taxonomy":"post_tag","embeddable":true,"href":"https:\/\/noticiasregionais.com.br\/index.php?rest_route=%2Fwp%2Fv2%2Ftags&post=5896"}],"curies":[{"name":"wp","href":"https:\/\/api.w.org\/{rel}","templated":true}]}}