{"id":5899,"date":"2025-08-05T20:11:14","date_gmt":"2025-08-05T23:11:14","guid":{"rendered":"https:\/\/noticiasregionais.com.br\/?p=5899"},"modified":"2025-08-05T20:18:26","modified_gmt":"2025-08-05T23:18:26","slug":"comercio-de-ourinhos-tera-abertura-no-feriado-e-estende-horarios-para-o-dia-dos-pais","status":"publish","type":"post","link":"https:\/\/noticiasregionais.com.br\/?p=5899","title":{"rendered":"Com\u00e9rcio de Ourinhos ter\u00e1 abertura no feriado e estende hor\u00e1rios para o Dia dos Pais"},"content":{"rendered":"\n<p>Para garantir mais comodidade aos consumidores e aquecer as vendas do Dia dos Pais, o com\u00e9rcio de Ourinhos adotar\u00e1 hor\u00e1rios diferenciados no in\u00edcio de agosto.<\/p>\n\n\n\n<p>Na <strong>quarta-feira, 6 de agosto<\/strong>, feriado municipal em homenagem ao padroeiro Senhor Bom Jesus, as lojas abrir\u00e3o excepcionalmente das <strong>9h \u00e0s 17h<\/strong>.<\/p>\n\n\n\n<p>J\u00e1 na <strong>sexta-feira (8\/8)<\/strong>, v\u00e9spera do fim de semana da data comemorativa, o atendimento ser\u00e1 estendido at\u00e9 \u00e0s <strong>22h<\/strong>, facilitando a vida de quem prefere comprar depois do expediente. No <strong>s\u00e1bado (9\/8)<\/strong>, o funcionamento tamb\u00e9m ser\u00e1 ampliado, das <strong>9h \u00e0s 17h<\/strong>.<\/p>\n\n\n\n<p>O presidente da ACE Ourinhos, Eng.\u00ba Robson Martuchi, refor\u00e7a o convite aos clientes para prestigiarem a campanha <strong>\u201cMontado na Sorte\u201d<\/strong>, que neste ano sortear\u00e1 o maior pr\u00eamio da hist\u00f3ria da associa\u00e7\u00e3o: <strong>R$ 100 mil em compras nas lojas participantes<\/strong>. \u201cAproveitem as compras do Dia dos Pais para retirar os cupons. Eles s\u00e3o cumulativos e valem para todos os sorteios do ano\u201d, aconselha.<\/p>\n\n\n\n<p>O pr\u00f3ximo sorteio ser\u00e1 no dia <strong>25 de agosto<\/strong>, com a premia\u00e7\u00e3o de <strong>quatro vales-compra de R$ 1.000,00 cada<\/strong>. A campanha Montado na Sorte conta com o patroc\u00ednio da <strong>Cresol, CedNet e DiaStrom<\/strong>.<\/p>\n\n\n\n<p>Martuchi tamb\u00e9m convida os lojistas que ainda n\u00e3o aderiram \u00e0 promo\u00e7\u00e3o a participarem: \u201cAl\u00e9m de ampla visibilidade, os benef\u00edcios incluem aumento no fluxo de clientes \u2014 e o melhor: toda a premia\u00e7\u00e3o \u00e9 revertida nas pr\u00f3prias lojas participantes\u201d.<\/p>\n<input type=\"hidden\" id=\"baseurl\" value=\"https:\/\/noticiasregionais.com.br\"><input type=\"hidden\" id=\"audio_nonce\" value=\"533fbb67b1\">","protected":false},"excerpt":{"rendered":"<p>Para garantir mais comodidade aos consumidores e aquecer as vendas do Dia dos Pais, o com\u00e9rcio de Ourinhos adotar\u00e1 hor\u00e1rios&hellip;<\/p>\n","protected":false},"author":1,"featured_media":5900,"comment_status":"closed","ping_status":"open","sticky":false,"template":"","format":"standard","meta":{"sfsi_plus_gutenberg_text_before_share":"","sfsi_plus_gutenberg_show_text_before_share":"","sfsi_plus_gutenberg_icon_type":"","sfsi_plus_gutenberg_icon_alignemt":"","sfsi_plus_gutenburg_max_per_row":"","footnotes":""},"categories":[10,1,5],"tags":[16],"class_list":["post-5899","post","type-post","status-publish","format-standard","has-post-thumbnail","hentry","category-destaques","category-noticias","category-ourinhos","tag-ourinhos"],"_links":{"self":[{"href":"https:\/\/noticiasregionais.com.br\/index.php?rest_route=\/wp\/v2\/posts\/5899","targetHints":{"allow":["GET"]}}],"collection":[{"href":"https:\/\/noticiasregionais.com.br\/index.php?rest_route=\/wp\/v2\/posts"}],"about":[{"href":"https:\/\/noticiasregionais.com.br\/index.php?rest_route=\/wp\/v2\/types\/post"}],"author":[{"embeddable":true,"href":"https:\/\/noticiasregionais.com.br\/index.php?rest_route=\/wp\/v2\/users\/1"}],"replies":[{"embeddable":true,"href":"https:\/\/noticiasregionais.com.br\/index.php?rest_route=%2Fwp%2Fv2%2Fcomments&post=5899"}],"version-history":[{"count":1,"href":"https:\/\/noticiasregionais.com.br\/index.php?rest_route=\/wp\/v2\/posts\/5899\/revisions"}],"predecessor-version":[{"id":5901,"href":"https:\/\/noticiasregionais.com.br\/index.php?rest_route=\/wp\/v2\/posts\/5899\/revisions\/5901"}],"wp:featuredmedia":[{"embeddable":true,"href":"https:\/\/noticiasregionais.com.br\/index.php?rest_route=\/wp\/v2\/media\/5900"}],"wp:attachment":[{"href":"https:\/\/noticiasregionais.com.br\/index.php?rest_route=%2Fwp%2Fv2%2Fmedia&parent=5899"}],"wp:term":[{"taxonomy":"category","embeddable":true,"href":"https:\/\/noticiasregionais.com.br\/index.php?rest_route=%2Fwp%2Fv2%2Fcategories&post=5899"},{"taxonomy":"post_tag","embeddable":true,"href":"https:\/\/noticiasregionais.com.br\/index.php?rest_route=%2Fwp%2Fv2%2Ftags&post=5899"}],"curies":[{"name":"wp","href":"https:\/\/api.w.org\/{rel}","templated":true}]}}