{"id":5902,"date":"2025-08-05T20:17:31","date_gmt":"2025-08-05T23:17:31","guid":{"rendered":"https:\/\/noticiasregionais.com.br\/?p=5902"},"modified":"2025-08-05T20:17:43","modified_gmt":"2025-08-05T23:17:43","slug":"prf-intercepta-carro-com-mais-de-200-kg-de-maconha-em-ourinhos-apos-perseguicao","status":"publish","type":"post","link":"https:\/\/noticiasregionais.com.br\/?p=5902","title":{"rendered":"PRF intercepta carro com mais de 200 kg de maconha em Ourinhos ap\u00f3s persegui\u00e7\u00e3o"},"content":{"rendered":"\n<p>Um homem de 27 anos foi preso na noite desta segunda-feira (4), em Ourinhos, ap\u00f3s ser flagrado transportando <strong>mais de 200 quilos de maconha<\/strong> em um ve\u00edculo. A apreens\u00e3o foi realizada por agentes da <strong>Pol\u00edcia Rodovi\u00e1ria Federal (PRF)<\/strong>, durante uma tentativa de abordagem na regi\u00e3o da divisa entre S\u00e3o Paulo e Paran\u00e1.<\/p>\n\n\n\n<p>A a\u00e7\u00e3o teve in\u00edcio por volta das <strong>20h<\/strong>, quando o motorista de um <strong>Citro\u00ebn C4<\/strong> desobedeceu \u00e0 ordem de parada e empreendeu fuga em alta velocidade pela rodovia. Diante da situa\u00e7\u00e3o, a equipe de plant\u00e3o acionou outra viatura da PRF, posicionada na base de Ourinhos, que se preparou com o uso da chamada <strong>\u201ccama de faquir\u201d<\/strong> \u2014 um dispositivo com pinos met\u00e1licos utilizado para furar os pneus de ve\u00edculos em fuga.<\/p>\n\n\n\n<p>Mesmo com os pneus danificados, o suspeito continuou dirigindo por cerca de <strong>5 quil\u00f4metros<\/strong>, at\u00e9 abandonar o carro e tentar escapar a p\u00e9. No entanto, os policiais conseguiram <strong>alcan\u00e7\u00e1-lo e efetuar a pris\u00e3o<\/strong>.<\/p>\n\n\n\n<p>Durante a vistoria no porta-malas do autom\u00f3vel, os agentes encontraram <strong>v\u00e1rios tabletes de maconha<\/strong>, totalizando <strong>202,4 quilos<\/strong>. Ao ser interrogado, o condutor afirmou que havia sido contratado para transportar a droga de <strong>Foz do Igua\u00e7u (PR)<\/strong> at\u00e9 a cidade de <strong>S\u00e3o Paulo<\/strong>, mas n\u00e3o revelou detalhes sobre os envolvidos na entrega.<\/p>\n\n\n\n<p>O caso foi encaminhado \u00e0 <strong>Delegacia da Pol\u00edcia Civil de Ourinhos<\/strong>, onde o suspeito foi autuado por <strong>tr\u00e1fico de entorpecentes<\/strong>. Se condenado, ele poder\u00e1 enfrentar uma pena de at\u00e9 <strong>15 anos de reclus\u00e3o<\/strong>.<\/p>\n<input type=\"hidden\" id=\"baseurl\" value=\"https:\/\/noticiasregionais.com.br\"><input type=\"hidden\" id=\"audio_nonce\" value=\"533fbb67b1\">","protected":false},"excerpt":{"rendered":"<p>Um homem de 27 anos foi preso na noite desta segunda-feira (4), em Ourinhos, ap\u00f3s ser flagrado transportando mais de&hellip;<\/p>\n","protected":false},"author":1,"featured_media":5903,"comment_status":"closed","ping_status":"open","sticky":false,"template":"","format":"standard","meta":{"sfsi_plus_gutenberg_text_before_share":"","sfsi_plus_gutenberg_show_text_before_share":"","sfsi_plus_gutenberg_icon_type":"","sfsi_plus_gutenberg_icon_alignemt":"","sfsi_plus_gutenburg_max_per_row":"","footnotes":""},"categories":[12,1,5],"tags":[16],"class_list":["post-5902","post","type-post","status-publish","format-standard","has-post-thumbnail","hentry","category-capa","category-noticias","category-ourinhos","tag-ourinhos"],"_links":{"self":[{"href":"https:\/\/noticiasregionais.com.br\/index.php?rest_route=\/wp\/v2\/posts\/5902","targetHints":{"allow":["GET"]}}],"collection":[{"href":"https:\/\/noticiasregionais.com.br\/index.php?rest_route=\/wp\/v2\/posts"}],"about":[{"href":"https:\/\/noticiasregionais.com.br\/index.php?rest_route=\/wp\/v2\/types\/post"}],"author":[{"embeddable":true,"href":"https:\/\/noticiasregionais.com.br\/index.php?rest_route=\/wp\/v2\/users\/1"}],"replies":[{"embeddable":true,"href":"https:\/\/noticiasregionais.com.br\/index.php?rest_route=%2Fwp%2Fv2%2Fcomments&post=5902"}],"version-history":[{"count":1,"href":"https:\/\/noticiasregionais.com.br\/index.php?rest_route=\/wp\/v2\/posts\/5902\/revisions"}],"predecessor-version":[{"id":5904,"href":"https:\/\/noticiasregionais.com.br\/index.php?rest_route=\/wp\/v2\/posts\/5902\/revisions\/5904"}],"wp:featuredmedia":[{"embeddable":true,"href":"https:\/\/noticiasregionais.com.br\/index.php?rest_route=\/wp\/v2\/media\/5903"}],"wp:attachment":[{"href":"https:\/\/noticiasregionais.com.br\/index.php?rest_route=%2Fwp%2Fv2%2Fmedia&parent=5902"}],"wp:term":[{"taxonomy":"category","embeddable":true,"href":"https:\/\/noticiasregionais.com.br\/index.php?rest_route=%2Fwp%2Fv2%2Fcategories&post=5902"},{"taxonomy":"post_tag","embeddable":true,"href":"https:\/\/noticiasregionais.com.br\/index.php?rest_route=%2Fwp%2Fv2%2Ftags&post=5902"}],"curies":[{"name":"wp","href":"https:\/\/api.w.org\/{rel}","templated":true}]}}