{"id":5905,"date":"2025-08-05T20:30:14","date_gmt":"2025-08-05T23:30:14","guid":{"rendered":"https:\/\/noticiasregionais.com.br\/?p=5905"},"modified":"2025-08-05T20:31:41","modified_gmt":"2025-08-05T23:31:41","slug":"santa-missa-e-realizada-na-sede-do-2bpm-em-acao-de-graca-ao-171-aniversario-da-policia-militar","status":"publish","type":"post","link":"https:\/\/noticiasregionais.com.br\/?p=5905","title":{"rendered":"Santa Missa \u00e9 realizada na sede do 2\u00b0BPM, em a\u00e7\u00e3o de gra\u00e7a ao 171\u00b0 aniversario da Policia Militar."},"content":{"rendered":"\n<p>Em homenagem aos 171\u00b0 anos de hist\u00f3ria e servi\u00e7os prestados pela Pol\u00edcia Militar do Paran\u00e1 (PMPR), foi celebrada na manh\u00e3 desta ter\u00e7a-feira (5) uma missa de a\u00e7\u00e3o de gra\u00e7as na sede do 2\u00b0 Batalh\u00e3o da Pol\u00edcia Militar (2\u00b0 BPM), em Jacarezinho. A cerim\u00f4nia religiosa, marcada por momentos de emo\u00e7\u00e3o e reflex\u00e3o, foi presidida pelo Padre S\u00edlvio e contou com a presen\u00e7a de autoridades civis e militares da regi\u00e3o.<br>A solenidade religiosa integra a programa\u00e7\u00e3o oficial do anivers\u00e1rio da corpora\u00e7\u00e3o e teve como objetivo agradecer pelas conquistas da PMPR ao longo dos anos, bem como pedir b\u00ean\u00e7\u00e3os para os policiais militares que seguem atuando na prote\u00e7\u00e3o da sociedade paranaense.<br>Estiveram presentes na celebra\u00e7\u00e3o representantes do Poder Judici\u00e1rio, comandantes de unidades da PMPR, policiais da ativa e da reserva e membros da comunidade local. O comandante do 2\u00b0 BPM, Tenente-coronel M\u00e1rcio Jaquetti, agradeceu a presen\u00e7a de todos e ressaltou a import\u00e2ncia da uni\u00e3o entre a corpora\u00e7\u00e3o e a sociedade.<br>\u201cO anivers\u00e1rio da Pol\u00edcia Militar \u00e9 um momento de celebra\u00e7\u00e3o, mas tamb\u00e9m de reflex\u00e3o sobre nosso papel e responsabilidade. Esta missa \u00e9 uma forma de honrarmos nossa hist\u00f3ria e pedirmos prote\u00e7\u00e3o para os desafios que enfrentamos diariamente\u201d, declarou o comandante.<br>A Pol\u00edcia Militar do Paran\u00e1 foi criada em 1854 e, ao longo de seus 171 anos, tem se destacado pelo comprometimento com a ordem p\u00fablica e a seguran\u00e7a dos cidad\u00e3os paranaenses. O 2\u00b0 BPM, sediado em Jacarezinho, \u00e9 respons\u00e1vel por atuar em 22 cidades do Norte Pioneiro, sendo pe\u00e7a fundamental na manuten\u00e7\u00e3o da paz e da seguran\u00e7a na regi\u00e3o.<\/p>\n\n\n\n<figure class=\"wp-block-gallery has-nested-images columns-default is-cropped wp-block-gallery-1 is-layout-flex wp-block-gallery-is-layout-flex\">\n<figure class=\"wp-block-image size-large\"><a href=\"https:\/\/noticiasregionais.com.br\/wp-content\/uploads\/2025\/08\/WhatsApp-Image-2025-08-05-at-11.00.271.jpeg\"><img decoding=\"async\" width=\"1024\" height=\"768\" data-id=\"5907\" src=\"https:\/\/noticiasregionais.com.br\/wp-content\/uploads\/2025\/08\/WhatsApp-Image-2025-08-05-at-11.00.271-1024x768.jpeg\" alt=\"\" class=\"wp-image-5907\" srcset=\"https:\/\/noticiasregionais.com.br\/wp-content\/uploads\/2025\/08\/WhatsApp-Image-2025-08-05-at-11.00.271-1024x768.jpeg 1024w, https:\/\/noticiasregionais.com.br\/wp-content\/uploads\/2025\/08\/WhatsApp-Image-2025-08-05-at-11.00.271-300x225.jpeg 300w, https:\/\/noticiasregionais.com.br\/wp-content\/uploads\/2025\/08\/WhatsApp-Image-2025-08-05-at-11.00.271-768x576.jpeg 768w, https:\/\/noticiasregionais.com.br\/wp-content\/uploads\/2025\/08\/WhatsApp-Image-2025-08-05-at-11.00.271-1536x1152.jpeg 1536w, https:\/\/noticiasregionais.com.br\/wp-content\/uploads\/2025\/08\/WhatsApp-Image-2025-08-05-at-11.00.271.jpeg 1600w\" sizes=\"(max-width: 1024px) 100vw, 1024px\" \/><\/a><\/figure>\n\n\n\n<figure class=\"wp-block-image size-large\"><a href=\"https:\/\/noticiasregionais.com.br\/wp-content\/uploads\/2025\/08\/WhatsApp-Image-2025-08-05-at-11.00.27.jpeg\"><img decoding=\"async\" width=\"768\" height=\"1024\" data-id=\"5911\" src=\"https:\/\/noticiasregionais.com.br\/wp-content\/uploads\/2025\/08\/WhatsApp-Image-2025-08-05-at-11.00.27-768x1024.jpeg\" alt=\"\" class=\"wp-image-5911\" srcset=\"https:\/\/noticiasregionais.com.br\/wp-content\/uploads\/2025\/08\/WhatsApp-Image-2025-08-05-at-11.00.27-768x1024.jpeg 768w, https:\/\/noticiasregionais.com.br\/wp-content\/uploads\/2025\/08\/WhatsApp-Image-2025-08-05-at-11.00.27-225x300.jpeg 225w, https:\/\/noticiasregionais.com.br\/wp-content\/uploads\/2025\/08\/WhatsApp-Image-2025-08-05-at-11.00.27-1152x1536.jpeg 1152w, https:\/\/noticiasregionais.com.br\/wp-content\/uploads\/2025\/08\/WhatsApp-Image-2025-08-05-at-11.00.27.jpeg 1200w\" sizes=\"(max-width: 768px) 100vw, 768px\" \/><\/a><\/figure>\n\n\n\n<figure class=\"wp-block-image size-large\"><a href=\"https:\/\/noticiasregionais.com.br\/wp-content\/uploads\/2025\/08\/WhatsApp-Image-2025-08-05-at-11.00.262.jpeg\"><img decoding=\"async\" width=\"1024\" height=\"577\" data-id=\"5909\" src=\"https:\/\/noticiasregionais.com.br\/wp-content\/uploads\/2025\/08\/WhatsApp-Image-2025-08-05-at-11.00.262-1024x577.jpeg\" alt=\"\" class=\"wp-image-5909\" srcset=\"https:\/\/noticiasregionais.com.br\/wp-content\/uploads\/2025\/08\/WhatsApp-Image-2025-08-05-at-11.00.262-1024x577.jpeg 1024w, https:\/\/noticiasregionais.com.br\/wp-content\/uploads\/2025\/08\/WhatsApp-Image-2025-08-05-at-11.00.262-300x169.jpeg 300w, https:\/\/noticiasregionais.com.br\/wp-content\/uploads\/2025\/08\/WhatsApp-Image-2025-08-05-at-11.00.262-768x433.jpeg 768w, https:\/\/noticiasregionais.com.br\/wp-content\/uploads\/2025\/08\/WhatsApp-Image-2025-08-05-at-11.00.262-1536x866.jpeg 1536w, https:\/\/noticiasregionais.com.br\/wp-content\/uploads\/2025\/08\/WhatsApp-Image-2025-08-05-at-11.00.262.jpeg 1600w\" sizes=\"(max-width: 1024px) 100vw, 1024px\" \/><\/a><\/figure>\n\n\n\n<figure class=\"wp-block-image size-large\"><a href=\"https:\/\/noticiasregionais.com.br\/wp-content\/uploads\/2025\/08\/WhatsApp-Image-2025-08-05-at-11.00.261.jpeg\"><img decoding=\"async\" width=\"1024\" height=\"577\" data-id=\"5908\" src=\"https:\/\/noticiasregionais.com.br\/wp-content\/uploads\/2025\/08\/WhatsApp-Image-2025-08-05-at-11.00.261-1024x577.jpeg\" alt=\"\" class=\"wp-image-5908\" srcset=\"https:\/\/noticiasregionais.com.br\/wp-content\/uploads\/2025\/08\/WhatsApp-Image-2025-08-05-at-11.00.261-1024x577.jpeg 1024w, https:\/\/noticiasregionais.com.br\/wp-content\/uploads\/2025\/08\/WhatsApp-Image-2025-08-05-at-11.00.261-300x169.jpeg 300w, https:\/\/noticiasregionais.com.br\/wp-content\/uploads\/2025\/08\/WhatsApp-Image-2025-08-05-at-11.00.261-768x433.jpeg 768w, https:\/\/noticiasregionais.com.br\/wp-content\/uploads\/2025\/08\/WhatsApp-Image-2025-08-05-at-11.00.261-1536x866.jpeg 1536w, https:\/\/noticiasregionais.com.br\/wp-content\/uploads\/2025\/08\/WhatsApp-Image-2025-08-05-at-11.00.261.jpeg 1600w\" sizes=\"(max-width: 1024px) 100vw, 1024px\" \/><\/a><\/figure>\n\n\n\n<figure class=\"wp-block-image size-large\"><a href=\"https:\/\/noticiasregionais.com.br\/wp-content\/uploads\/2025\/08\/WhatsApp-Image-2025-08-05-at-11.00.26.jpeg\"><img decoding=\"async\" width=\"1024\" height=\"577\" data-id=\"5906\" src=\"https:\/\/noticiasregionais.com.br\/wp-content\/uploads\/2025\/08\/WhatsApp-Image-2025-08-05-at-11.00.26-1024x577.jpeg\" alt=\"\" class=\"wp-image-5906\" srcset=\"https:\/\/noticiasregionais.com.br\/wp-content\/uploads\/2025\/08\/WhatsApp-Image-2025-08-05-at-11.00.26-1024x577.jpeg 1024w, https:\/\/noticiasregionais.com.br\/wp-content\/uploads\/2025\/08\/WhatsApp-Image-2025-08-05-at-11.00.26-300x169.jpeg 300w, https:\/\/noticiasregionais.com.br\/wp-content\/uploads\/2025\/08\/WhatsApp-Image-2025-08-05-at-11.00.26-768x433.jpeg 768w, https:\/\/noticiasregionais.com.br\/wp-content\/uploads\/2025\/08\/WhatsApp-Image-2025-08-05-at-11.00.26-1536x866.jpeg 1536w, https:\/\/noticiasregionais.com.br\/wp-content\/uploads\/2025\/08\/WhatsApp-Image-2025-08-05-at-11.00.26.jpeg 1600w\" sizes=\"(max-width: 1024px) 100vw, 1024px\" \/><\/a><\/figure>\n<\/figure>\n<input type=\"hidden\" id=\"baseurl\" value=\"https:\/\/noticiasregionais.com.br\"><input type=\"hidden\" id=\"audio_nonce\" value=\"533fbb67b1\">","protected":false},"excerpt":{"rendered":"<p>Em homenagem aos 171\u00b0 anos de hist\u00f3ria e servi\u00e7os prestados pela Pol\u00edcia Militar do Paran\u00e1 (PMPR), foi celebrada na manh\u00e3&hellip;<\/p>\n","protected":false},"author":1,"featured_media":5910,"comment_status":"closed","ping_status":"open","sticky":false,"template":"","format":"standard","meta":{"sfsi_plus_gutenberg_text_before_share":"","sfsi_plus_gutenberg_show_text_before_share":"","sfsi_plus_gutenberg_icon_type":"","sfsi_plus_gutenberg_icon_alignemt":"","sfsi_plus_gutenburg_max_per_row":"","footnotes":""},"categories":[10,1,7],"tags":[],"class_list":["post-5905","post","type-post","status-publish","format-standard","has-post-thumbnail","hentry","category-destaques","category-noticias","category-parana"],"_links":{"self":[{"href":"https:\/\/noticiasregionais.com.br\/index.php?rest_route=\/wp\/v2\/posts\/5905","targetHints":{"allow":["GET"]}}],"collection":[{"href":"https:\/\/noticiasregionais.com.br\/index.php?rest_route=\/wp\/v2\/posts"}],"about":[{"href":"https:\/\/noticiasregionais.com.br\/index.php?rest_route=\/wp\/v2\/types\/post"}],"author":[{"embeddable":true,"href":"https:\/\/noticiasregionais.com.br\/index.php?rest_route=\/wp\/v2\/users\/1"}],"replies":[{"embeddable":true,"href":"https:\/\/noticiasregionais.com.br\/index.php?rest_route=%2Fwp%2Fv2%2Fcomments&post=5905"}],"version-history":[{"count":1,"href":"https:\/\/noticiasregionais.com.br\/index.php?rest_route=\/wp\/v2\/posts\/5905\/revisions"}],"predecessor-version":[{"id":5912,"href":"https:\/\/noticiasregionais.com.br\/index.php?rest_route=\/wp\/v2\/posts\/5905\/revisions\/5912"}],"wp:featuredmedia":[{"embeddable":true,"href":"https:\/\/noticiasregionais.com.br\/index.php?rest_route=\/wp\/v2\/media\/5910"}],"wp:attachment":[{"href":"https:\/\/noticiasregionais.com.br\/index.php?rest_route=%2Fwp%2Fv2%2Fmedia&parent=5905"}],"wp:term":[{"taxonomy":"category","embeddable":true,"href":"https:\/\/noticiasregionais.com.br\/index.php?rest_route=%2Fwp%2Fv2%2Fcategories&post=5905"},{"taxonomy":"post_tag","embeddable":true,"href":"https:\/\/noticiasregionais.com.br\/index.php?rest_route=%2Fwp%2Fv2%2Ftags&post=5905"}],"curies":[{"name":"wp","href":"https:\/\/api.w.org\/{rel}","templated":true}]}}