{"id":591,"date":"2023-09-27T16:03:26","date_gmt":"2023-09-27T19:03:26","guid":{"rendered":"https:\/\/noticiasregionais.com.br\/?p=591"},"modified":"2023-09-27T16:03:38","modified_gmt":"2023-09-27T19:03:38","slug":"saia-sobre-rodas-realiza-encontro-solidario-em-ourinhos-para-comemorar-1-ano-do-grupo","status":"publish","type":"post","link":"https:\/\/noticiasregionais.com.br\/?p=591","title":{"rendered":"Saia Sobre Rodas realiza encontro solid\u00e1rio em Ourinhos para comemorar 1 ano do grupo"},"content":{"rendered":"\n<p>No pr\u00f3ximo domingo, dia 01 de outubro de 2023, o grupo feminino de amantes de carros rebaixados e tunados Saia Sobre Rodas vai realizar mais um Super Encontro. O grupo \u00e9 formado em sua maioria por esposas, parentes e namoradas de aficionados por carros e vem mostrando que a paix\u00e3o por ve\u00edculos especiais \u00e9 cada vez mais presente no ambiente feminino, muitas vezes superando os pr\u00f3prios homens. Al\u00e9m de comemorar 1 ano do Grupo, o evento visa arrecadar doces para uma carreata de distribui\u00e7\u00e3o que ocorrer\u00e1 no pr\u00f3ximo dia das crian\u00e7as (12\/10).<\/p>\n\n\n\n<p>J\u00e1 est\u00e3o confirmados diversos clubes, dentre eles: Amor por M\u00e1quinas, Caipiras Baixos, Dmafia, 018K, S10, Low City Clube entre outros. O evento deve receber uma grande quantidade de visitantes, motoristas e tamb\u00e9m muitos ve\u00edculos.<\/p>\n\n\n\n<p>A entrada no evento tem valor simb\u00f3lico de R$ 5,00 e mais um pacote de doce. O dinheiro custeia a estrutura do encontro e o doce ser\u00e1 distribu\u00eddo em diversos bairros mais carentes de Ourinhos. Nos anos anteriores, o grupo j\u00e1 realizou essa a\u00e7\u00e3o. Nesse ano busca ampliar a capacidade de promover felicidade a muitas crian\u00e7as que poderiam n\u00e3o ter nenhum mimo nesse dia esperado.<\/p>\n\n\n\n<p>A entrada de coolers, churrasqueiras e tachos ser\u00e1 permitida. Os participantes curtir\u00e3o um delicioso domingo, reencontrando amigos e socializando com amantes de carros de toda a regi\u00e3o. Todos s\u00e3o bem-vindos, aqueles que compartilham esse amor pelas 2 ou 4 rodas e que estejam dispostos a ajudar nessa causa nobre. Em eventos do grupo, sempre est\u00e3o presentes carros tunados, rebaixados, ve\u00edculos antigos, restaurados e especiais, de 2 ou 4 rodas.<\/p>\n\n\n\n<p>O Encontro ocorrer\u00e1 das 9h00 da manh\u00e3 \u00e0s 17h30 na Rua Pedro Alexandre, n\u00famero 101, no Jardim Anchieta, na antiga ch\u00e1cara da Telesp em Ourinhos. Haver\u00e1 venda de bebidas, espetinho e salgados no local. Caso voc\u00ea queira comercializar ou expor produto no evento, procure a organiza\u00e7\u00e3o. Para mais informa\u00e7\u00f5es, voc\u00ea pode entrar em contato com Kelly Xavier, organizadora do encontro pelo Whatsapp: (14) 99782-7658.<\/p>\n\n\n<div class=\"wp-block-image\">\n<figure class=\"aligncenter size-large\"><img decoding=\"async\" width=\"712\" height=\"1024\" src=\"https:\/\/noticiasregionais.com.br\/wp-content\/uploads\/2023\/09\/WhatsApp-Image-2023-09-27-at-13.19.16-712x1024.jpeg\" alt=\"\" class=\"wp-image-592\" srcset=\"https:\/\/noticiasregionais.com.br\/wp-content\/uploads\/2023\/09\/WhatsApp-Image-2023-09-27-at-13.19.16-712x1024.jpeg 712w, https:\/\/noticiasregionais.com.br\/wp-content\/uploads\/2023\/09\/WhatsApp-Image-2023-09-27-at-13.19.16-209x300.jpeg 209w, https:\/\/noticiasregionais.com.br\/wp-content\/uploads\/2023\/09\/WhatsApp-Image-2023-09-27-at-13.19.16-768x1105.jpeg 768w, https:\/\/noticiasregionais.com.br\/wp-content\/uploads\/2023\/09\/WhatsApp-Image-2023-09-27-at-13.19.16.jpeg 890w\" sizes=\"(max-width: 712px) 100vw, 712px\" \/><\/figure>\n<\/div><input type=\"hidden\" id=\"baseurl\" value=\"https:\/\/noticiasregionais.com.br\"><input type=\"hidden\" id=\"audio_nonce\" value=\"533fbb67b1\">","protected":false},"excerpt":{"rendered":"<p>No pr\u00f3ximo domingo, dia 01 de outubro de 2023, o grupo feminino de amantes de carros rebaixados e tunados Saia&hellip;<\/p>\n","protected":false},"author":1,"featured_media":593,"comment_status":"closed","ping_status":"open","sticky":false,"template":"","format":"standard","meta":{"sfsi_plus_gutenberg_text_before_share":"","sfsi_plus_gutenberg_show_text_before_share":"","sfsi_plus_gutenberg_icon_type":"","sfsi_plus_gutenberg_icon_alignemt":"","sfsi_plus_gutenburg_max_per_row":"","footnotes":""},"categories":[5,12,1],"tags":[],"class_list":["post-591","post","type-post","status-publish","format-standard","has-post-thumbnail","hentry","category-ourinhos","category-capa","category-noticias"],"_links":{"self":[{"href":"https:\/\/noticiasregionais.com.br\/index.php?rest_route=\/wp\/v2\/posts\/591","targetHints":{"allow":["GET"]}}],"collection":[{"href":"https:\/\/noticiasregionais.com.br\/index.php?rest_route=\/wp\/v2\/posts"}],"about":[{"href":"https:\/\/noticiasregionais.com.br\/index.php?rest_route=\/wp\/v2\/types\/post"}],"author":[{"embeddable":true,"href":"https:\/\/noticiasregionais.com.br\/index.php?rest_route=\/wp\/v2\/users\/1"}],"replies":[{"embeddable":true,"href":"https:\/\/noticiasregionais.com.br\/index.php?rest_route=%2Fwp%2Fv2%2Fcomments&post=591"}],"version-history":[{"count":1,"href":"https:\/\/noticiasregionais.com.br\/index.php?rest_route=\/wp\/v2\/posts\/591\/revisions"}],"predecessor-version":[{"id":594,"href":"https:\/\/noticiasregionais.com.br\/index.php?rest_route=\/wp\/v2\/posts\/591\/revisions\/594"}],"wp:featuredmedia":[{"embeddable":true,"href":"https:\/\/noticiasregionais.com.br\/index.php?rest_route=\/wp\/v2\/media\/593"}],"wp:attachment":[{"href":"https:\/\/noticiasregionais.com.br\/index.php?rest_route=%2Fwp%2Fv2%2Fmedia&parent=591"}],"wp:term":[{"taxonomy":"category","embeddable":true,"href":"https:\/\/noticiasregionais.com.br\/index.php?rest_route=%2Fwp%2Fv2%2Fcategories&post=591"},{"taxonomy":"post_tag","embeddable":true,"href":"https:\/\/noticiasregionais.com.br\/index.php?rest_route=%2Fwp%2Fv2%2Ftags&post=591"}],"curies":[{"name":"wp","href":"https:\/\/api.w.org\/{rel}","templated":true}]}}