{"id":5913,"date":"2025-08-08T15:44:54","date_gmt":"2025-08-08T18:44:54","guid":{"rendered":"https:\/\/noticiasregionais.com.br\/?p=5913"},"modified":"2025-08-08T15:45:07","modified_gmt":"2025-08-08T18:45:07","slug":"brasil-vive-descontrole-dos-gastos-publicos-e-deficit-bilionario","status":"publish","type":"post","link":"https:\/\/noticiasregionais.com.br\/?p=5913","title":{"rendered":"Brasil vive descontrole dos gastos p\u00fablicos e d\u00e9ficit bilion\u00e1rio"},"content":{"rendered":"\n<p>O Brasil vive um cen\u00e1rio preocupante de descontrole fiscal. Em 2025, enquanto a arrecada\u00e7\u00e3o federal gira em torno de <strong>R$ 2,37 trilh\u00f5es<\/strong>, as despesas do governo j\u00e1 ultrapassam <strong>R$ 3,12 trilh\u00f5es<\/strong>. O resultado \u00e9 um d\u00e9ficit de aproximadamente <strong>R$ 750 bilh\u00f5es<\/strong>, que aumenta a d\u00edvida p\u00fablica e mant\u00e9m os juros em patamares elevados.<\/p>\n\n\n\n<p>A situa\u00e7\u00e3o, longe de ser nova, ganhou mais visibilidade com iniciativas que exp\u00f5em, em tempo real, a disparidade entre o que o governo arrecada e o que gasta. Em Porto Velho (RO), a Associa\u00e7\u00e3o Comercial e Empresarial da cidade (Acep) inaugurou no dia 31 de julho o <strong>primeiro painel de LED da Regi\u00e3o Norte<\/strong> mostrando os n\u00fameros da arrecada\u00e7\u00e3o e do gasto p\u00fablico federal. O projeto \u00e9 inspirado no Impost\u00f4metro, da Associa\u00e7\u00e3o Comercial de S\u00e3o Paulo (ACSP), e no Gasto Brasil, da Confedera\u00e7\u00e3o das Associa\u00e7\u00f5es Comerciais e Empresariais do Brasil (CACB).<\/p>\n\n\n\n<p>\u201cQuando olhamos para os dados, vemos claramente o desequil\u00edbrio. O Gasto Brasil marcava mais de R$ 3 trilh\u00f5es, enquanto o Impost\u00f4metro estava em R$ 2,3 trilh\u00f5es. S\u00e3o R$ 700 bilh\u00f5es de diferen\u00e7a. Isso \u00e9 o retrato do descontrole fiscal\u201d, disse Valdir Vargas, presidente da Acep.<\/p>\n\n\n\n<p>Para Alfredo Cotait, presidente da CACB, o problema central \u00e9 a falta de ajuste nas contas. \u201cO governo gasta muito mais do que arrecada e, em vez de cortar despesas, busca aumentar impostos. Isso sufoca o empreendedor, afugenta investimentos e trava o crescimento\u201d, criticou. Segundo ele, o d\u00e9ficit for\u00e7a o governo a buscar financiamento no mercado, elevando o custo da d\u00edvida e mantendo os juros na casa de 15%.<\/p>\n\n\n\n<p>A plataforma <strong>Gasto Brasil<\/strong> (<a class=\"\" href=\"http:\/\/www.gastobrasil.com.br\" target=\"_blank\" rel=\"noopener\">www.gastobrasil.com.br<\/a>) permite que qualquer cidad\u00e3o acompanhe, em detalhes, como Uni\u00e3o, estados e munic\u00edpios aplicam o dinheiro p\u00fablico. \u00c9 poss\u00edvel verificar valores destinados a \u00e1reas como sa\u00fade, educa\u00e7\u00e3o, seguran\u00e7a e infraestrutura \u2014 informa\u00e7\u00f5es que refor\u00e7am a cobran\u00e7a por mais efici\u00eancia e menos desperd\u00edcio.<\/p>\n\n\n\n<p>O painel em Porto Velho j\u00e1 despertou interesse de outras cidades rondonienses, mostrando que a exposi\u00e7\u00e3o p\u00fablica desses n\u00fameros pode impulsionar a press\u00e3o popular. \u201cA popula\u00e7\u00e3o quer saber para onde vai o dinheiro e est\u00e1 disposta a cobrar. Esse \u00e9 o primeiro passo para mudar a cultura de toler\u00e2ncia ao descontrole fiscal\u201d, afirmou Vargas.<\/p>\n\n\n\n<p>O d\u00e9ficit crescente \u00e9 um alerta claro: sem cortes de gastos e gest\u00e3o respons\u00e1vel, a conta s\u00f3 vai aumentar \u2014 e quem paga \u00e9 o contribuinte.<\/p>\n<input type=\"hidden\" id=\"baseurl\" value=\"https:\/\/noticiasregionais.com.br\"><input type=\"hidden\" id=\"audio_nonce\" value=\"533fbb67b1\">","protected":false},"excerpt":{"rendered":"<p>O Brasil vive um cen\u00e1rio preocupante de descontrole fiscal. Em 2025, enquanto a arrecada\u00e7\u00e3o federal gira em torno de R$&hellip;<\/p>\n","protected":false},"author":1,"featured_media":5914,"comment_status":"closed","ping_status":"open","sticky":false,"template":"","format":"standard","meta":{"sfsi_plus_gutenberg_text_before_share":"","sfsi_plus_gutenberg_show_text_before_share":"","sfsi_plus_gutenberg_icon_type":"","sfsi_plus_gutenberg_icon_alignemt":"","sfsi_plus_gutenburg_max_per_row":"","footnotes":""},"categories":[8,12,1],"tags":[],"class_list":["post-5913","post","type-post","status-publish","format-standard","has-post-thumbnail","hentry","category-brasil","category-capa","category-noticias"],"_links":{"self":[{"href":"https:\/\/noticiasregionais.com.br\/index.php?rest_route=\/wp\/v2\/posts\/5913","targetHints":{"allow":["GET"]}}],"collection":[{"href":"https:\/\/noticiasregionais.com.br\/index.php?rest_route=\/wp\/v2\/posts"}],"about":[{"href":"https:\/\/noticiasregionais.com.br\/index.php?rest_route=\/wp\/v2\/types\/post"}],"author":[{"embeddable":true,"href":"https:\/\/noticiasregionais.com.br\/index.php?rest_route=\/wp\/v2\/users\/1"}],"replies":[{"embeddable":true,"href":"https:\/\/noticiasregionais.com.br\/index.php?rest_route=%2Fwp%2Fv2%2Fcomments&post=5913"}],"version-history":[{"count":1,"href":"https:\/\/noticiasregionais.com.br\/index.php?rest_route=\/wp\/v2\/posts\/5913\/revisions"}],"predecessor-version":[{"id":5915,"href":"https:\/\/noticiasregionais.com.br\/index.php?rest_route=\/wp\/v2\/posts\/5913\/revisions\/5915"}],"wp:featuredmedia":[{"embeddable":true,"href":"https:\/\/noticiasregionais.com.br\/index.php?rest_route=\/wp\/v2\/media\/5914"}],"wp:attachment":[{"href":"https:\/\/noticiasregionais.com.br\/index.php?rest_route=%2Fwp%2Fv2%2Fmedia&parent=5913"}],"wp:term":[{"taxonomy":"category","embeddable":true,"href":"https:\/\/noticiasregionais.com.br\/index.php?rest_route=%2Fwp%2Fv2%2Fcategories&post=5913"},{"taxonomy":"post_tag","embeddable":true,"href":"https:\/\/noticiasregionais.com.br\/index.php?rest_route=%2Fwp%2Fv2%2Ftags&post=5913"}],"curies":[{"name":"wp","href":"https:\/\/api.w.org\/{rel}","templated":true}]}}