{"id":5920,"date":"2025-08-12T15:09:20","date_gmt":"2025-08-12T18:09:20","guid":{"rendered":"https:\/\/noticiasregionais.com.br\/?p=5920"},"modified":"2025-08-12T15:14:16","modified_gmt":"2025-08-12T18:14:16","slug":"psicologas-se-unem-e-criam-o-projeto-sentir-que-busca-acolher-estudantes-e-recem-formados-de-psicologia-em-todo-pais","status":"publish","type":"post","link":"https:\/\/noticiasregionais.com.br\/?p=5920","title":{"rendered":"Psic\u00f3logas se unem e criam o PROJETO SENTIR: que busca acolher estudantes e rec\u00e9m-formados de Psicologia em todo pa\u00eds"},"content":{"rendered":"\n<p><sub>cr\u00e9dito da imagem: https:\/\/www.psitto.com.br<\/sub><\/p>\n\n\n\n<p>Cinco Psic\u00f3logas, de diferentes cantinhos do Brasil, se unem atrav\u00e9s do Projeto Sentir para criar um espa\u00e7o \u00e9tico e acolhedor para estudantes de Psicologia e Psic\u00f3logos rec\u00e9m-formados que tamb\u00e9m precisam de cuidados<\/p>\n\n\n\n<p>Este projeto nasceu depois que as Psic\u00f3logas se conheceram em um Grupo de Estudos, unidas pelo desejo de tornar a terapia mais acess\u00edvel, sem renunciar \u00e0 \u00e9tica, o compromisso e a presen\u00e7a. O objetivo do projeto \u00e9 oferecer psicoterapia online e com valor social para os estudantes da \u00e1rea e profissionais com at\u00e9 1 ano de forma\u00e7\u00e3o.<\/p>\n\n\n\n<p>As idealizadoras do Projeto Sentir, al\u00e9m de realizarem as sess\u00f5es de psicoterapia com os interessados, mant\u00eam encontros de estudos e intervis\u00e3o cl\u00ednica para que possam garantir um atendimento qualificado e respons\u00e1vel.<\/p>\n\n\n\n<p>Se voc\u00ea \u00e9 estudante de Psicologia ou rec\u00e9m-formado e est\u00e1 em busca de psicoterapia, preencha o formul\u00e1rio atrav\u00e9s do link <a href=\"https:\/\/forms.gle\/8WWH7PzPqie2toDr9\" target=\"_blank\" rel=\"noopener\">https:\/\/forms.gle\/8WWH7PzPqie2toDr9<\/a> , onde voc\u00ea ser\u00e1 encaminhado para uma das psic\u00f3logas (de acordo com as disponibilidades de hor\u00e1rio).<\/p>\n\n\n\n<p>Nada aqui \u00e9 feito sozinho \u2013 o cuidado tamb\u00e9m \u00e9 coletivo.<\/p>\n\n\n\n<p>Cada uma das psic\u00f3logas do projeto com a sua hist\u00f3ria, seu olhar e a sua escuta.<\/p>\n\n\n\n<p>A seguir, apresentamos um pouco de cada uma delas:<\/p>\n\n\n\n<p><strong>CAMILA ESP\u00cdNDULA<\/strong><\/p>\n\n\n\n<p>Psic\u00f3loga formada pela Faculdade IDEAU, p\u00f3s-graduanda em Neurodesenvolvimento e em Terapias Contextuais, com capacita\u00e7\u00e3o no tratamento de transtornos de ansiedade. Atua na cl\u00ednica com foco no cuidado emocional de mulheres \u2014 especialmente em temas como ansiedade, inseguran\u00e7a, sobrecarga e rela\u00e7\u00f5es afetivas. Mantem-se em forma\u00e7\u00e3o cont\u00ednua por meio de grupos de estudos, cursos e supervis\u00f5es cl\u00ednicas, com \u00eanfase na Terapia de Aceita\u00e7\u00e3o e Compromisso (ACT).<\/p>\n\n\n\n<p><strong>ARIANE MENDES<\/strong><\/p>\n\n\n\n<p>Psic\u00f3loga cl\u00ednica, com MBA em Gest\u00e3o Estrat\u00e9gica de Pessoas. P\u00f3s-graduanda em Terapias Cognitivo-Comportamentais e em Psicopatologia (Grupo PBE). Sua trajet\u00f3ria tamb\u00e9m inclui gradua\u00e7\u00f5es na \u00e1rea da Gest\u00e3o, o que amplia a escuta cl\u00ednica e sensibilidade \u00e0s demandas humanas. Atualmente, colabora com a Associa\u00e7\u00e3o Brasileira de Psicologia Baseada em Evid\u00eancias (ABPBE) e segue em constante atualiza\u00e7\u00e3o em supervis\u00f5es, cursos, congressos e grupos de estudo.<\/p>\n\n\n\n<p><strong>MARA R\u00daBIA<\/strong><\/p>\n\n\n\n<p>Psic\u00f3loga pela UEL, com p\u00f3s-gradua\u00e7\u00e3o em Psicologia Organizacional e do Trabalho. Atualmente, p\u00f3s-graduanda em Neuropsicologia e ABA, com forma\u00e7\u00e3o em Psicofarmacologia pela USP. Atua como pesquisadora colaboradora da UEL em projetos sobre TEA, \u00e9 divulgadora cient\u00edfica no Canal dos Berrekas e integra a Comiss\u00e3o de Psicologia de Emerg\u00eancia e Desastres do CRP-PR. Leva para o consult\u00f3rio um olhar \u00e9tico, cient\u00edfico e sens\u00edvel \u00e0s singularidades de cada pessoa.<\/p>\n\n\n\n<p><strong>THAIS PINHEIRO<\/strong><\/p>\n\n\n\n<p>Psic\u00f3loga formada pela Urcamp (Bag\u00e9\/RS), p\u00f3s-graduada em Terapia Cognitivo-Comportamental e em forma\u00e7\u00e3o cont\u00ednua na Terapia de Aceita\u00e7\u00e3o e Compromisso (ACT). Atende exclusivamente o p\u00fablico feminino, oferecendo um espa\u00e7o emp\u00e1tico e seguro para que suas pacientes possam se conhecer, se cuidar e se fortalecer emocionalmente. Sua pr\u00e1tica \u00e9 guiada por responsabilidade, escuta \u00e9tica e desejo genu\u00edno de acolher quem busca ajuda.<\/p>\n\n\n\n<p><strong>J\u00daLIA MOURA:<\/strong><\/p>\n\n\n\n<p>Psic\u00f3loga cl\u00ednica formada pela Unifenas, com p\u00f3s-gradua\u00e7\u00e3o em Terapia Cognitivo-Comportamental pela PUC-RS. Estuda e aplica a ACT em sua pr\u00e1tica, com base na ci\u00eancia e na escuta acolhedora. Acompanha mulheres que desejam se reconectar consigo mesmas e construir uma vida com mais leveza, autonomia e sentido. Acredita na terapia como espa\u00e7o de reconstru\u00e7\u00e3o afetiva, liberdade emocional e fortalecimento da autenticidade.<\/p>\n\n\n<div class=\"wp-block-image\">\n<figure class=\"aligncenter size-large\"><img decoding=\"async\" width=\"819\" height=\"1024\" src=\"https:\/\/noticiasregionais.com.br\/wp-content\/uploads\/2025\/08\/Projeto-Sentir-819x1024.jpeg\" alt=\"\" class=\"wp-image-5922\" srcset=\"https:\/\/noticiasregionais.com.br\/wp-content\/uploads\/2025\/08\/Projeto-Sentir-819x1024.jpeg 819w, https:\/\/noticiasregionais.com.br\/wp-content\/uploads\/2025\/08\/Projeto-Sentir-240x300.jpeg 240w, https:\/\/noticiasregionais.com.br\/wp-content\/uploads\/2025\/08\/Projeto-Sentir-768x960.jpeg 768w, https:\/\/noticiasregionais.com.br\/wp-content\/uploads\/2025\/08\/Projeto-Sentir.jpeg 1024w\" sizes=\"(max-width: 819px) 100vw, 819px\" \/><\/figure>\n<\/div><input type=\"hidden\" id=\"baseurl\" value=\"https:\/\/noticiasregionais.com.br\"><input type=\"hidden\" id=\"audio_nonce\" value=\"533fbb67b1\">","protected":false},"excerpt":{"rendered":"<p>cr\u00e9dito da imagem: https:\/\/www.psitto.com.br Cinco Psic\u00f3logas, de diferentes cantinhos do Brasil, se unem atrav\u00e9s do Projeto Sentir para criar um&hellip;<\/p>\n","protected":false},"author":1,"featured_media":5921,"comment_status":"closed","ping_status":"open","sticky":false,"template":"","format":"standard","meta":{"sfsi_plus_gutenberg_text_before_share":"","sfsi_plus_gutenberg_show_text_before_share":"","sfsi_plus_gutenberg_icon_type":"","sfsi_plus_gutenberg_icon_alignemt":"","sfsi_plus_gutenburg_max_per_row":"","footnotes":""},"categories":[8,12,1],"tags":[],"class_list":["post-5920","post","type-post","status-publish","format-standard","has-post-thumbnail","hentry","category-brasil","category-capa","category-noticias"],"_links":{"self":[{"href":"https:\/\/noticiasregionais.com.br\/index.php?rest_route=\/wp\/v2\/posts\/5920","targetHints":{"allow":["GET"]}}],"collection":[{"href":"https:\/\/noticiasregionais.com.br\/index.php?rest_route=\/wp\/v2\/posts"}],"about":[{"href":"https:\/\/noticiasregionais.com.br\/index.php?rest_route=\/wp\/v2\/types\/post"}],"author":[{"embeddable":true,"href":"https:\/\/noticiasregionais.com.br\/index.php?rest_route=\/wp\/v2\/users\/1"}],"replies":[{"embeddable":true,"href":"https:\/\/noticiasregionais.com.br\/index.php?rest_route=%2Fwp%2Fv2%2Fcomments&post=5920"}],"version-history":[{"count":3,"href":"https:\/\/noticiasregionais.com.br\/index.php?rest_route=\/wp\/v2\/posts\/5920\/revisions"}],"predecessor-version":[{"id":5926,"href":"https:\/\/noticiasregionais.com.br\/index.php?rest_route=\/wp\/v2\/posts\/5920\/revisions\/5926"}],"wp:featuredmedia":[{"embeddable":true,"href":"https:\/\/noticiasregionais.com.br\/index.php?rest_route=\/wp\/v2\/media\/5921"}],"wp:attachment":[{"href":"https:\/\/noticiasregionais.com.br\/index.php?rest_route=%2Fwp%2Fv2%2Fmedia&parent=5920"}],"wp:term":[{"taxonomy":"category","embeddable":true,"href":"https:\/\/noticiasregionais.com.br\/index.php?rest_route=%2Fwp%2Fv2%2Fcategories&post=5920"},{"taxonomy":"post_tag","embeddable":true,"href":"https:\/\/noticiasregionais.com.br\/index.php?rest_route=%2Fwp%2Fv2%2Ftags&post=5920"}],"curies":[{"name":"wp","href":"https:\/\/api.w.org\/{rel}","templated":true}]}}