{"id":5927,"date":"2025-08-12T15:25:06","date_gmt":"2025-08-12T18:25:06","guid":{"rendered":"https:\/\/noticiasregionais.com.br\/?p=5927"},"modified":"2025-08-12T15:25:20","modified_gmt":"2025-08-12T18:25:20","slug":"casa-da-mulher-sp-abre-programacao-do-agosto-lilas-com-palestras-sobre-violencia","status":"publish","type":"post","link":"https:\/\/noticiasregionais.com.br\/?p=5927","title":{"rendered":"Casa da Mulher SP abre programa\u00e7\u00e3o do Agosto Lil\u00e1s com palestras sobre viol\u00eancia"},"content":{"rendered":"\n<p>A Casa da Mulher Paulista, mantida pela Prefeitura de Ourinhos, deu in\u00edcio na segunda-feira (11) a uma s\u00e9rie de palestras que marcam o Agosto Lil\u00e1s \u2014 campanha nacional dedicada ao combate \u00e0 viol\u00eancia contra a mulher.<\/p>\n\n\n\n<p>A abertura contou com a participa\u00e7\u00e3o de Fernanda Corazza, procuradora especial da Mulher na C\u00e2mara Municipal, que abordou o tema <em>\u201cViol\u00eancia contra a mulher: o problema tamb\u00e9m \u00e9 nosso\u201d<\/em>.<\/p>\n\n\n\n<p>A programa\u00e7\u00e3o segue at\u00e9 quinta-feira, sempre \u00e0s 14h, com entrada gratuita e sem necessidade de inscri\u00e7\u00e3o pr\u00e9via. Al\u00e9m das palestras, o p\u00fablico pode conhecer de perto os servi\u00e7os disponibilizados pela Casa durante todo o ano.<\/p>\n\n\n\n<p><strong>Agenda dos pr\u00f3ximos dias:<\/strong><\/p>\n\n\n\n<ul class=\"wp-block-list\">\n<li><strong>12\/08<\/strong> \u2013 Fernanda Hueso | <em>Direitos das mulheres e Lei Maria da Penha<\/em><\/li>\n\n\n\n<li><strong>13\/08<\/strong> \u2013 Isadora Saliba | <em>Empoderamento feminino<\/em><\/li>\n\n\n\n<li><strong>14\/08<\/strong> \u2013 Simone Cecheiro | <em>Viol\u00eancia na gesta\u00e7\u00e3o<\/em><\/li>\n<\/ul>\n<input type=\"hidden\" id=\"baseurl\" value=\"https:\/\/noticiasregionais.com.br\"><input type=\"hidden\" id=\"audio_nonce\" value=\"533fbb67b1\">","protected":false},"excerpt":{"rendered":"<p>A Casa da Mulher Paulista, mantida pela Prefeitura de Ourinhos, deu in\u00edcio na segunda-feira (11) a uma s\u00e9rie de palestras&hellip;<\/p>\n","protected":false},"author":1,"featured_media":5928,"comment_status":"closed","ping_status":"open","sticky":false,"template":"","format":"standard","meta":{"sfsi_plus_gutenberg_text_before_share":"","sfsi_plus_gutenberg_show_text_before_share":"","sfsi_plus_gutenberg_icon_type":"","sfsi_plus_gutenberg_icon_alignemt":"","sfsi_plus_gutenburg_max_per_row":"","footnotes":""},"categories":[10,1,5],"tags":[16],"class_list":["post-5927","post","type-post","status-publish","format-standard","has-post-thumbnail","hentry","category-destaques","category-noticias","category-ourinhos","tag-ourinhos"],"_links":{"self":[{"href":"https:\/\/noticiasregionais.com.br\/index.php?rest_route=\/wp\/v2\/posts\/5927","targetHints":{"allow":["GET"]}}],"collection":[{"href":"https:\/\/noticiasregionais.com.br\/index.php?rest_route=\/wp\/v2\/posts"}],"about":[{"href":"https:\/\/noticiasregionais.com.br\/index.php?rest_route=\/wp\/v2\/types\/post"}],"author":[{"embeddable":true,"href":"https:\/\/noticiasregionais.com.br\/index.php?rest_route=\/wp\/v2\/users\/1"}],"replies":[{"embeddable":true,"href":"https:\/\/noticiasregionais.com.br\/index.php?rest_route=%2Fwp%2Fv2%2Fcomments&post=5927"}],"version-history":[{"count":1,"href":"https:\/\/noticiasregionais.com.br\/index.php?rest_route=\/wp\/v2\/posts\/5927\/revisions"}],"predecessor-version":[{"id":5929,"href":"https:\/\/noticiasregionais.com.br\/index.php?rest_route=\/wp\/v2\/posts\/5927\/revisions\/5929"}],"wp:featuredmedia":[{"embeddable":true,"href":"https:\/\/noticiasregionais.com.br\/index.php?rest_route=\/wp\/v2\/media\/5928"}],"wp:attachment":[{"href":"https:\/\/noticiasregionais.com.br\/index.php?rest_route=%2Fwp%2Fv2%2Fmedia&parent=5927"}],"wp:term":[{"taxonomy":"category","embeddable":true,"href":"https:\/\/noticiasregionais.com.br\/index.php?rest_route=%2Fwp%2Fv2%2Fcategories&post=5927"},{"taxonomy":"post_tag","embeddable":true,"href":"https:\/\/noticiasregionais.com.br\/index.php?rest_route=%2Fwp%2Fv2%2Ftags&post=5927"}],"curies":[{"name":"wp","href":"https:\/\/api.w.org\/{rel}","templated":true}]}}