{"id":5930,"date":"2025-08-12T15:33:47","date_gmt":"2025-08-12T18:33:47","guid":{"rendered":"https:\/\/noticiasregionais.com.br\/?p=5930"},"modified":"2025-08-12T15:33:59","modified_gmt":"2025-08-12T18:33:59","slug":"falta-de-saneamento-basico-leva-mais-de-80-mil-idosos-a-internacao-no-brasil-em-2024","status":"publish","type":"post","link":"https:\/\/noticiasregionais.com.br\/?p=5930","title":{"rendered":"Falta de saneamento b\u00e1sico leva mais de 80 mil idosos \u00e0 interna\u00e7\u00e3o no Brasil em 2024"},"content":{"rendered":"\n<p>Em 2024, mais de 80 mil idosos precisaram ser internados no Brasil por doen\u00e7as ligadas ao saneamento ambiental inadequado, revela levantamento do Instituto Trata Brasil (ITB) com base em dados do DATASUS. Ao todo, foram registradas 344 mil interna\u00e7\u00f5es por essas enfermidades, sendo que pessoas com mais de 60 anos representaram 23,5% dos casos.<\/p>\n\n\n\n<p>O cen\u00e1rio tamb\u00e9m \u00e9 alarmante quando se analisam as mortes: das 11.554 ocorr\u00eancias registradas no ano passado, 8.830 foram de idosos \u2014 76,4% do total. Segundo o estudo, a falta de acesso \u00e0 \u00e1gua tratada e \u00e0 coleta e tratamento de esgoto facilita a propaga\u00e7\u00e3o de doen\u00e7as e atinge de forma mais severa os grupos vulner\u00e1veis, como crian\u00e7as e idosos.<\/p>\n\n\n\n<p>A pesquisa refor\u00e7a que a universaliza\u00e7\u00e3o do saneamento b\u00e1sico poderia reduzir significativamente as contamina\u00e7\u00f5es e salvar vidas, garantindo mais sa\u00fade e qualidade de vida para toda a popula\u00e7\u00e3o, especialmente para quem j\u00e1 passou dos 60 anos.<\/p>\n\n\n\n<p>O <strong>Ranking do Saneamento 2025<\/strong>, divulgado pelo ITB em parceria com a GO Associados, revela que 16,9% dos brasileiros ainda n\u00e3o t\u00eam acesso \u00e0 \u00e1gua pot\u00e1vel e 44,8% n\u00e3o contam com coleta de esgoto. Al\u00e9m de colocar vidas em risco, essa car\u00eancia prejudica a produtividade, desvaloriza im\u00f3veis, limita o turismo e freia o desenvolvimento socioecon\u00f4mico do pa\u00eds.<\/p>\n\n\n\n<p>Fonte: Brasil 61 \u2013 <a class=\"\" href=\"https:\/\/brasil61.com\/n\/falta-de-saneamento-basico-leva-mais-de-80-mil-idosos-a-internacao-de-no-brasil-bras2514496\" target=\"_blank\" rel=\"noopener\">link da mat\u00e9ria original<\/a><\/p>\n<input type=\"hidden\" id=\"baseurl\" value=\"https:\/\/noticiasregionais.com.br\"><input type=\"hidden\" id=\"audio_nonce\" value=\"533fbb67b1\">","protected":false},"excerpt":{"rendered":"<p>Em 2024, mais de 80 mil idosos precisaram ser internados no Brasil por doen\u00e7as ligadas ao saneamento ambiental inadequado, revela&hellip;<\/p>\n","protected":false},"author":1,"featured_media":5931,"comment_status":"closed","ping_status":"open","sticky":false,"template":"","format":"standard","meta":{"sfsi_plus_gutenberg_text_before_share":"","sfsi_plus_gutenberg_show_text_before_share":"","sfsi_plus_gutenberg_icon_type":"","sfsi_plus_gutenberg_icon_alignemt":"","sfsi_plus_gutenburg_max_per_row":"","footnotes":""},"categories":[8,10,1],"tags":[],"class_list":["post-5930","post","type-post","status-publish","format-standard","has-post-thumbnail","hentry","category-brasil","category-destaques","category-noticias"],"_links":{"self":[{"href":"https:\/\/noticiasregionais.com.br\/index.php?rest_route=\/wp\/v2\/posts\/5930","targetHints":{"allow":["GET"]}}],"collection":[{"href":"https:\/\/noticiasregionais.com.br\/index.php?rest_route=\/wp\/v2\/posts"}],"about":[{"href":"https:\/\/noticiasregionais.com.br\/index.php?rest_route=\/wp\/v2\/types\/post"}],"author":[{"embeddable":true,"href":"https:\/\/noticiasregionais.com.br\/index.php?rest_route=\/wp\/v2\/users\/1"}],"replies":[{"embeddable":true,"href":"https:\/\/noticiasregionais.com.br\/index.php?rest_route=%2Fwp%2Fv2%2Fcomments&post=5930"}],"version-history":[{"count":1,"href":"https:\/\/noticiasregionais.com.br\/index.php?rest_route=\/wp\/v2\/posts\/5930\/revisions"}],"predecessor-version":[{"id":5932,"href":"https:\/\/noticiasregionais.com.br\/index.php?rest_route=\/wp\/v2\/posts\/5930\/revisions\/5932"}],"wp:featuredmedia":[{"embeddable":true,"href":"https:\/\/noticiasregionais.com.br\/index.php?rest_route=\/wp\/v2\/media\/5931"}],"wp:attachment":[{"href":"https:\/\/noticiasregionais.com.br\/index.php?rest_route=%2Fwp%2Fv2%2Fmedia&parent=5930"}],"wp:term":[{"taxonomy":"category","embeddable":true,"href":"https:\/\/noticiasregionais.com.br\/index.php?rest_route=%2Fwp%2Fv2%2Fcategories&post=5930"},{"taxonomy":"post_tag","embeddable":true,"href":"https:\/\/noticiasregionais.com.br\/index.php?rest_route=%2Fwp%2Fv2%2Ftags&post=5930"}],"curies":[{"name":"wp","href":"https:\/\/api.w.org\/{rel}","templated":true}]}}