{"id":5933,"date":"2025-08-12T15:40:09","date_gmt":"2025-08-12T18:40:09","guid":{"rendered":"https:\/\/noticiasregionais.com.br\/?p=5933"},"modified":"2025-08-12T15:40:21","modified_gmt":"2025-08-12T18:40:21","slug":"sindicato-dos-eletricitarios-de-ipaussu-empossa-nova-diretoria-para-o-mandato-2025-2029","status":"publish","type":"post","link":"https:\/\/noticiasregionais.com.br\/?p=5933","title":{"rendered":"Sindicato dos Eletricit\u00e1rios de Ipaussu empossa nova diretoria para o mandato 2025-2029"},"content":{"rendered":"\n<p>A nova diretoria do Sindicato dos Eletricit\u00e1rios de Ipaussu tomou posse para o mandato 2025-2029, ap\u00f3s vencer as elei\u00e7\u00f5es com 98% dos votos v\u00e1lidos. A cerim\u00f4nia reuniu representantes de entidades sindicais e autoridades do setor el\u00e9trico.<\/p>\n\n\n\n<p>O presidente reeleito, Andr\u00e9 Paladino, destacou que a nova gest\u00e3o enfrentar\u00e1 um per\u00edodo de desafios, citando a necessidade de renova\u00e7\u00e3o e uni\u00e3o para lidar com mudan\u00e7as no setor e preservar direitos trabalhistas. J\u00e1 o secret\u00e1rio-geral, Davi Gon\u00e7alves, refor\u00e7ou a import\u00e2ncia da coletividade e da resist\u00eancia dos trabalhadores para manter conquistas hist\u00f3ricas.<\/p>\n\n\n\n<p>Entre os presentes, Alexandre Meduneckas, presidente em exerc\u00edcio do Sindicato dos Eletricit\u00e1rios de S\u00e3o Paulo, enfatizou que a uni\u00e3o \u00e9 fundamental para superar as dificuldades previstas para os pr\u00f3ximos anos. Miguel Torres, da For\u00e7a Sindical, ressaltou a relev\u00e2ncia estrat\u00e9gica da categoria, enquanto Jos\u00e9 Reginaldo, da Confedera\u00e7\u00e3o Nacional dos Trabalhadores na Ind\u00fastria (CNTI), avaliou que a nova gest\u00e3o assume em um momento decisivo para a classe trabalhadora.<\/p>\n\n\n\n<p>Segundo a diretoria, as prioridades para o novo ciclo incluem o fortalecimento da base sindical, a amplia\u00e7\u00e3o do n\u00famero de filiados e investimentos em forma\u00e7\u00e3o pol\u00edtica. Entre os desafios apontados est\u00e3o a terceiriza\u00e7\u00e3o, press\u00f5es por produtividade e altera\u00e7\u00f5es que possam afetar a estabilidade e as condi\u00e7\u00f5es de trabalho dos eletricit\u00e1rios.<\/p>\n\n\n\n<p>A posse marcou o in\u00edcio de um novo ciclo para a entidade, que pretende manter di\u00e1logo constante com a categoria e buscar solu\u00e7\u00f5es para as demandas do setor.<\/p>\n\n\n\n<figure class=\"wp-block-gallery has-nested-images columns-default is-cropped wp-block-gallery-1 is-layout-flex wp-block-gallery-is-layout-flex\">\n<figure class=\"wp-block-image size-large\"><img decoding=\"async\" width=\"1024\" height=\"555\" data-id=\"5937\" src=\"https:\/\/noticiasregionais.com.br\/wp-content\/uploads\/2025\/08\/WhatsApp-Image-2025-08-11-at-16.09.09-1024x555.jpeg\" alt=\"\" class=\"wp-image-5937\" srcset=\"https:\/\/noticiasregionais.com.br\/wp-content\/uploads\/2025\/08\/WhatsApp-Image-2025-08-11-at-16.09.09-1024x555.jpeg 1024w, https:\/\/noticiasregionais.com.br\/wp-content\/uploads\/2025\/08\/WhatsApp-Image-2025-08-11-at-16.09.09-300x163.jpeg 300w, https:\/\/noticiasregionais.com.br\/wp-content\/uploads\/2025\/08\/WhatsApp-Image-2025-08-11-at-16.09.09-768x416.jpeg 768w, https:\/\/noticiasregionais.com.br\/wp-content\/uploads\/2025\/08\/WhatsApp-Image-2025-08-11-at-16.09.09-1536x833.jpeg 1536w, https:\/\/noticiasregionais.com.br\/wp-content\/uploads\/2025\/08\/WhatsApp-Image-2025-08-11-at-16.09.09-2048x1110.jpeg 2048w\" sizes=\"(max-width: 1024px) 100vw, 1024px\" \/><\/figure>\n\n\n\n<figure class=\"wp-block-image size-large\"><img decoding=\"async\" width=\"1024\" height=\"682\" data-id=\"5934\" src=\"https:\/\/noticiasregionais.com.br\/wp-content\/uploads\/2025\/08\/WhatsApp-Image-2025-08-11-at-16.09.07-1024x682.jpeg\" alt=\"\" class=\"wp-image-5934\" srcset=\"https:\/\/noticiasregionais.com.br\/wp-content\/uploads\/2025\/08\/WhatsApp-Image-2025-08-11-at-16.09.07-1024x682.jpeg 1024w, https:\/\/noticiasregionais.com.br\/wp-content\/uploads\/2025\/08\/WhatsApp-Image-2025-08-11-at-16.09.07-300x200.jpeg 300w, https:\/\/noticiasregionais.com.br\/wp-content\/uploads\/2025\/08\/WhatsApp-Image-2025-08-11-at-16.09.07-768x512.jpeg 768w, https:\/\/noticiasregionais.com.br\/wp-content\/uploads\/2025\/08\/WhatsApp-Image-2025-08-11-at-16.09.07-1536x1023.jpeg 1536w, https:\/\/noticiasregionais.com.br\/wp-content\/uploads\/2025\/08\/WhatsApp-Image-2025-08-11-at-16.09.07.jpeg 1600w\" sizes=\"(max-width: 1024px) 100vw, 1024px\" \/><\/figure>\n\n\n\n<figure class=\"wp-block-image size-large\"><img decoding=\"async\" width=\"1024\" height=\"615\" data-id=\"5935\" src=\"https:\/\/noticiasregionais.com.br\/wp-content\/uploads\/2025\/08\/WhatsApp-Image-2025-08-11-at-16.09.10-1024x615.jpeg\" alt=\"\" class=\"wp-image-5935\" srcset=\"https:\/\/noticiasregionais.com.br\/wp-content\/uploads\/2025\/08\/WhatsApp-Image-2025-08-11-at-16.09.10-1024x615.jpeg 1024w, https:\/\/noticiasregionais.com.br\/wp-content\/uploads\/2025\/08\/WhatsApp-Image-2025-08-11-at-16.09.10-300x180.jpeg 300w, https:\/\/noticiasregionais.com.br\/wp-content\/uploads\/2025\/08\/WhatsApp-Image-2025-08-11-at-16.09.10-768x461.jpeg 768w, https:\/\/noticiasregionais.com.br\/wp-content\/uploads\/2025\/08\/WhatsApp-Image-2025-08-11-at-16.09.10.jpeg 1360w\" sizes=\"(max-width: 1024px) 100vw, 1024px\" \/><\/figure>\n<\/figure>\n<input type=\"hidden\" id=\"baseurl\" value=\"https:\/\/noticiasregionais.com.br\"><input type=\"hidden\" id=\"audio_nonce\" value=\"533fbb67b1\">","protected":false},"excerpt":{"rendered":"<p>A nova diretoria do Sindicato dos Eletricit\u00e1rios de Ipaussu tomou posse para o mandato 2025-2029, ap\u00f3s vencer as elei\u00e7\u00f5es com&hellip;<\/p>\n","protected":false},"author":1,"featured_media":5936,"comment_status":"closed","ping_status":"open","sticky":false,"template":"","format":"standard","meta":{"sfsi_plus_gutenberg_text_before_share":"","sfsi_plus_gutenberg_show_text_before_share":"","sfsi_plus_gutenberg_icon_type":"","sfsi_plus_gutenberg_icon_alignemt":"","sfsi_plus_gutenburg_max_per_row":"","footnotes":""},"categories":[10,1,6],"tags":[50,16],"class_list":["post-5933","post","type-post","status-publish","format-standard","has-post-thumbnail","hentry","category-destaques","category-noticias","category-sao_paulo","tag-ipaussu","tag-ourinhos"],"_links":{"self":[{"href":"https:\/\/noticiasregionais.com.br\/index.php?rest_route=\/wp\/v2\/posts\/5933","targetHints":{"allow":["GET"]}}],"collection":[{"href":"https:\/\/noticiasregionais.com.br\/index.php?rest_route=\/wp\/v2\/posts"}],"about":[{"href":"https:\/\/noticiasregionais.com.br\/index.php?rest_route=\/wp\/v2\/types\/post"}],"author":[{"embeddable":true,"href":"https:\/\/noticiasregionais.com.br\/index.php?rest_route=\/wp\/v2\/users\/1"}],"replies":[{"embeddable":true,"href":"https:\/\/noticiasregionais.com.br\/index.php?rest_route=%2Fwp%2Fv2%2Fcomments&post=5933"}],"version-history":[{"count":1,"href":"https:\/\/noticiasregionais.com.br\/index.php?rest_route=\/wp\/v2\/posts\/5933\/revisions"}],"predecessor-version":[{"id":5938,"href":"https:\/\/noticiasregionais.com.br\/index.php?rest_route=\/wp\/v2\/posts\/5933\/revisions\/5938"}],"wp:featuredmedia":[{"embeddable":true,"href":"https:\/\/noticiasregionais.com.br\/index.php?rest_route=\/wp\/v2\/media\/5936"}],"wp:attachment":[{"href":"https:\/\/noticiasregionais.com.br\/index.php?rest_route=%2Fwp%2Fv2%2Fmedia&parent=5933"}],"wp:term":[{"taxonomy":"category","embeddable":true,"href":"https:\/\/noticiasregionais.com.br\/index.php?rest_route=%2Fwp%2Fv2%2Fcategories&post=5933"},{"taxonomy":"post_tag","embeddable":true,"href":"https:\/\/noticiasregionais.com.br\/index.php?rest_route=%2Fwp%2Fv2%2Ftags&post=5933"}],"curies":[{"name":"wp","href":"https:\/\/api.w.org\/{rel}","templated":true}]}}