{"id":5943,"date":"2025-08-18T18:44:20","date_gmt":"2025-08-18T21:44:20","guid":{"rendered":"https:\/\/noticiasregionais.com.br\/?p=5943"},"modified":"2025-08-18T18:44:25","modified_gmt":"2025-08-18T21:44:25","slug":"pre-apreende-quase-50-quilos-de-maconha-em-onibus-na-sp-327-em-santa-cruz-do-rio-pardo","status":"publish","type":"post","link":"https:\/\/noticiasregionais.com.br\/?p=5943","title":{"rendered":"PRE apreende quase 50 quilos de maconha em \u00f4nibus na SP-327 em Santa Cruz do Rio Pardo"},"content":{"rendered":"\n<p>Na manh\u00e3 desta segunda-feira (18), a Pol\u00edcia Militar Rodovi\u00e1ria realizou uma apreens\u00e3o de drogas durante fiscaliza\u00e7\u00e3o na Rodovia Orlando Quagliato (SP-327), em Santa Cruz do Rio Pardo. A a\u00e7\u00e3o faz parte da <em>Opera\u00e7\u00e3o Impacto\/Divisa<\/em>.<\/p>\n\n\n\n<p>Por volta das 9h30, os policiais abordaram um \u00f4nibus de linha interestadual que seguia de Foz do Igua\u00e7u (PR) para S\u00e3o Paulo (SP). Durante a vistoria no compartimento de bagagens, foram encontradas duas malas com tabletes de maconha, al\u00e9m de uma mochila contendo parte da droga.<\/p>\n\n\n\n<p>No total, os agentes localizaram <strong>62 tabletes de entorpecente<\/strong>, somando <strong>49,497 kg de maconha<\/strong>. O material estava distribu\u00eddo entre pertences de dois passageiros: um ocupava a poltrona 45 e outro, a poltrona 39.<\/p>\n\n\n\n<p>De acordo com a PMRv, um dos detidos j\u00e1 possui antecedentes criminais pelo crime de furto. Ambos foram levados \u00e0 Central de Pol\u00edcia Judici\u00e1ria de Santa Cruz do Rio Pardo, onde permaneceram presos em flagrante. A droga foi apreendida.<\/p>\n<input type=\"hidden\" id=\"baseurl\" value=\"https:\/\/noticiasregionais.com.br\"><input type=\"hidden\" id=\"audio_nonce\" value=\"533fbb67b1\">","protected":false},"excerpt":{"rendered":"<p>Na manh\u00e3 desta segunda-feira (18), a Pol\u00edcia Militar Rodovi\u00e1ria realizou uma apreens\u00e3o de drogas durante fiscaliza\u00e7\u00e3o na Rodovia Orlando Quagliato&hellip;<\/p>\n","protected":false},"author":1,"featured_media":5944,"comment_status":"closed","ping_status":"open","sticky":false,"template":"","format":"standard","meta":{"sfsi_plus_gutenberg_text_before_share":"","sfsi_plus_gutenberg_show_text_before_share":"","sfsi_plus_gutenberg_icon_type":"","sfsi_plus_gutenberg_icon_alignemt":"","sfsi_plus_gutenburg_max_per_row":"","footnotes":""},"categories":[12,1,6],"tags":[],"class_list":["post-5943","post","type-post","status-publish","format-standard","has-post-thumbnail","hentry","category-capa","category-noticias","category-sao_paulo"],"_links":{"self":[{"href":"https:\/\/noticiasregionais.com.br\/index.php?rest_route=\/wp\/v2\/posts\/5943","targetHints":{"allow":["GET"]}}],"collection":[{"href":"https:\/\/noticiasregionais.com.br\/index.php?rest_route=\/wp\/v2\/posts"}],"about":[{"href":"https:\/\/noticiasregionais.com.br\/index.php?rest_route=\/wp\/v2\/types\/post"}],"author":[{"embeddable":true,"href":"https:\/\/noticiasregionais.com.br\/index.php?rest_route=\/wp\/v2\/users\/1"}],"replies":[{"embeddable":true,"href":"https:\/\/noticiasregionais.com.br\/index.php?rest_route=%2Fwp%2Fv2%2Fcomments&post=5943"}],"version-history":[{"count":1,"href":"https:\/\/noticiasregionais.com.br\/index.php?rest_route=\/wp\/v2\/posts\/5943\/revisions"}],"predecessor-version":[{"id":5945,"href":"https:\/\/noticiasregionais.com.br\/index.php?rest_route=\/wp\/v2\/posts\/5943\/revisions\/5945"}],"wp:featuredmedia":[{"embeddable":true,"href":"https:\/\/noticiasregionais.com.br\/index.php?rest_route=\/wp\/v2\/media\/5944"}],"wp:attachment":[{"href":"https:\/\/noticiasregionais.com.br\/index.php?rest_route=%2Fwp%2Fv2%2Fmedia&parent=5943"}],"wp:term":[{"taxonomy":"category","embeddable":true,"href":"https:\/\/noticiasregionais.com.br\/index.php?rest_route=%2Fwp%2Fv2%2Fcategories&post=5943"},{"taxonomy":"post_tag","embeddable":true,"href":"https:\/\/noticiasregionais.com.br\/index.php?rest_route=%2Fwp%2Fv2%2Ftags&post=5943"}],"curies":[{"name":"wp","href":"https:\/\/api.w.org\/{rel}","templated":true}]}}