{"id":5946,"date":"2025-08-18T18:50:53","date_gmt":"2025-08-18T21:50:53","guid":{"rendered":"https:\/\/noticiasregionais.com.br\/?p=5946"},"modified":"2025-08-18T18:50:57","modified_gmt":"2025-08-18T21:50:57","slug":"ourinhos-avanca-nos-indicadores-do-cadastro-unico-e-conquista-novo-veiculo-para-atendimento-social","status":"publish","type":"post","link":"https:\/\/noticiasregionais.com.br\/?p=5946","title":{"rendered":"Ourinhos avan\u00e7a nos indicadores do Cadastro \u00danico e conquista novo ve\u00edculo para atendimento social"},"content":{"rendered":"\n<p>A Prefeitura de Ourinhos, por meio da Secretaria Municipal de Assist\u00eancia e Desenvolvimento Social, divulgou os resultados do primeiro semestre de 2025 relacionados ao Cadastro \u00danico e \u00e0s condicionalidades do Programa Bolsa Fam\u00edlia. Os n\u00fameros apontam melhorias significativas em sa\u00fade, educa\u00e7\u00e3o e atualiza\u00e7\u00e3o cadastral, fortalecendo as pol\u00edticas p\u00fablicas de inclus\u00e3o e combate \u00e0s desigualdades.<\/p>\n\n\n\n<h4 class=\"wp-block-heading\">Sa\u00fade<\/h4>\n\n\n\n<p>O acompanhamento na \u00e1rea da sa\u00fade registrou crescimento expressivo: passou de <strong>69,57% no segundo semestre de 2024 para 75,11% em 2025<\/strong>, superando a m\u00e9dia estadual, que foi de 72,32%. Ao todo, <strong>6.055 pessoas foram acompanhadas<\/strong>, resultado que reflete a efetividade das a\u00e7\u00f5es em conjunto com a Secretaria Municipal de Sa\u00fade, incluindo mutir\u00f5es realizados na cidade.<\/p>\n\n\n\n<h4 class=\"wp-block-heading\">Educa\u00e7\u00e3o<\/h4>\n\n\n\n<p>Na educa\u00e7\u00e3o, os resultados tamb\u00e9m foram positivos. At\u00e9 maio, <strong>4.971 crian\u00e7as e adolescentes foram acompanhados<\/strong>, o que corresponde a <strong>96,75% do p\u00fablico-alvo<\/strong>. O \u00edndice \u00e9 superior ao alcan\u00e7ado em 2024 (93,53%) e tamb\u00e9m \u00e0 m\u00e9dia do Estado de S\u00e3o Paulo, que ficou em 93,74%.<\/p>\n\n\n\n<h4 class=\"wp-block-heading\">Atualiza\u00e7\u00e3o do Cadastro \u00danico<\/h4>\n\n\n\n<p>Em junho, a taxa geral de atualiza\u00e7\u00e3o do Cad\u00danico atingiu <strong>74,95%<\/strong>, superando os 73,75% registrados no mesmo per\u00edodo do ano anterior. Entre fam\u00edlias com renda de at\u00e9 meio sal\u00e1rio m\u00ednimo per capita, a taxa foi ainda maior, chegando a <strong>83,72%<\/strong>.<\/p>\n\n\n\n<p>Os dados, fornecidos pelo Minist\u00e9rio do Desenvolvimento e Assist\u00eancia Social (MDS), por meio da SAGICAD, refor\u00e7am a import\u00e2ncia da atualiza\u00e7\u00e3o cadastral para a manuten\u00e7\u00e3o dos benef\u00edcios e para um diagn\u00f3stico mais preciso da realidade social do munic\u00edpio.<\/p>\n\n\n\n<h4 class=\"wp-block-heading\">Novos investimentos e conquistas<\/h4>\n\n\n\n<p>Pelo cumprimento das exig\u00eancias do <strong>Programa de Fortalecimento do Cadastro \u00danico no SUAS (PROCAD-SUAS)<\/strong>, Ourinhos recebeu a primeira parcela do financiamento federal em julho deste ano. Al\u00e9m disso, com o desempenho positivo no <strong>\u00cdndice de Gest\u00e3o Descentralizada (IGD)<\/strong>, o munic\u00edpio p\u00f4de adquirir <strong>um novo ve\u00edculo<\/strong> para apoiar o trabalho das equipes, ampliando a capacidade de atendimento.<\/p>\n\n\n\n<p>O servi\u00e7o do Cad\u00danico segue descentralizado e dispon\u00edvel nos CRAS da cidade. Somente no primeiro semestre, foram contabilizados <strong>4.572 cadastros e atualiza\u00e7\u00f5es<\/strong>, crescimento de 3,1% em rela\u00e7\u00e3o ao mesmo per\u00edodo de 2024. Tamb\u00e9m j\u00e1 foram realizadas <strong>1.587 visitas domiciliares<\/strong>, m\u00e9dia de quase 400 por m\u00eas.<\/p>\n\n\n\n<p>A organiza\u00e7\u00e3o e monitoramento dos dados foram conduzidos pelo setor de Programas e Cadastros Socioassistenciais, coordenado pela servidora <strong>Viviane Pereira Cardoso Leite<\/strong>, com apoio do agente de Vigil\u00e2ncia Socioassistencial <strong>Rony Furtado<\/strong>, sob solicita\u00e7\u00e3o do secret\u00e1rio municipal <strong>Ronaldo Cachoni Zanchetta<\/strong>.<\/p>\n<input type=\"hidden\" id=\"baseurl\" value=\"https:\/\/noticiasregionais.com.br\"><input type=\"hidden\" id=\"audio_nonce\" value=\"533fbb67b1\">","protected":false},"excerpt":{"rendered":"<p>A Prefeitura de Ourinhos, por meio da Secretaria Municipal de Assist\u00eancia e Desenvolvimento Social, divulgou os resultados do primeiro semestre&hellip;<\/p>\n","protected":false},"author":1,"featured_media":5947,"comment_status":"closed","ping_status":"open","sticky":false,"template":"","format":"standard","meta":{"sfsi_plus_gutenberg_text_before_share":"","sfsi_plus_gutenberg_show_text_before_share":"","sfsi_plus_gutenberg_icon_type":"","sfsi_plus_gutenberg_icon_alignemt":"","sfsi_plus_gutenburg_max_per_row":"","footnotes":""},"categories":[10,1,5],"tags":[],"class_list":["post-5946","post","type-post","status-publish","format-standard","has-post-thumbnail","hentry","category-destaques","category-noticias","category-ourinhos"],"_links":{"self":[{"href":"https:\/\/noticiasregionais.com.br\/index.php?rest_route=\/wp\/v2\/posts\/5946","targetHints":{"allow":["GET"]}}],"collection":[{"href":"https:\/\/noticiasregionais.com.br\/index.php?rest_route=\/wp\/v2\/posts"}],"about":[{"href":"https:\/\/noticiasregionais.com.br\/index.php?rest_route=\/wp\/v2\/types\/post"}],"author":[{"embeddable":true,"href":"https:\/\/noticiasregionais.com.br\/index.php?rest_route=\/wp\/v2\/users\/1"}],"replies":[{"embeddable":true,"href":"https:\/\/noticiasregionais.com.br\/index.php?rest_route=%2Fwp%2Fv2%2Fcomments&post=5946"}],"version-history":[{"count":1,"href":"https:\/\/noticiasregionais.com.br\/index.php?rest_route=\/wp\/v2\/posts\/5946\/revisions"}],"predecessor-version":[{"id":5948,"href":"https:\/\/noticiasregionais.com.br\/index.php?rest_route=\/wp\/v2\/posts\/5946\/revisions\/5948"}],"wp:featuredmedia":[{"embeddable":true,"href":"https:\/\/noticiasregionais.com.br\/index.php?rest_route=\/wp\/v2\/media\/5947"}],"wp:attachment":[{"href":"https:\/\/noticiasregionais.com.br\/index.php?rest_route=%2Fwp%2Fv2%2Fmedia&parent=5946"}],"wp:term":[{"taxonomy":"category","embeddable":true,"href":"https:\/\/noticiasregionais.com.br\/index.php?rest_route=%2Fwp%2Fv2%2Fcategories&post=5946"},{"taxonomy":"post_tag","embeddable":true,"href":"https:\/\/noticiasregionais.com.br\/index.php?rest_route=%2Fwp%2Fv2%2Ftags&post=5946"}],"curies":[{"name":"wp","href":"https:\/\/api.w.org\/{rel}","templated":true}]}}