{"id":5949,"date":"2025-08-18T18:54:55","date_gmt":"2025-08-18T21:54:55","guid":{"rendered":"https:\/\/noticiasregionais.com.br\/?p=5949"},"modified":"2025-08-18T18:54:59","modified_gmt":"2025-08-18T21:54:59","slug":"ourinhos-recebe-treinamento-gratuito-do-sebrae-sp-ace-e-oab-para-impulsionar-vendas-no-dia-do-cliente","status":"publish","type":"post","link":"https:\/\/noticiasregionais.com.br\/?p=5949","title":{"rendered":"Ourinhos recebe treinamento gratuito do Sebrae-SP, ACE e OAB para impulsionar vendas no Dia do Cliente"},"content":{"rendered":"\n<p>No dia <strong>21 de agosto<\/strong>, \u00e0s <strong>18h30<\/strong>, empreendedores e comerciantes de Ourinhos ter\u00e3o a oportunidade de participar de um <strong>treinamento gratuito<\/strong> promovido pelo Sebrae-SP, em parceria com a Associa\u00e7\u00e3o Comercial e Empresarial de Ourinhos (ACE) e a subse\u00e7\u00e3o local da Ordem dos Advogados do Brasil (OAB).<\/p>\n\n\n\n<p>A capacita\u00e7\u00e3o acontece na sede da ACE, localizada na <strong>Rua Benjamin Constant, n\u00ba 63, Centro<\/strong>, e tem como tema <strong>\u201cDo Like \u00e0 Compra: Estrat\u00e9gias Digitais que Transformam Seguidores em Clientes Fi\u00e9is\u201d<\/strong>. O foco ser\u00e1 apresentar ferramentas pr\u00e1ticas para ampliar resultados de vendas, especialmente no ambiente digital.<\/p>\n\n\n\n<p>Durante o encontro, ser\u00e3o abordadas estrat\u00e9gias de marketing para redes sociais, com destaque para o <strong>TikTok<\/strong> e outras plataformas que t\u00eam ganhado espa\u00e7o no varejo. Os participantes aprender\u00e3o a <strong>produzir an\u00fancios atrativos, fortalecer suas marcas online e converter seguidores em clientes fi\u00e9is<\/strong>, aproveitando o potencial da data comemorativa para aumentar o faturamento.<\/p>\n\n\n\n<p>Voltado para quem deseja se preparar para o <strong>Dia do Cliente<\/strong>, o treinamento promete ser um diferencial competitivo para lojistas e empreendedores que buscam expandir seus neg\u00f3cios.<\/p>\n\n\n\n<p>As vagas s\u00e3o limitadas e as inscri\u00e7\u00f5es devem ser realizadas antecipadamente pelo link: <a class=\"\" href=\"https:\/\/inscricao.sebraesp.com.br\/produto\/turma\/35694813\" target=\"_blank\" rel=\"noopener\">inscri\u00e7\u00e3o Sebrae-SP<\/a>.<br>A agenda completa de cursos e eventos do Sebrae-SP em Ourinhos e regi\u00e3o est\u00e1 dispon\u00edvel em: <a class=\"\" href=\"https:\/\/agenda.sebraesp.com.br\/\" target=\"_blank\" rel=\"noopener\">agenda Sebrae-SP<\/a>.<\/p>\n<input type=\"hidden\" id=\"baseurl\" value=\"https:\/\/noticiasregionais.com.br\"><input type=\"hidden\" id=\"audio_nonce\" value=\"5c13e0637f\">","protected":false},"excerpt":{"rendered":"<p>No dia 21 de agosto, \u00e0s 18h30, empreendedores e comerciantes de Ourinhos ter\u00e3o a oportunidade de participar de um treinamento&hellip;<\/p>\n","protected":false},"author":1,"featured_media":5950,"comment_status":"closed","ping_status":"open","sticky":false,"template":"","format":"standard","meta":{"sfsi_plus_gutenberg_text_before_share":"","sfsi_plus_gutenberg_show_text_before_share":"","sfsi_plus_gutenberg_icon_type":"","sfsi_plus_gutenberg_icon_alignemt":"","sfsi_plus_gutenburg_max_per_row":"","footnotes":""},"categories":[10,1,5],"tags":[16],"class_list":["post-5949","post","type-post","status-publish","format-standard","has-post-thumbnail","hentry","category-destaques","category-noticias","category-ourinhos","tag-ourinhos"],"_links":{"self":[{"href":"https:\/\/noticiasregionais.com.br\/index.php?rest_route=\/wp\/v2\/posts\/5949","targetHints":{"allow":["GET"]}}],"collection":[{"href":"https:\/\/noticiasregionais.com.br\/index.php?rest_route=\/wp\/v2\/posts"}],"about":[{"href":"https:\/\/noticiasregionais.com.br\/index.php?rest_route=\/wp\/v2\/types\/post"}],"author":[{"embeddable":true,"href":"https:\/\/noticiasregionais.com.br\/index.php?rest_route=\/wp\/v2\/users\/1"}],"replies":[{"embeddable":true,"href":"https:\/\/noticiasregionais.com.br\/index.php?rest_route=%2Fwp%2Fv2%2Fcomments&post=5949"}],"version-history":[{"count":1,"href":"https:\/\/noticiasregionais.com.br\/index.php?rest_route=\/wp\/v2\/posts\/5949\/revisions"}],"predecessor-version":[{"id":5951,"href":"https:\/\/noticiasregionais.com.br\/index.php?rest_route=\/wp\/v2\/posts\/5949\/revisions\/5951"}],"wp:featuredmedia":[{"embeddable":true,"href":"https:\/\/noticiasregionais.com.br\/index.php?rest_route=\/wp\/v2\/media\/5950"}],"wp:attachment":[{"href":"https:\/\/noticiasregionais.com.br\/index.php?rest_route=%2Fwp%2Fv2%2Fmedia&parent=5949"}],"wp:term":[{"taxonomy":"category","embeddable":true,"href":"https:\/\/noticiasregionais.com.br\/index.php?rest_route=%2Fwp%2Fv2%2Fcategories&post=5949"},{"taxonomy":"post_tag","embeddable":true,"href":"https:\/\/noticiasregionais.com.br\/index.php?rest_route=%2Fwp%2Fv2%2Ftags&post=5949"}],"curies":[{"name":"wp","href":"https:\/\/api.w.org\/{rel}","templated":true}]}}