{"id":595,"date":"2023-09-28T14:00:49","date_gmt":"2023-09-28T17:00:49","guid":{"rendered":"https:\/\/noticiasregionais.com.br\/?p=595"},"modified":"2023-09-28T14:00:54","modified_gmt":"2023-09-28T17:00:54","slug":"pesquisa-aponta-pior-desaprovacao-do-governo-lula-desde-o-inicio-do-ano","status":"publish","type":"post","link":"https:\/\/noticiasregionais.com.br\/?p=595","title":{"rendered":"Pesquisa aponta pior desaprova\u00e7\u00e3o do governo Lula desde o in\u00edcio do ano"},"content":{"rendered":"\n<p>O governo do presidente Luiz In\u00e1cio Lula da Silva (PT) tem a aprova\u00e7\u00e3o de 48% dos brasileiros, segundo pesquisa do PoderData divulgada nesta quinta-feira (29). O \u00edndice representa um empate t\u00e9cnico com o percentual dos que desaprovam o governo (45%), j\u00e1 que a margem de erro da pesquisa \u00e9 de 2 pontos percentuais. O percentual de desaprova\u00e7\u00e3o do governo representa uma alta de 6 pontos percentuais em rela\u00e7\u00e3o ao levantamento anterior, realizado em abril. Na ocasi\u00e3o, 39% dos brasileiros desaprovavam o governo. A aprova\u00e7\u00e3o do governo tamb\u00e9m caiu, mas em menor propor\u00e7\u00e3o. Em abril, 52% dos brasileiros aprovavam o governo. A pesquisa foi realizada de 24 a 26 de setembro por meio de liga\u00e7\u00f5es para celulares e telefones fixos. Foram feitas 2.500 entrevistas em 212 munic\u00edpios nas 27 unidades da federa\u00e7\u00e3o. O governo Lula \u00e9 melhor avaliado entre os jovens (58%), idosos (56%), pessoas com ensino fundamental (56%) e cat\u00f3licos (57%).<br>A taxa de desaprova\u00e7\u00e3o \u00e9 maior entre adultos de 25 a 44 anos (53%) e evang\u00e9licos (64%).<br>O petista tamb\u00e9m mant\u00e9m melhores \u00edndices de avalia\u00e7\u00e3o nas regi\u00f5es Nordeste (53%) e Sudeste (51%), perdendo nas regi\u00f5es Sul (32%), Centro-Oeste (43%) e Norte (48%).<br>A pesquisa mostra que a aprova\u00e7\u00e3o do governo Lula est\u00e1 em queda, com a desaprova\u00e7\u00e3o em alta. Esse cen\u00e1rio pode ser explicado por uma s\u00e9rie de fatores, como a infla\u00e7\u00e3o, que est\u00e1 em alta no Brasil, e a crise econ\u00f4mica global.<\/p>\n\n\n\n<p><sub>fonte: Gazeta do Povo<\/sub><\/p>\n<input type=\"hidden\" id=\"baseurl\" value=\"https:\/\/noticiasregionais.com.br\"><input type=\"hidden\" id=\"audio_nonce\" value=\"533fbb67b1\">","protected":false},"excerpt":{"rendered":"<p>O governo do presidente Luiz In\u00e1cio Lula da Silva (PT) tem a aprova\u00e7\u00e3o de 48% dos brasileiros, segundo pesquisa do&hellip;<\/p>\n","protected":false},"author":1,"featured_media":596,"comment_status":"closed","ping_status":"open","sticky":false,"template":"","format":"standard","meta":{"sfsi_plus_gutenberg_text_before_share":"","sfsi_plus_gutenberg_show_text_before_share":"","sfsi_plus_gutenberg_icon_type":"","sfsi_plus_gutenberg_icon_alignemt":"","sfsi_plus_gutenburg_max_per_row":"","footnotes":""},"categories":[8,12,1],"tags":[],"class_list":["post-595","post","type-post","status-publish","format-standard","has-post-thumbnail","hentry","category-brasil","category-capa","category-noticias"],"_links":{"self":[{"href":"https:\/\/noticiasregionais.com.br\/index.php?rest_route=\/wp\/v2\/posts\/595","targetHints":{"allow":["GET"]}}],"collection":[{"href":"https:\/\/noticiasregionais.com.br\/index.php?rest_route=\/wp\/v2\/posts"}],"about":[{"href":"https:\/\/noticiasregionais.com.br\/index.php?rest_route=\/wp\/v2\/types\/post"}],"author":[{"embeddable":true,"href":"https:\/\/noticiasregionais.com.br\/index.php?rest_route=\/wp\/v2\/users\/1"}],"replies":[{"embeddable":true,"href":"https:\/\/noticiasregionais.com.br\/index.php?rest_route=%2Fwp%2Fv2%2Fcomments&post=595"}],"version-history":[{"count":1,"href":"https:\/\/noticiasregionais.com.br\/index.php?rest_route=\/wp\/v2\/posts\/595\/revisions"}],"predecessor-version":[{"id":597,"href":"https:\/\/noticiasregionais.com.br\/index.php?rest_route=\/wp\/v2\/posts\/595\/revisions\/597"}],"wp:featuredmedia":[{"embeddable":true,"href":"https:\/\/noticiasregionais.com.br\/index.php?rest_route=\/wp\/v2\/media\/596"}],"wp:attachment":[{"href":"https:\/\/noticiasregionais.com.br\/index.php?rest_route=%2Fwp%2Fv2%2Fmedia&parent=595"}],"wp:term":[{"taxonomy":"category","embeddable":true,"href":"https:\/\/noticiasregionais.com.br\/index.php?rest_route=%2Fwp%2Fv2%2Fcategories&post=595"},{"taxonomy":"post_tag","embeddable":true,"href":"https:\/\/noticiasregionais.com.br\/index.php?rest_route=%2Fwp%2Fv2%2Ftags&post=595"}],"curies":[{"name":"wp","href":"https:\/\/api.w.org\/{rel}","templated":true}]}}