{"id":5952,"date":"2025-08-18T19:06:21","date_gmt":"2025-08-18T22:06:21","guid":{"rendered":"https:\/\/noticiasregionais.com.br\/?p=5952"},"modified":"2025-08-18T19:06:52","modified_gmt":"2025-08-18T22:06:52","slug":"prf-apreende-arma-de-uso-restrito-e-mounjaro-medicamento-avaliado-em-mais-de-r-350-mil-em-ourinhos","status":"publish","type":"post","link":"https:\/\/noticiasregionais.com.br\/?p=5952","title":{"rendered":"PRF apreende arma de uso restrito e Mounjaro, medicamento avaliado em mais de R$ 350 mil em Ourinhos"},"content":{"rendered":"\n<p>Na manh\u00e3 desta segunda-feira (18), a Pol\u00edcia Rodovi\u00e1ria Federal (PRF) realizou uma apreens\u00e3o significativa no km 347 da BR-153, em Ourinhos. Durante a a\u00e7\u00e3o, foram encontrados <strong>uma pistola de uso restrito<\/strong> e <strong>medicamentos contrabandeados avaliados em mais de R$ 350 mil<\/strong>. Tr\u00eas homens foram presos em flagrante.<\/p>\n\n\n\n<p>A ocorr\u00eancia teve in\u00edcio quando os agentes abordaram um <strong>Chevrolet Onix cinza, emplacado em Teresina (PI)<\/strong>. O ve\u00edculo era ocupado por tr\u00eas homens: o motorista, de 29 anos, e dois passageiros, de 36 e 25 anos. Durante a vistoria, os policiais solicitaram que todos desembarcassem para a checagem.<\/p>\n\n\n\n<p>Na inspe\u00e7\u00e3o, foi localizada uma <strong>bolsa preta escondida sob o banco dianteiro<\/strong>, contendo uma pistola de fabrica\u00e7\u00e3o croata, calibre 9 mm, carregada com 20 muni\u00e7\u00f5es. O passageiro de 36 anos assumiu ser o dono da arma e da bolsa.<\/p>\n\n\n\n<p>As buscas prosseguiram e, em um <strong>compartimento oculto no para-choque traseiro<\/strong>, os policiais descobriram <strong>328 ampolas do medicamento Mounjaro<\/strong>, utilizado no tratamento de diabetes e obesidade. Os produtos, de origem estrangeira, n\u00e3o tinham registro na Anvisa.<\/p>\n\n\n\n<p>O motorista declarou que o ve\u00edculo era de sua propriedade e que havia adquirido os medicamentos por aproximadamente <strong>R$ 300 mil<\/strong>, com a inten\u00e7\u00e3o de revend\u00ea-los nos estados de S\u00e3o Paulo e Rio de Janeiro.<\/p>\n\n\n\n<p>Diante das evid\u00eancias, os envolvidos foram autuados pelos crimes de <strong>tr\u00e1fico internacional de arma de fogo de uso restrito e contrabando<\/strong>. O trio foi encaminhado \u00e0 <strong>Pol\u00edcia Federal em Mar\u00edlia<\/strong>, onde permanecem \u00e0 disposi\u00e7\u00e3o da Justi\u00e7a.<\/p>\n\n\n<div class=\"wp-block-image\">\n<figure class=\"aligncenter size-large\"><img decoding=\"async\" width=\"770\" height=\"1024\" src=\"https:\/\/noticiasregionais.com.br\/wp-content\/uploads\/2025\/08\/WhatsApp-Image-2025-08-18-at-17.28.18-770x1024.jpeg\" alt=\"\" class=\"wp-image-5954\" srcset=\"https:\/\/noticiasregionais.com.br\/wp-content\/uploads\/2025\/08\/WhatsApp-Image-2025-08-18-at-17.28.18-770x1024.jpeg 770w, https:\/\/noticiasregionais.com.br\/wp-content\/uploads\/2025\/08\/WhatsApp-Image-2025-08-18-at-17.28.18-226x300.jpeg 226w, https:\/\/noticiasregionais.com.br\/wp-content\/uploads\/2025\/08\/WhatsApp-Image-2025-08-18-at-17.28.18-768x1021.jpeg 768w, https:\/\/noticiasregionais.com.br\/wp-content\/uploads\/2025\/08\/WhatsApp-Image-2025-08-18-at-17.28.18.jpeg 963w\" sizes=\"(max-width: 770px) 100vw, 770px\" \/><\/figure>\n<\/div><input type=\"hidden\" id=\"baseurl\" value=\"https:\/\/noticiasregionais.com.br\"><input type=\"hidden\" id=\"audio_nonce\" value=\"533fbb67b1\">","protected":false},"excerpt":{"rendered":"<p>Na manh\u00e3 desta segunda-feira (18), a Pol\u00edcia Rodovi\u00e1ria Federal (PRF) realizou uma apreens\u00e3o significativa no km 347 da BR-153, em&hellip;<\/p>\n","protected":false},"author":1,"featured_media":5953,"comment_status":"closed","ping_status":"open","sticky":false,"template":"","format":"standard","meta":{"sfsi_plus_gutenberg_text_before_share":"","sfsi_plus_gutenberg_show_text_before_share":"","sfsi_plus_gutenberg_icon_type":"","sfsi_plus_gutenberg_icon_alignemt":"","sfsi_plus_gutenburg_max_per_row":"","footnotes":""},"categories":[10,1,5],"tags":[16],"class_list":["post-5952","post","type-post","status-publish","format-standard","has-post-thumbnail","hentry","category-destaques","category-noticias","category-ourinhos","tag-ourinhos"],"_links":{"self":[{"href":"https:\/\/noticiasregionais.com.br\/index.php?rest_route=\/wp\/v2\/posts\/5952","targetHints":{"allow":["GET"]}}],"collection":[{"href":"https:\/\/noticiasregionais.com.br\/index.php?rest_route=\/wp\/v2\/posts"}],"about":[{"href":"https:\/\/noticiasregionais.com.br\/index.php?rest_route=\/wp\/v2\/types\/post"}],"author":[{"embeddable":true,"href":"https:\/\/noticiasregionais.com.br\/index.php?rest_route=\/wp\/v2\/users\/1"}],"replies":[{"embeddable":true,"href":"https:\/\/noticiasregionais.com.br\/index.php?rest_route=%2Fwp%2Fv2%2Fcomments&post=5952"}],"version-history":[{"count":1,"href":"https:\/\/noticiasregionais.com.br\/index.php?rest_route=\/wp\/v2\/posts\/5952\/revisions"}],"predecessor-version":[{"id":5955,"href":"https:\/\/noticiasregionais.com.br\/index.php?rest_route=\/wp\/v2\/posts\/5952\/revisions\/5955"}],"wp:featuredmedia":[{"embeddable":true,"href":"https:\/\/noticiasregionais.com.br\/index.php?rest_route=\/wp\/v2\/media\/5953"}],"wp:attachment":[{"href":"https:\/\/noticiasregionais.com.br\/index.php?rest_route=%2Fwp%2Fv2%2Fmedia&parent=5952"}],"wp:term":[{"taxonomy":"category","embeddable":true,"href":"https:\/\/noticiasregionais.com.br\/index.php?rest_route=%2Fwp%2Fv2%2Fcategories&post=5952"},{"taxonomy":"post_tag","embeddable":true,"href":"https:\/\/noticiasregionais.com.br\/index.php?rest_route=%2Fwp%2Fv2%2Ftags&post=5952"}],"curies":[{"name":"wp","href":"https:\/\/api.w.org\/{rel}","templated":true}]}}