{"id":5959,"date":"2025-08-19T13:34:16","date_gmt":"2025-08-19T16:34:16","guid":{"rendered":"https:\/\/noticiasregionais.com.br\/?p=5959"},"modified":"2025-08-19T14:31:56","modified_gmt":"2025-08-19T17:31:56","slug":"megaoperacao-prende-seis-por-trafico-de-drogas-em-santa-cruz-do-rio-pardo","status":"publish","type":"post","link":"https:\/\/noticiasregionais.com.br\/?p=5959","title":{"rendered":"Megaopera\u00e7\u00e3o prende seis por tr\u00e1fico de drogas em Santa Cruz do Rio Pardo"},"content":{"rendered":"\n<p>Uma grande opera\u00e7\u00e3o conjunta entre a Pol\u00edcia Civil e a Pol\u00edcia Militar prendeu <strong>seis pessoas por tr\u00e1fico de drogas<\/strong> na manh\u00e3 desta ter\u00e7a-feira (19) em Santa Cruz do Rio Pardo. A a\u00e7\u00e3o mobilizou cerca de <strong>40 policiais<\/strong> das equipes K9 do 13\u00ba BAEP, For\u00e7a T\u00e1tica, R\u00e1dio Patrulhamento, al\u00e9m da <strong>DISE de Ourinhos<\/strong> e do helic\u00f3ptero \u00c1guia.<\/p>\n\n\n\n<p>Os mandados de busca e apreens\u00e3o foram cumpridos no bairro <strong>Vila Divineia<\/strong>, conhecido por pontos de tr\u00e1fico. Durante a ofensiva, foram apreendidos <strong>coca\u00edna, crack, maconha, haxixe, dinheiro e celulares<\/strong>, al\u00e9m de uma balan\u00e7a de precis\u00e3o.<\/p>\n\n\n\n<p>\ud83d\udccd <strong>Rua Aprizio A. Pereira<\/strong><\/p>\n\n\n\n<ul class=\"wp-block-list\">\n<li>2 homens presos<\/li>\n\n\n\n<li>369 eppendorfs de coca\u00edna<\/li>\n\n\n\n<li>3 celulares<\/li>\n\n\n\n<li>R$ 342 em dinheiro<\/li>\n<\/ul>\n\n\n\n<p>\ud83d\udccd <strong>Rua Jo\u00e3o Pedroso Dias<\/strong><\/p>\n\n\n\n<ul class=\"wp-block-list\">\n<li>1 homem preso com 110 eppendorfs de coca\u00edna, 46 pedras de crack, 2 celulares e R$ 140<\/li>\n\n\n\n<li>Em outro im\u00f3vel, 2 homens presos com 236 pedras de crack, 99 por\u00e7\u00f5es de maconha, 4 pedras de coca\u00edna bruta, 223 eppendorfs de coca\u00edna, 2 por\u00e7\u00f5es de haxixe, 1 por\u00e7\u00e3o de droga \u201cdry\u201d, 2 celulares, R$ 747 e 1 balan\u00e7a de precis\u00e3o<\/li>\n<\/ul>\n\n\n\n<p>\ud83d\udccd <strong>Rua Nego Maria<\/strong><\/p>\n\n\n\n<ul class=\"wp-block-list\">\n<li>1 adolescente apreendida com 83 eppendorfs de coca\u00edna, 10 pedras de crack e 1 celular<\/li>\n\n\n\n<li>Em uma viela pr\u00f3xima, apreendidas 3 pedras grandes de crack<\/li>\n<\/ul>\n\n\n\n<p>\ud83d\udccd <strong>\u00c1rea de mata ao lado da Sabesp<\/strong><\/p>\n\n\n\n<ul class=\"wp-block-list\">\n<li>4 tijolos de maconha encontrados escondidos<\/li>\n<\/ul>\n\n\n\n<p>Todos os presos foram levados para a <strong>DISE de Ourinhos<\/strong> e permanecem \u00e0 disposi\u00e7\u00e3o da Justi\u00e7a. A menor apreendida foi encaminhada ao Conselho Tutelar.<\/p>\n\n\n\n<p>Segundo a Pol\u00edcia, a opera\u00e7\u00e3o teve como objetivo <strong>desarticular pontos de venda de drogas<\/strong> na Vila Divineia e refor\u00e7ar a seguran\u00e7a da regi\u00e3o.<\/p>\n\n\n\n<figure class=\"wp-block-gallery has-nested-images columns-6 is-cropped wp-block-gallery-1 is-layout-flex wp-block-gallery-is-layout-flex\">\n<figure class=\"wp-block-image size-large\"><a href=\"https:\/\/noticiasregionais.com.br\/wp-content\/uploads\/2025\/08\/WhatsApp-Image-2025-08-19-at-13.14.50.jpeg\"><img decoding=\"async\" width=\"770\" height=\"720\" data-id=\"5960\" src=\"https:\/\/noticiasregionais.com.br\/wp-content\/uploads\/2025\/08\/WhatsApp-Image-2025-08-19-at-13.14.50.jpeg\" alt=\"\" class=\"wp-image-5960\" srcset=\"https:\/\/noticiasregionais.com.br\/wp-content\/uploads\/2025\/08\/WhatsApp-Image-2025-08-19-at-13.14.50.jpeg 770w, https:\/\/noticiasregionais.com.br\/wp-content\/uploads\/2025\/08\/WhatsApp-Image-2025-08-19-at-13.14.50-300x281.jpeg 300w, https:\/\/noticiasregionais.com.br\/wp-content\/uploads\/2025\/08\/WhatsApp-Image-2025-08-19-at-13.14.50-768x718.jpeg 768w\" sizes=\"(max-width: 770px) 100vw, 770px\" \/><\/a><\/figure>\n\n\n\n<figure class=\"wp-block-image size-large\"><a href=\"https:\/\/noticiasregionais.com.br\/wp-content\/uploads\/2025\/08\/WhatsApp-Image-2025-08-19-at-13.14.10-2.jpeg\"><img decoding=\"async\" width=\"888\" height=\"976\" data-id=\"5961\" src=\"https:\/\/noticiasregionais.com.br\/wp-content\/uploads\/2025\/08\/WhatsApp-Image-2025-08-19-at-13.14.10-2.jpeg\" alt=\"\" class=\"wp-image-5961\" srcset=\"https:\/\/noticiasregionais.com.br\/wp-content\/uploads\/2025\/08\/WhatsApp-Image-2025-08-19-at-13.14.10-2.jpeg 888w, https:\/\/noticiasregionais.com.br\/wp-content\/uploads\/2025\/08\/WhatsApp-Image-2025-08-19-at-13.14.10-2-273x300.jpeg 273w, https:\/\/noticiasregionais.com.br\/wp-content\/uploads\/2025\/08\/WhatsApp-Image-2025-08-19-at-13.14.10-2-768x844.jpeg 768w\" sizes=\"(max-width: 888px) 100vw, 888px\" \/><\/a><\/figure>\n\n\n\n<figure class=\"wp-block-image size-large\"><a href=\"https:\/\/noticiasregionais.com.br\/wp-content\/uploads\/2025\/08\/WhatsApp-Image-2025-08-19-at-13.14.10-1.jpeg\"><img decoding=\"async\" width=\"659\" height=\"1024\" data-id=\"5964\" src=\"https:\/\/noticiasregionais.com.br\/wp-content\/uploads\/2025\/08\/WhatsApp-Image-2025-08-19-at-13.14.10-1-659x1024.jpeg\" alt=\"\" class=\"wp-image-5964\" srcset=\"https:\/\/noticiasregionais.com.br\/wp-content\/uploads\/2025\/08\/WhatsApp-Image-2025-08-19-at-13.14.10-1-659x1024.jpeg 659w, https:\/\/noticiasregionais.com.br\/wp-content\/uploads\/2025\/08\/WhatsApp-Image-2025-08-19-at-13.14.10-1-193x300.jpeg 193w, https:\/\/noticiasregionais.com.br\/wp-content\/uploads\/2025\/08\/WhatsApp-Image-2025-08-19-at-13.14.10-1.jpeg 720w\" sizes=\"(max-width: 659px) 100vw, 659px\" \/><\/a><\/figure>\n\n\n\n<figure class=\"wp-block-image size-large\"><a href=\"https:\/\/noticiasregionais.com.br\/wp-content\/uploads\/2025\/08\/WhatsApp-Image-2025-08-19-at-13.14.10.jpeg\"><img decoding=\"async\" width=\"886\" height=\"1024\" data-id=\"5963\" src=\"https:\/\/noticiasregionais.com.br\/wp-content\/uploads\/2025\/08\/WhatsApp-Image-2025-08-19-at-13.14.10-886x1024.jpeg\" alt=\"\" class=\"wp-image-5963\" srcset=\"https:\/\/noticiasregionais.com.br\/wp-content\/uploads\/2025\/08\/WhatsApp-Image-2025-08-19-at-13.14.10-886x1024.jpeg 886w, https:\/\/noticiasregionais.com.br\/wp-content\/uploads\/2025\/08\/WhatsApp-Image-2025-08-19-at-13.14.10-260x300.jpeg 260w, https:\/\/noticiasregionais.com.br\/wp-content\/uploads\/2025\/08\/WhatsApp-Image-2025-08-19-at-13.14.10-768x887.jpeg 768w, https:\/\/noticiasregionais.com.br\/wp-content\/uploads\/2025\/08\/WhatsApp-Image-2025-08-19-at-13.14.10.jpeg 900w\" sizes=\"(max-width: 886px) 100vw, 886px\" \/><\/a><\/figure>\n\n\n\n<figure class=\"wp-block-image size-large\"><a href=\"https:\/\/noticiasregionais.com.br\/wp-content\/uploads\/2025\/08\/WhatsApp-Image-2025-08-19-at-13.14.09-1.jpeg\"><img decoding=\"async\" width=\"576\" height=\"1024\" data-id=\"5965\" src=\"https:\/\/noticiasregionais.com.br\/wp-content\/uploads\/2025\/08\/WhatsApp-Image-2025-08-19-at-13.14.09-1-576x1024.jpeg\" alt=\"\" class=\"wp-image-5965\" srcset=\"https:\/\/noticiasregionais.com.br\/wp-content\/uploads\/2025\/08\/WhatsApp-Image-2025-08-19-at-13.14.09-1-576x1024.jpeg 576w, https:\/\/noticiasregionais.com.br\/wp-content\/uploads\/2025\/08\/WhatsApp-Image-2025-08-19-at-13.14.09-1-169x300.jpeg 169w, https:\/\/noticiasregionais.com.br\/wp-content\/uploads\/2025\/08\/WhatsApp-Image-2025-08-19-at-13.14.09-1.jpeg 720w\" sizes=\"(max-width: 576px) 100vw, 576px\" \/><\/a><\/figure>\n\n\n\n<figure class=\"wp-block-image size-large\"><a href=\"https:\/\/noticiasregionais.com.br\/wp-content\/uploads\/2025\/08\/WhatsApp-Image-2025-08-19-at-13.14.09.jpeg\"><img decoding=\"async\" width=\"668\" height=\"754\" data-id=\"5962\" src=\"https:\/\/noticiasregionais.com.br\/wp-content\/uploads\/2025\/08\/WhatsApp-Image-2025-08-19-at-13.14.09.jpeg\" alt=\"\" class=\"wp-image-5962\" srcset=\"https:\/\/noticiasregionais.com.br\/wp-content\/uploads\/2025\/08\/WhatsApp-Image-2025-08-19-at-13.14.09.jpeg 668w, https:\/\/noticiasregionais.com.br\/wp-content\/uploads\/2025\/08\/WhatsApp-Image-2025-08-19-at-13.14.09-266x300.jpeg 266w\" sizes=\"(max-width: 668px) 100vw, 668px\" \/><\/a><\/figure>\n\n\n\n<figure class=\"wp-block-image size-large\"><img decoding=\"async\" width=\"510\" height=\"500\" data-id=\"5969\" src=\"https:\/\/noticiasregionais.com.br\/wp-content\/uploads\/2025\/08\/Helicoptero.jpg\" alt=\"\" class=\"wp-image-5969\" srcset=\"https:\/\/noticiasregionais.com.br\/wp-content\/uploads\/2025\/08\/Helicoptero.jpg 510w, https:\/\/noticiasregionais.com.br\/wp-content\/uploads\/2025\/08\/Helicoptero-300x294.jpg 300w\" sizes=\"(max-width: 510px) 100vw, 510px\" \/><\/figure>\n\n\n\n<figure class=\"wp-block-image size-large\"><img decoding=\"async\" width=\"1024\" height=\"609\" data-id=\"5970\" src=\"https:\/\/noticiasregionais.com.br\/wp-content\/uploads\/2025\/08\/WhatsApp-Image-2025-08-19-at-13.21.40.jpeg\" alt=\"\" class=\"wp-image-5970\" srcset=\"https:\/\/noticiasregionais.com.br\/wp-content\/uploads\/2025\/08\/WhatsApp-Image-2025-08-19-at-13.21.40.jpeg 1024w, https:\/\/noticiasregionais.com.br\/wp-content\/uploads\/2025\/08\/WhatsApp-Image-2025-08-19-at-13.21.40-300x178.jpeg 300w, https:\/\/noticiasregionais.com.br\/wp-content\/uploads\/2025\/08\/WhatsApp-Image-2025-08-19-at-13.21.40-768x457.jpeg 768w\" sizes=\"(max-width: 1024px) 100vw, 1024px\" \/><\/figure>\n<\/figure>\n<input type=\"hidden\" id=\"baseurl\" value=\"https:\/\/noticiasregionais.com.br\"><input type=\"hidden\" id=\"audio_nonce\" value=\"533fbb67b1\">","protected":false},"excerpt":{"rendered":"<p>Uma grande opera\u00e7\u00e3o conjunta entre a Pol\u00edcia Civil e a Pol\u00edcia Militar prendeu seis pessoas por tr\u00e1fico de drogas na&hellip;<\/p>\n","protected":false},"author":1,"featured_media":5974,"comment_status":"closed","ping_status":"open","sticky":false,"template":"","format":"standard","meta":{"sfsi_plus_gutenberg_text_before_share":"","sfsi_plus_gutenberg_show_text_before_share":"","sfsi_plus_gutenberg_icon_type":"","sfsi_plus_gutenberg_icon_alignemt":"","sfsi_plus_gutenburg_max_per_row":"","footnotes":""},"categories":[10,1,6],"tags":[17],"class_list":["post-5959","post","type-post","status-publish","format-standard","has-post-thumbnail","hentry","category-destaques","category-noticias","category-sao_paulo","tag-santa_cruz"],"_links":{"self":[{"href":"https:\/\/noticiasregionais.com.br\/index.php?rest_route=\/wp\/v2\/posts\/5959","targetHints":{"allow":["GET"]}}],"collection":[{"href":"https:\/\/noticiasregionais.com.br\/index.php?rest_route=\/wp\/v2\/posts"}],"about":[{"href":"https:\/\/noticiasregionais.com.br\/index.php?rest_route=\/wp\/v2\/types\/post"}],"author":[{"embeddable":true,"href":"https:\/\/noticiasregionais.com.br\/index.php?rest_route=\/wp\/v2\/users\/1"}],"replies":[{"embeddable":true,"href":"https:\/\/noticiasregionais.com.br\/index.php?rest_route=%2Fwp%2Fv2%2Fcomments&post=5959"}],"version-history":[{"count":2,"href":"https:\/\/noticiasregionais.com.br\/index.php?rest_route=\/wp\/v2\/posts\/5959\/revisions"}],"predecessor-version":[{"id":5972,"href":"https:\/\/noticiasregionais.com.br\/index.php?rest_route=\/wp\/v2\/posts\/5959\/revisions\/5972"}],"wp:featuredmedia":[{"embeddable":true,"href":"https:\/\/noticiasregionais.com.br\/index.php?rest_route=\/wp\/v2\/media\/5974"}],"wp:attachment":[{"href":"https:\/\/noticiasregionais.com.br\/index.php?rest_route=%2Fwp%2Fv2%2Fmedia&parent=5959"}],"wp:term":[{"taxonomy":"category","embeddable":true,"href":"https:\/\/noticiasregionais.com.br\/index.php?rest_route=%2Fwp%2Fv2%2Fcategories&post=5959"},{"taxonomy":"post_tag","embeddable":true,"href":"https:\/\/noticiasregionais.com.br\/index.php?rest_route=%2Fwp%2Fv2%2Ftags&post=5959"}],"curies":[{"name":"wp","href":"https:\/\/api.w.org\/{rel}","templated":true}]}}