{"id":5975,"date":"2025-08-19T14:15:54","date_gmt":"2025-08-19T17:15:54","guid":{"rendered":"https:\/\/noticiasregionais.com.br\/?p=5975"},"modified":"2025-08-19T14:15:57","modified_gmt":"2025-08-19T17:15:57","slug":"ourinhos-se-prepara-para-a-ix-conferencia-municipal-de-saude","status":"publish","type":"post","link":"https:\/\/noticiasregionais.com.br\/?p=5975","title":{"rendered":"Ourinhos se prepara para a IX Confer\u00eancia Municipal de Sa\u00fade"},"content":{"rendered":"\n<h3 class=\"wp-block-heading has-text-align-center\"><strong>Com o tema \u201cMais aten\u00e7\u00e3o, mais sa\u00fade!\u201d, evento reunir\u00e1 popula\u00e7\u00e3o, gestores e profissionais para definir os rumos da sa\u00fade p\u00fablica no munic\u00edpio.<\/strong><\/h3>\n\n\n\n<p>Nos dias <strong>5 e 6 de setembro de 2025<\/strong>, Ourinhos ser\u00e1 palco da <strong>IX Confer\u00eancia Municipal de Sa\u00fade<\/strong>, organizada pela Secretaria Municipal de Sa\u00fade e convocada pelo Conselho Municipal de Sa\u00fade. O encontro ser\u00e1 um espa\u00e7o de di\u00e1logo democr\u00e1tico para discutir propostas e estabelecer diretrizes que orientar\u00e3o as pol\u00edticas de sa\u00fade da cidade nos pr\u00f3ximos anos.<\/p>\n\n\n\n<p>Aberta \u00e0 participa\u00e7\u00e3o de delegados eleitos, observadores e convidados, a confer\u00eancia ter\u00e1 como base tr\u00eas eixos de debate:<\/p>\n\n\n\n<ul class=\"wp-block-list\">\n<li><strong>Eixo 1:<\/strong> Aten\u00e7\u00e3o B\u00e1sica no centro do cuidado: promovendo sa\u00fade com tecnologia, respeito \u00e0 diversidade e integralidade.<\/li>\n\n\n\n<li><strong>Eixo 2:<\/strong> O acesso e a equidade na M\u00e9dia e Alta Complexidade.<\/li>\n\n\n\n<li><strong>Eixo 3:<\/strong> Gest\u00e3o do trabalho e a sa\u00fade do trabalhador e da trabalhadora como direito humano.<\/li>\n<\/ul>\n\n\n\n<h3 class=\"wp-block-heading\">Pr\u00e9-Confer\u00eancias preparam o terreno<\/h3>\n\n\n\n<p>Antes do encontro principal, a popula\u00e7\u00e3o poder\u00e1 participar das <strong>Pr\u00e9-Confer\u00eancias Regionais<\/strong>, sempre \u00e0s 18h30:<\/p>\n\n\n\n<ul class=\"wp-block-list\">\n<li><strong>26\/08<\/strong> \u2013 Regi\u00e3o Cohab | UBS Cohab \u2013 Rua Lu\u00eds Nogueira, 310<\/li>\n\n\n\n<li><strong>27\/08<\/strong> \u2013 Regi\u00e3o CAIC | Sal\u00e3o da Par\u00f3quia S\u00e3o Jo\u00e3o Batista \u2013 Rua Maria Pulcinelli Peregrino, 374<\/li>\n\n\n\n<li><strong>28\/08<\/strong> \u2013 Regi\u00e3o S\u00e3o Luiz | Sal\u00e3o da Par\u00f3quia S\u00e3o Luiz Gonzaga \u2013 Rua Jo\u00e3o Ferreira, 317<\/li>\n\n\n\n<li><strong>29\/08<\/strong> \u2013 Regi\u00e3o Central | Sal\u00e3o da Par\u00f3quia Santu\u00e1rio Nossa Senhora de Guadalupe \u2013 Rua Amazonas, 1119<\/li>\n<\/ul>\n\n\n\n<h3 class=\"wp-block-heading\">Programa\u00e7\u00e3o principal<\/h3>\n\n\n\n<p>A abertura oficial acontece no dia <strong>5 de setembro, \u00e0s 19h<\/strong>, no <strong>Col\u00e9gio Santo Ant\u00f4nio<\/strong>, com apresenta\u00e7\u00e3o da <strong>Escola Municipal de Bailado de Ourinhos<\/strong>, que levar\u00e1 ao palco a coreografia <em>\u201cO tempo n\u00e3o envelhece a alma de quem dan\u00e7a\u201d<\/em>.<\/p>\n\n\n\n<p>J\u00e1 as <strong>plen\u00e1rias<\/strong> ser\u00e3o realizadas no dia <strong>6 de setembro<\/strong>, das 8h \u00e0s 14h, na <strong>ETEC Jacinto Ferreira de S\u00e1<\/strong>, onde ser\u00e3o debatidas e votadas as propostas que poder\u00e3o impactar diretamente o futuro da sa\u00fade p\u00fablica em Ourinhos.<\/p>\n\n\n\n<h3 class=\"wp-block-heading\">Espa\u00e7o de participa\u00e7\u00e3o popular<\/h3>\n\n\n\n<p>As confer\u00eancias municipais fazem parte da estrutura do <strong>Sistema \u00danico de Sa\u00fade (SUS)<\/strong> e acontecem a cada quatro anos em todo o pa\u00eds. Elas representam um importante momento de participa\u00e7\u00e3o social, reunindo <strong>comunidade, gestores e profissionais<\/strong> na constru\u00e7\u00e3o de pol\u00edticas p\u00fablicas mais justas, inclusivas e eficientes.<\/p>\n\n\n\n<figure class=\"wp-block-gallery has-nested-images columns-default is-cropped wp-block-gallery-1 is-layout-flex wp-block-gallery-is-layout-flex\">\n<figure class=\"wp-block-image size-large\"><img decoding=\"async\" width=\"819\" height=\"1024\" data-id=\"5976\" src=\"https:\/\/noticiasregionais.com.br\/wp-content\/uploads\/2025\/08\/WhatsApp-Image-2025-08-19-at-11.36.051-819x1024.jpeg\" alt=\"\" class=\"wp-image-5976\" srcset=\"https:\/\/noticiasregionais.com.br\/wp-content\/uploads\/2025\/08\/WhatsApp-Image-2025-08-19-at-11.36.051-819x1024.jpeg 819w, https:\/\/noticiasregionais.com.br\/wp-content\/uploads\/2025\/08\/WhatsApp-Image-2025-08-19-at-11.36.051-240x300.jpeg 240w, https:\/\/noticiasregionais.com.br\/wp-content\/uploads\/2025\/08\/WhatsApp-Image-2025-08-19-at-11.36.051-768x960.jpeg 768w, https:\/\/noticiasregionais.com.br\/wp-content\/uploads\/2025\/08\/WhatsApp-Image-2025-08-19-at-11.36.051.jpeg 1080w\" sizes=\"(max-width: 819px) 100vw, 819px\" \/><\/figure>\n\n\n\n<figure class=\"wp-block-image size-large\"><img decoding=\"async\" width=\"819\" height=\"1024\" data-id=\"5977\" src=\"https:\/\/noticiasregionais.com.br\/wp-content\/uploads\/2025\/08\/WhatsApp-Image-2025-08-19-at-11.36.05-819x1024.jpeg\" alt=\"\" class=\"wp-image-5977\" srcset=\"https:\/\/noticiasregionais.com.br\/wp-content\/uploads\/2025\/08\/WhatsApp-Image-2025-08-19-at-11.36.05-819x1024.jpeg 819w, https:\/\/noticiasregionais.com.br\/wp-content\/uploads\/2025\/08\/WhatsApp-Image-2025-08-19-at-11.36.05-240x300.jpeg 240w, https:\/\/noticiasregionais.com.br\/wp-content\/uploads\/2025\/08\/WhatsApp-Image-2025-08-19-at-11.36.05-768x960.jpeg 768w, https:\/\/noticiasregionais.com.br\/wp-content\/uploads\/2025\/08\/WhatsApp-Image-2025-08-19-at-11.36.05.jpeg 1080w\" sizes=\"(max-width: 819px) 100vw, 819px\" \/><\/figure>\n<\/figure>\n<input type=\"hidden\" id=\"baseurl\" value=\"https:\/\/noticiasregionais.com.br\"><input type=\"hidden\" id=\"audio_nonce\" value=\"533fbb67b1\">","protected":false},"excerpt":{"rendered":"<p>Com o tema \u201cMais aten\u00e7\u00e3o, mais sa\u00fade!\u201d, evento reunir\u00e1 popula\u00e7\u00e3o, gestores e profissionais para definir os rumos da sa\u00fade p\u00fablica&hellip;<\/p>\n","protected":false},"author":1,"featured_media":5978,"comment_status":"closed","ping_status":"open","sticky":false,"template":"","format":"standard","meta":{"sfsi_plus_gutenberg_text_before_share":"","sfsi_plus_gutenberg_show_text_before_share":"","sfsi_plus_gutenberg_icon_type":"","sfsi_plus_gutenberg_icon_alignemt":"","sfsi_plus_gutenburg_max_per_row":"","footnotes":""},"categories":[10,1,5],"tags":[],"class_list":["post-5975","post","type-post","status-publish","format-standard","has-post-thumbnail","hentry","category-destaques","category-noticias","category-ourinhos"],"_links":{"self":[{"href":"https:\/\/noticiasregionais.com.br\/index.php?rest_route=\/wp\/v2\/posts\/5975","targetHints":{"allow":["GET"]}}],"collection":[{"href":"https:\/\/noticiasregionais.com.br\/index.php?rest_route=\/wp\/v2\/posts"}],"about":[{"href":"https:\/\/noticiasregionais.com.br\/index.php?rest_route=\/wp\/v2\/types\/post"}],"author":[{"embeddable":true,"href":"https:\/\/noticiasregionais.com.br\/index.php?rest_route=\/wp\/v2\/users\/1"}],"replies":[{"embeddable":true,"href":"https:\/\/noticiasregionais.com.br\/index.php?rest_route=%2Fwp%2Fv2%2Fcomments&post=5975"}],"version-history":[{"count":1,"href":"https:\/\/noticiasregionais.com.br\/index.php?rest_route=\/wp\/v2\/posts\/5975\/revisions"}],"predecessor-version":[{"id":5979,"href":"https:\/\/noticiasregionais.com.br\/index.php?rest_route=\/wp\/v2\/posts\/5975\/revisions\/5979"}],"wp:featuredmedia":[{"embeddable":true,"href":"https:\/\/noticiasregionais.com.br\/index.php?rest_route=\/wp\/v2\/media\/5978"}],"wp:attachment":[{"href":"https:\/\/noticiasregionais.com.br\/index.php?rest_route=%2Fwp%2Fv2%2Fmedia&parent=5975"}],"wp:term":[{"taxonomy":"category","embeddable":true,"href":"https:\/\/noticiasregionais.com.br\/index.php?rest_route=%2Fwp%2Fv2%2Fcategories&post=5975"},{"taxonomy":"post_tag","embeddable":true,"href":"https:\/\/noticiasregionais.com.br\/index.php?rest_route=%2Fwp%2Fv2%2Ftags&post=5975"}],"curies":[{"name":"wp","href":"https:\/\/api.w.org\/{rel}","templated":true}]}}