{"id":598,"date":"2023-09-28T14:05:54","date_gmt":"2023-09-28T17:05:54","guid":{"rendered":"https:\/\/noticiasregionais.com.br\/?p=598"},"modified":"2023-09-28T14:05:56","modified_gmt":"2023-09-28T17:05:56","slug":"veiculo-oficial-atropela-animal-e-provoca-acidente-com-feridos-em-duartina","status":"publish","type":"post","link":"https:\/\/noticiasregionais.com.br\/?p=598","title":{"rendered":"Ve\u00edculo oficial atropela animal e provoca acidente com feridos em Duartina"},"content":{"rendered":"\n<p>Um acidente envolvendo um ve\u00edculo oficial e um caminh\u00e3o deixou uma pessoa ferida na madrugada desta quinta-feira (28) na rodovia Comandante Jo\u00e3o Ribeiro de Barros, em Duartina (SP).<\/p>\n\n\n\n<p>De acordo com a Pol\u00edcia Rodovi\u00e1ria Estadual (PRE), o ve\u00edculo Hyundai\/HB20, pertencente ao Hospital das Cl\u00ednicas da Faculdade de Medicina de Mar\u00edlia, transitava na pista sentido Bauru quando, por motivos a serem apurados, atropelou um animal (bovino) que estava na faixa de rolamento.<\/p>\n\n\n\n<p>Em ato cont\u00ednuo, um caminh\u00e3o VW\/9.170, que seguia logo atr\u00e1s do autom\u00f3vel, chocou-se contra o animal j\u00e1 atropelado.<\/p>\n\n\n\n<p>O ve\u00edculo oficial era guarnecido pelo condutor (ileso) e por uma passageira (v\u00edtima leve). A passageira foi encaminhada ao Pronto-Socorro de Duartina com ferimentos leves.<\/p>\n\n\n\n<p>O motorista do caminh\u00e3o tamb\u00e9m n\u00e3o se feriu.<\/p>\n\n\n\n<p>Foi realizado teste etilom\u00e9trico, tendo como resultado 0,00 mg\/L para ambos os condutores.<\/p>\n\n\n\n<p>A ocorr\u00eancia ser\u00e1 encaminhada, via e-mail, para a Central de Pol\u00edcia Judici\u00e1ria de Bauru\/SP.<\/p>\n\n\n\n<p><strong>Acidentes com animais s\u00e3o comuns na regi\u00e3o<\/strong><\/p>\n\n\n\n<p>Acidentes com animais s\u00e3o comuns na regi\u00e3o de Duartina. Em dezembro de 2022, um carro atropelou um cavalo na mesma rodovia, deixando dois feridos.<\/p>\n\n\n\n<p>Para evitar acidentes, \u00e9 importante que os motoristas redobrem a aten\u00e7\u00e3o ao transitar por \u00e1reas rurais, onde a presen\u00e7a de animais na pista \u00e9 mais comum. Tamb\u00e9m \u00e9 importante manter a dist\u00e2ncia segura do ve\u00edculo \u00e0 frente.<\/p>\n\n\n\n<p><strong>Dicas para evitar acidentes com animais<\/strong><\/p>\n\n\n\n<ul class=\"wp-block-list\">\n<li>Dirija com aten\u00e7\u00e3o e respeite os limites de velocidade.<\/li>\n\n\n\n<li>Mantenha a dist\u00e2ncia segura do ve\u00edculo \u00e0 frente.<\/li>\n\n\n\n<li>Use far\u00f3is baixos, mesmo durante o dia.<\/li>\n\n\n\n<li>Seja cuidadoso ao ultrapassar ve\u00edculos que estejam parados na pista.<\/li>\n\n\n\n<li>Se avistar um animal na pista, freie imediatamente.<\/li>\n\n\n\n<li>N\u00e3o tente desviar do animal, pois isso pode causar um acidente ainda mais grave.<\/li>\n<\/ul>\n<input type=\"hidden\" id=\"baseurl\" value=\"https:\/\/noticiasregionais.com.br\"><input type=\"hidden\" id=\"audio_nonce\" value=\"533fbb67b1\">","protected":false},"excerpt":{"rendered":"<p>Um acidente envolvendo um ve\u00edculo oficial e um caminh\u00e3o deixou uma pessoa ferida na madrugada desta quinta-feira (28) na rodovia&hellip;<\/p>\n","protected":false},"author":1,"featured_media":599,"comment_status":"closed","ping_status":"open","sticky":false,"template":"","format":"standard","meta":{"sfsi_plus_gutenberg_text_before_share":"","sfsi_plus_gutenberg_show_text_before_share":"","sfsi_plus_gutenberg_icon_type":"","sfsi_plus_gutenberg_icon_alignemt":"","sfsi_plus_gutenburg_max_per_row":"","footnotes":""},"categories":[6,10,1],"tags":[],"class_list":["post-598","post","type-post","status-publish","format-standard","has-post-thumbnail","hentry","category-sao_paulo","category-destaques","category-noticias"],"_links":{"self":[{"href":"https:\/\/noticiasregionais.com.br\/index.php?rest_route=\/wp\/v2\/posts\/598","targetHints":{"allow":["GET"]}}],"collection":[{"href":"https:\/\/noticiasregionais.com.br\/index.php?rest_route=\/wp\/v2\/posts"}],"about":[{"href":"https:\/\/noticiasregionais.com.br\/index.php?rest_route=\/wp\/v2\/types\/post"}],"author":[{"embeddable":true,"href":"https:\/\/noticiasregionais.com.br\/index.php?rest_route=\/wp\/v2\/users\/1"}],"replies":[{"embeddable":true,"href":"https:\/\/noticiasregionais.com.br\/index.php?rest_route=%2Fwp%2Fv2%2Fcomments&post=598"}],"version-history":[{"count":1,"href":"https:\/\/noticiasregionais.com.br\/index.php?rest_route=\/wp\/v2\/posts\/598\/revisions"}],"predecessor-version":[{"id":600,"href":"https:\/\/noticiasregionais.com.br\/index.php?rest_route=\/wp\/v2\/posts\/598\/revisions\/600"}],"wp:featuredmedia":[{"embeddable":true,"href":"https:\/\/noticiasregionais.com.br\/index.php?rest_route=\/wp\/v2\/media\/599"}],"wp:attachment":[{"href":"https:\/\/noticiasregionais.com.br\/index.php?rest_route=%2Fwp%2Fv2%2Fmedia&parent=598"}],"wp:term":[{"taxonomy":"category","embeddable":true,"href":"https:\/\/noticiasregionais.com.br\/index.php?rest_route=%2Fwp%2Fv2%2Fcategories&post=598"},{"taxonomy":"post_tag","embeddable":true,"href":"https:\/\/noticiasregionais.com.br\/index.php?rest_route=%2Fwp%2Fv2%2Ftags&post=598"}],"curies":[{"name":"wp","href":"https:\/\/api.w.org\/{rel}","templated":true}]}}