{"id":5980,"date":"2025-08-19T14:38:54","date_gmt":"2025-08-19T17:38:54","guid":{"rendered":"https:\/\/noticiasregionais.com.br\/?p=5980"},"modified":"2025-08-19T14:38:58","modified_gmt":"2025-08-19T17:38:58","slug":"catolicos-de-ourinhos-realizam-a-1a-caminhada-peregrinos-da-fe-rumo-ao-santuario-sao-miguel-arcanjo","status":"publish","type":"post","link":"https:\/\/noticiasregionais.com.br\/?p=5980","title":{"rendered":"Cat\u00f3licos de Ourinhos realizam a 1\u00aa Caminhada Peregrinos da F\u00e9 rumo ao Santu\u00e1rio S\u00e3o Miguel Arcanjo"},"content":{"rendered":"\n<p>A cidade de Ourinhos se prepara para viver um momento especial de f\u00e9 e devo\u00e7\u00e3o. No dia <strong>27 de setembro de 2025<\/strong>, ser\u00e1 realizada a <strong>1\u00aa edi\u00e7\u00e3o da caminhada \u201cPeregrinos da F\u00e9\u201d<\/strong>, com destino ao <strong>Santu\u00e1rio de S\u00e3o Miguel Arcanjo<\/strong>, em Bandeirantes (PR).<\/p>\n\n\n\n<p>A concentra\u00e7\u00e3o dos fi\u00e9is acontecer\u00e1 na <strong>Capela Santa Rita de C\u00e1ssia<\/strong>, em Ourinhos, a partir das <strong>14h<\/strong>. A sa\u00edda oficial est\u00e1 marcada para as <strong>15h<\/strong>, e a chegada ao santu\u00e1rio est\u00e1 prevista para o dia <strong>28 de setembro<\/strong>.<\/p>\n\n\n\n<p>A inscri\u00e7\u00e3o custa <strong>R$ 70,00<\/strong> e garante toda a estrutura necess\u00e1ria para os participantes durante o percurso. O evento \u00e9 aberto a todos, com idade m\u00ednima de <strong>16 anos<\/strong> (menores devem estar acompanhados de respons\u00e1vel legal).<\/p>\n\n\n\n<p>Segundo os organizadores, a romaria pretende reunir pessoas de diferentes comunidades em um verdadeiro ato de f\u00e9, devo\u00e7\u00e3o e uni\u00e3o, refor\u00e7ando a espiritualidade e a tradi\u00e7\u00e3o das peregrina\u00e7\u00f5es religiosas.<\/p>\n\n\n\n<p>\ud83d\udccd <strong>Informa\u00e7\u00f5es e inscri\u00e7\u00f5es podem ser feitas pelo link:<\/strong> <a href=\"https:\/\/forms.gle\/P5znDovCQm55y8Gr9\" target=\"_blank\" rel=\"noopener\">Clique aqui<\/a><\/p>\n\n\n\n<p>\ud83d\udeb6\u200d\u2642\ufe0f\ud83d\udeb6\u200d\u2640\ufe0f \u201cVenha viver esse momento de f\u00e9 e devo\u00e7\u00e3o. Todos s\u00e3o bem-vindos!\u201d, destaca a organiza\u00e7\u00e3o.<\/p>\n\n\n\n<figure class=\"wp-block-gallery has-nested-images columns-default is-cropped wp-block-gallery-1 is-layout-flex wp-block-gallery-is-layout-flex\">\n<figure class=\"wp-block-image size-large\"><a href=\"https:\/\/noticiasregionais.com.br\/wp-content\/uploads\/2025\/08\/WhatsApp-Image-2025-08-15-at-15.13.35.jpeg\"><img decoding=\"async\" width=\"768\" height=\"1024\" data-id=\"5981\" src=\"https:\/\/noticiasregionais.com.br\/wp-content\/uploads\/2025\/08\/WhatsApp-Image-2025-08-15-at-15.13.35-768x1024.jpeg\" alt=\"\" class=\"wp-image-5981\" srcset=\"https:\/\/noticiasregionais.com.br\/wp-content\/uploads\/2025\/08\/WhatsApp-Image-2025-08-15-at-15.13.35-768x1024.jpeg 768w, https:\/\/noticiasregionais.com.br\/wp-content\/uploads\/2025\/08\/WhatsApp-Image-2025-08-15-at-15.13.35-225x300.jpeg 225w, https:\/\/noticiasregionais.com.br\/wp-content\/uploads\/2025\/08\/WhatsApp-Image-2025-08-15-at-15.13.35.jpeg 864w\" sizes=\"(max-width: 768px) 100vw, 768px\" \/><\/a><\/figure>\n\n\n\n<figure class=\"wp-block-image size-large\"><a href=\"https:\/\/noticiasregionais.com.br\/wp-content\/uploads\/2025\/08\/WhatsApp-Image-2025-08-19-at-14.28.07.jpeg\"><img decoding=\"async\" width=\"1024\" height=\"724\" data-id=\"5982\" src=\"https:\/\/noticiasregionais.com.br\/wp-content\/uploads\/2025\/08\/WhatsApp-Image-2025-08-19-at-14.28.07-1024x724.jpeg\" alt=\"\" class=\"wp-image-5982\" srcset=\"https:\/\/noticiasregionais.com.br\/wp-content\/uploads\/2025\/08\/WhatsApp-Image-2025-08-19-at-14.28.07-1024x724.jpeg 1024w, https:\/\/noticiasregionais.com.br\/wp-content\/uploads\/2025\/08\/WhatsApp-Image-2025-08-19-at-14.28.07-300x212.jpeg 300w, https:\/\/noticiasregionais.com.br\/wp-content\/uploads\/2025\/08\/WhatsApp-Image-2025-08-19-at-14.28.07-768x543.jpeg 768w, https:\/\/noticiasregionais.com.br\/wp-content\/uploads\/2025\/08\/WhatsApp-Image-2025-08-19-at-14.28.07.jpeg 1280w\" sizes=\"(max-width: 1024px) 100vw, 1024px\" \/><\/a><\/figure>\n<\/figure>\n<input type=\"hidden\" id=\"baseurl\" value=\"https:\/\/noticiasregionais.com.br\"><input type=\"hidden\" id=\"audio_nonce\" value=\"533fbb67b1\">","protected":false},"excerpt":{"rendered":"<p>A cidade de Ourinhos se prepara para viver um momento especial de f\u00e9 e devo\u00e7\u00e3o. No dia 27 de setembro&hellip;<\/p>\n","protected":false},"author":1,"featured_media":5983,"comment_status":"closed","ping_status":"open","sticky":false,"template":"","format":"standard","meta":{"sfsi_plus_gutenberg_text_before_share":"","sfsi_plus_gutenberg_show_text_before_share":"","sfsi_plus_gutenberg_icon_type":"","sfsi_plus_gutenberg_icon_alignemt":"","sfsi_plus_gutenburg_max_per_row":"","footnotes":""},"categories":[12,1,5],"tags":[54,16],"class_list":["post-5980","post","type-post","status-publish","format-standard","has-post-thumbnail","hentry","category-capa","category-noticias","category-ourinhos","tag-bandeirantes","tag-ourinhos"],"_links":{"self":[{"href":"https:\/\/noticiasregionais.com.br\/index.php?rest_route=\/wp\/v2\/posts\/5980","targetHints":{"allow":["GET"]}}],"collection":[{"href":"https:\/\/noticiasregionais.com.br\/index.php?rest_route=\/wp\/v2\/posts"}],"about":[{"href":"https:\/\/noticiasregionais.com.br\/index.php?rest_route=\/wp\/v2\/types\/post"}],"author":[{"embeddable":true,"href":"https:\/\/noticiasregionais.com.br\/index.php?rest_route=\/wp\/v2\/users\/1"}],"replies":[{"embeddable":true,"href":"https:\/\/noticiasregionais.com.br\/index.php?rest_route=%2Fwp%2Fv2%2Fcomments&post=5980"}],"version-history":[{"count":1,"href":"https:\/\/noticiasregionais.com.br\/index.php?rest_route=\/wp\/v2\/posts\/5980\/revisions"}],"predecessor-version":[{"id":5984,"href":"https:\/\/noticiasregionais.com.br\/index.php?rest_route=\/wp\/v2\/posts\/5980\/revisions\/5984"}],"wp:featuredmedia":[{"embeddable":true,"href":"https:\/\/noticiasregionais.com.br\/index.php?rest_route=\/wp\/v2\/media\/5983"}],"wp:attachment":[{"href":"https:\/\/noticiasregionais.com.br\/index.php?rest_route=%2Fwp%2Fv2%2Fmedia&parent=5980"}],"wp:term":[{"taxonomy":"category","embeddable":true,"href":"https:\/\/noticiasregionais.com.br\/index.php?rest_route=%2Fwp%2Fv2%2Fcategories&post=5980"},{"taxonomy":"post_tag","embeddable":true,"href":"https:\/\/noticiasregionais.com.br\/index.php?rest_route=%2Fwp%2Fv2%2Ftags&post=5980"}],"curies":[{"name":"wp","href":"https:\/\/api.w.org\/{rel}","templated":true}]}}