{"id":601,"date":"2023-09-28T14:31:00","date_gmt":"2023-09-28T17:31:00","guid":{"rendered":"https:\/\/noticiasregionais.com.br\/?p=601"},"modified":"2023-09-28T14:31:11","modified_gmt":"2023-09-28T17:31:11","slug":"com-tabletes-e-sem-professores-prefeitura-divulga-noticia-e-gera-questionamento-de-pais","status":"publish","type":"post","link":"https:\/\/noticiasregionais.com.br\/?p=601","title":{"rendered":"Com tabletes e sem professores Prefeitura divulga not\u00edcia e gera questionamento de pais"},"content":{"rendered":"\n<p>Nesta quinta-feira, 28 de setembro de 2023, a Secretaria de Comunica\u00e7\u00e3o da Prefeitura Municipal de Ourinhos divulgou uma nota \u00e0 imprensa sobre a aquisi\u00e7\u00e3o de 120 tablets para serem utilizados pelos alunos das aulas de rob\u00f3tica. Segue a nota de imprensa na \u00edntegra:<\/p>\n\n\n\n<div class=\"wp-block-group has-very-light-gray-to-cyan-bluish-gray-gradient-background has-background\"><div class=\"wp-block-group__inner-container is-layout-constrained wp-block-group-is-layout-constrained\">\n<p>Prefeitura de Ourinhos compra 120 tabletes para aulas de Rob\u00f3tica Educacional na Rede Municipal de Ensino<\/p>\n\n\n\n<p>A Prefeitura de Ourinhos, por meio da Secretaria da Educa\u00e7\u00e3o, refor\u00e7a seu compromisso com a educa\u00e7\u00e3o tecnol\u00f3gica ao adquirir 120 novos tabletes destinados \u00e0s aulas de Rob\u00f3tica Educacional, que t\u00eam contribu\u00eddo para enriquecer o ensino de inform\u00e1tica nas escolas municipais.<\/p>\n\n\n\n<p>Os tabletes ser\u00e3o utilizados como ferramentas de programa\u00e7\u00e3o, permitindo que os alunos desenvolvam suas habilidades ao programar constru\u00e7\u00f5es feitas com as famosas pe\u00e7as LEGO.<\/p>\n\n\n\n<p>A Rob\u00f3tica Educacional destinada aos alunos do 1\u00ba ao 5\u00ba ano do Ensino Fundamental, promove o pensamento computacional, estimula a criatividade, fomenta a resolu\u00e7\u00e3o de problemas e cultiva habilidades de lideran\u00e7a, tudo isso de maneira pr\u00e1tica e envolvente.<\/p>\n\n\n\n<p>A aquisi\u00e7\u00e3o desses recursos tecnol\u00f3gicos demonstra o compromisso da Prefeitura de Ourinhos em proporcionar uma educa\u00e7\u00e3o de qualidade, alinhada com as novas demandas educacionais.<\/p>\n<\/div><\/div>\n\n\n\n<p>A presente nota de imprensa gerou questionamentos por parte de diversos pais, que afirmaram n\u00e3o entender o motivo da aquisi\u00e7\u00e3o, j\u00e1 que as aulas de projetos complementares est\u00e3o suspensas desde o corte nas horas suplementares de funcion\u00e1rios da educa\u00e7\u00e3o em Ourinhos.<\/p>\n\n\n\n<p>Em mat\u00e9ria divulgada no dia 16 de agosto no site Contratempo de Ourinhos, foi informado que &#8220;servidores da educa\u00e7\u00e3o ter\u00e3o redu\u00e7\u00e3o em 50% das horas suplementares, os professores substitutos est\u00e3o com o pagamento desses numer\u00e1rios atrasados, a carga hor\u00e1ria diminuiu de 25 para 12 horas semanais, o que corresponde a R$ 923,00 mensais, menos que um sal\u00e1rio m\u00ednimo. As determina\u00e7\u00f5es do decreto atingem dezenas de servidores que atuam nas NEIs (creches); EMEIs \u2013 Escolas Municipais de Educa\u00e7\u00e3o Infantil e EMEFs \u2013 Escolas Municipais de Ensino Fundamental.&#8221;<\/p>\n<input type=\"hidden\" id=\"baseurl\" value=\"https:\/\/noticiasregionais.com.br\"><input type=\"hidden\" id=\"audio_nonce\" value=\"533fbb67b1\">","protected":false},"excerpt":{"rendered":"<p>Nesta quinta-feira, 28 de setembro de 2023, a Secretaria de Comunica\u00e7\u00e3o da Prefeitura Municipal de Ourinhos divulgou uma nota \u00e0&hellip;<\/p>\n","protected":false},"author":1,"featured_media":602,"comment_status":"closed","ping_status":"open","sticky":false,"template":"","format":"standard","meta":{"sfsi_plus_gutenberg_text_before_share":"","sfsi_plus_gutenberg_show_text_before_share":"","sfsi_plus_gutenberg_icon_type":"","sfsi_plus_gutenberg_icon_alignemt":"","sfsi_plus_gutenburg_max_per_row":"","footnotes":""},"categories":[5,12,1],"tags":[],"class_list":["post-601","post","type-post","status-publish","format-standard","has-post-thumbnail","hentry","category-ourinhos","category-capa","category-noticias"],"_links":{"self":[{"href":"https:\/\/noticiasregionais.com.br\/index.php?rest_route=\/wp\/v2\/posts\/601","targetHints":{"allow":["GET"]}}],"collection":[{"href":"https:\/\/noticiasregionais.com.br\/index.php?rest_route=\/wp\/v2\/posts"}],"about":[{"href":"https:\/\/noticiasregionais.com.br\/index.php?rest_route=\/wp\/v2\/types\/post"}],"author":[{"embeddable":true,"href":"https:\/\/noticiasregionais.com.br\/index.php?rest_route=\/wp\/v2\/users\/1"}],"replies":[{"embeddable":true,"href":"https:\/\/noticiasregionais.com.br\/index.php?rest_route=%2Fwp%2Fv2%2Fcomments&post=601"}],"version-history":[{"count":1,"href":"https:\/\/noticiasregionais.com.br\/index.php?rest_route=\/wp\/v2\/posts\/601\/revisions"}],"predecessor-version":[{"id":603,"href":"https:\/\/noticiasregionais.com.br\/index.php?rest_route=\/wp\/v2\/posts\/601\/revisions\/603"}],"wp:featuredmedia":[{"embeddable":true,"href":"https:\/\/noticiasregionais.com.br\/index.php?rest_route=\/wp\/v2\/media\/602"}],"wp:attachment":[{"href":"https:\/\/noticiasregionais.com.br\/index.php?rest_route=%2Fwp%2Fv2%2Fmedia&parent=601"}],"wp:term":[{"taxonomy":"category","embeddable":true,"href":"https:\/\/noticiasregionais.com.br\/index.php?rest_route=%2Fwp%2Fv2%2Fcategories&post=601"},{"taxonomy":"post_tag","embeddable":true,"href":"https:\/\/noticiasregionais.com.br\/index.php?rest_route=%2Fwp%2Fv2%2Ftags&post=601"}],"curies":[{"name":"wp","href":"https:\/\/api.w.org\/{rel}","templated":true}]}}