{"id":604,"date":"2023-09-29T19:04:28","date_gmt":"2023-09-29T22:04:28","guid":{"rendered":"https:\/\/noticiasregionais.com.br\/?p=604"},"modified":"2023-09-29T19:04:30","modified_gmt":"2023-09-29T22:04:30","slug":"acordo-de-r-9-bi-repara-erro-contra-estados-prejudicados-por-criacao-do-fundeb","status":"publish","type":"post","link":"https:\/\/noticiasregionais.com.br\/?p=604","title":{"rendered":"Acordo de R$ 9 bi repara erro contra estados prejudicados por cria\u00e7\u00e3o do Fundeb"},"content":{"rendered":"\n<p>A Advocacia-Geral da Uni\u00e3o (AGU) informou nesta quarta-feira (27) que, assim que o STF (Supremo Tribunal Federal) homologar&nbsp;o acordo entre o Minist\u00e9rio da Educa\u00e7\u00e3o e o Rio Grande do Norte, para que a Uni\u00e3o fa\u00e7a o repasse&nbsp;R$ 593 milh\u00f5es \u00e0quele estado \u2014&nbsp; com objetivo de corrigir c\u00e1lculos feitos com a&nbsp;transforma\u00e7\u00e3o do antigo Fundef (Fundo de Desenvolvimento de Ensino Fundamental) para o Fundeb (Fundo de Desenvolvimento de Educa\u00e7\u00e3o B\u00e1sica) \u2014, o pr\u00f3ximo passo \u00e9 celebrar imediatamente acordos semelhantes com os outros estados, que tamb\u00e9m se sentiram prejudicados com a mudan\u00e7a: Alagoas, Amazonas, Bahia, Cear\u00e1, Maranh\u00e3o, Minas Gerais, Par\u00e1, Pernambuco e Sergipe.<\/p>\n\n\n\n<p>O acordo da Uni\u00e3o com o Rio Grande do Norte&nbsp;foi assinado na ter\u00e7a-feira (26). &#8220;Os pr\u00f3ximos devem acontecer na sequ\u00eancia&#8221;,&nbsp;declarou o advogado-geral da Uni\u00e3o, Jorge Messias. A previs\u00e3o \u00e9 de que, caso todas as propostas sejam aceitas&nbsp;e os acordos n\u00e3o sofram questionamentos no&nbsp; STF, a Uni\u00e3o vai repassar mais de R$ 9 bilh\u00f5es a estes dez estados.<\/p>\n\n\n\n<p>O consultor de Or\u00e7amento C\u00e9sar Lima esclarece que n\u00e3o se trata de uma d\u00edvida que o governo tenha com os estados: \u201cNa verdade, isso da\u00ed \u00e9 um acordo judicial para acabar com um lit\u00edgio que estados, que entraram no Supremo Tribunal Federal contra um erro de c\u00e1lculo que, segundo eles, foi feito quando houve a mudan\u00e7a do Fundef&nbsp;para o Fundeb, no qual&nbsp;n\u00e3o se permitiria que nenhum estado tivesse um <em>per capita<\/em> menor que a m\u00e9dia nacional e esses estados sa\u00edram, por assim dizer, prejudicados nesse c\u00e1lculo. Ent\u00e3o \u00e9 isso que est\u00e1 acontecendo a\u00ed, nesse caso, desse acordo entre o MEC e a AGU\u201d.<\/p>\n\n\n\n<h2 class=\"wp-block-heading\">Entenda o caso<\/h2>\n\n\n\n<p>Os valores questionados pelos estados&nbsp;se referem aos anos de 1998 a 2007, quando o Fundef (Fundo de Manuten\u00e7\u00e3o e de Desenvolvimento do Ensino Fundamental e de Valoriza\u00e7\u00e3o do Magist\u00e9rio) foi substitu\u00eddo pelo atual Fundeb (Fundo de Manuten\u00e7\u00e3o e Desenvolvimento da Educa\u00e7\u00e3o B\u00e1sica e de Valoriza\u00e7\u00e3o dos Profissionais da Educa\u00e7\u00e3o).&nbsp;<\/p>\n\n\n\n<p>Em 2017, o STF condenou a Uni\u00e3o&nbsp;a complementar a verba repassada aos estados pelo&nbsp;Fundef,&nbsp;ao definir que o valor m\u00ednimo por aluno em cada unidade da Federa\u00e7\u00e3o n\u00e3o poderia ser inferior \u00e0 m\u00e9dia nacional. Contudo, a forma de c\u00e1lculo desse valor para cada estado permaneceu sendo discutida judicialmente.<\/p>\n\n\n\n<p>Fonte: <a href=\"https:\/\/brasil61.com\/n\/acordo-de-r-9-bi-repara-erro-contra-estados-prejudicados-por-criacao-do-fundeb-bras239715\" target=\"_blank\" rel=\"noreferrer noopener\">Brasil 61<\/a><\/p>\n<input type=\"hidden\" id=\"baseurl\" value=\"https:\/\/noticiasregionais.com.br\"><input type=\"hidden\" id=\"audio_nonce\" value=\"533fbb67b1\">","protected":false},"excerpt":{"rendered":"<p>A Advocacia-Geral da Uni\u00e3o (AGU) informou nesta quarta-feira (27) que, assim que o STF (Supremo Tribunal Federal) homologar&nbsp;o acordo entre&hellip;<\/p>\n","protected":false},"author":1,"featured_media":605,"comment_status":"closed","ping_status":"open","sticky":false,"template":"","format":"standard","meta":{"sfsi_plus_gutenberg_text_before_share":"","sfsi_plus_gutenberg_show_text_before_share":"","sfsi_plus_gutenberg_icon_type":"","sfsi_plus_gutenberg_icon_alignemt":"","sfsi_plus_gutenburg_max_per_row":"","footnotes":""},"categories":[8,10,1],"tags":[],"class_list":["post-604","post","type-post","status-publish","format-standard","has-post-thumbnail","hentry","category-brasil","category-destaques","category-noticias"],"_links":{"self":[{"href":"https:\/\/noticiasregionais.com.br\/index.php?rest_route=\/wp\/v2\/posts\/604","targetHints":{"allow":["GET"]}}],"collection":[{"href":"https:\/\/noticiasregionais.com.br\/index.php?rest_route=\/wp\/v2\/posts"}],"about":[{"href":"https:\/\/noticiasregionais.com.br\/index.php?rest_route=\/wp\/v2\/types\/post"}],"author":[{"embeddable":true,"href":"https:\/\/noticiasregionais.com.br\/index.php?rest_route=\/wp\/v2\/users\/1"}],"replies":[{"embeddable":true,"href":"https:\/\/noticiasregionais.com.br\/index.php?rest_route=%2Fwp%2Fv2%2Fcomments&post=604"}],"version-history":[{"count":1,"href":"https:\/\/noticiasregionais.com.br\/index.php?rest_route=\/wp\/v2\/posts\/604\/revisions"}],"predecessor-version":[{"id":606,"href":"https:\/\/noticiasregionais.com.br\/index.php?rest_route=\/wp\/v2\/posts\/604\/revisions\/606"}],"wp:featuredmedia":[{"embeddable":true,"href":"https:\/\/noticiasregionais.com.br\/index.php?rest_route=\/wp\/v2\/media\/605"}],"wp:attachment":[{"href":"https:\/\/noticiasregionais.com.br\/index.php?rest_route=%2Fwp%2Fv2%2Fmedia&parent=604"}],"wp:term":[{"taxonomy":"category","embeddable":true,"href":"https:\/\/noticiasregionais.com.br\/index.php?rest_route=%2Fwp%2Fv2%2Fcategories&post=604"},{"taxonomy":"post_tag","embeddable":true,"href":"https:\/\/noticiasregionais.com.br\/index.php?rest_route=%2Fwp%2Fv2%2Ftags&post=604"}],"curies":[{"name":"wp","href":"https:\/\/api.w.org\/{rel}","templated":true}]}}