{"id":608,"date":"2023-09-29T19:10:44","date_gmt":"2023-09-29T22:10:44","guid":{"rendered":"https:\/\/noticiasregionais.com.br\/?p=608"},"modified":"2023-09-29T19:29:18","modified_gmt":"2023-09-29T22:29:18","slug":"ceu-recanto-dos-passaros-ganha-novas-artes-com-evento-colorindo-a-periferia","status":"publish","type":"post","link":"https:\/\/noticiasregionais.com.br\/?p=608","title":{"rendered":"CEU Recanto dos P\u00e1ssaros ganha novas artes com evento \u201cColorindo a Periferia\u201d"},"content":{"rendered":"\n<p>As secretarias municipais de Assist\u00eancia e Desenvolvimento Social e de Cultura, em conjunto com a AOBE, Feira da Resist\u00eancia, CrewAtividade, Batalha da Pista e Slam Subvers\u00e3o, realizaram no dia 17 de setembro o projeto \u201cColorindo a Periferia\u201d, no CEU (Centro de Artes e Esportes Unificados) do Recanto dos P\u00e1ssaros.<\/p>\n\n\n\n<p>Foi um dia recheado de atividades, como grafitagem, m\u00fasica, discotecagem, dan\u00e7a, batalha de rima e oficina de slam, para livre express\u00e3o e aprendizado dos participantes da comunidade e da regi\u00e3o, para que o CEU seja reconhecido como um ponto de encontro cultural e de impacto positivo no territ\u00f3rio.<\/p>\n\n\n\n<p>As paredes do CEU ganharam novas cores e desenhos gra\u00e7as a uma revitaliza\u00e7\u00e3o realizada por artistas de graffiti. Artistas talentosos criaram murais diversificados e buscaram retratar a conex\u00e3o entre a comunidade e a arte. Na oficina de slam (poesia falada e performadas), foram tratados temas como a confian\u00e7a, empoderamento, conscientiza\u00e7\u00e3o social, di\u00e1logo, justi\u00e7a social, igualdade, discrimina\u00e7\u00e3o e outras preocupa\u00e7\u00f5es sociais. Nos momentos musicais, a alegria e a descontra\u00e7\u00e3o ganharam espa\u00e7o. A apresenta\u00e7\u00e3o de Maracatu celebrou a identidade, a ancestralidade e a resist\u00eancia do povo negro brasileiro.<\/p>\n\n\n\n<p>Tamb\u00e9m pensando em fomentar a identidade cultural, inclus\u00e3o, sustentabilidade, empreendedorismo local e intera\u00e7\u00e3o comunit\u00e1ria, foi aberto espa\u00e7o para exposi\u00e7\u00e3o e venda de produtos variados em uma feira.<\/p>\n\n\n\n<p>A Prefeitura Municipal mant\u00e9m diversas atividades gratuitas durante toda a semana para a comunidade. O CEU conta com um n\u00facleo do CRAS, quadra, espa\u00e7o para skate, biblioteca, audit\u00f3rio, cozinha comunit\u00e1ria, entre outros equipamentos.<\/p>\n\n\n\n<div class=\"wp-block-group\"><div class=\"wp-block-group__inner-container is-layout-constrained wp-block-group-is-layout-constrained\">\n<figure class=\"wp-block-gallery has-nested-images columns-5 is-cropped wp-block-gallery-1 is-layout-flex wp-block-gallery-is-layout-flex\">\n<figure class=\"wp-block-image size-large\"><a href=\"https:\/\/noticiasregionais.com.br\/wp-content\/uploads\/2023\/09\/WhatsApp-Image-2023-09-29-at-13.00.05-1.jpeg\"><img decoding=\"async\" width=\"1024\" height=\"683\" data-id=\"628\" src=\"https:\/\/noticiasregionais.com.br\/wp-content\/uploads\/2023\/09\/WhatsApp-Image-2023-09-29-at-13.00.05-1-1024x683.jpeg\" alt=\"\" class=\"wp-image-628\" srcset=\"https:\/\/noticiasregionais.com.br\/wp-content\/uploads\/2023\/09\/WhatsApp-Image-2023-09-29-at-13.00.05-1-1024x683.jpeg 1024w, https:\/\/noticiasregionais.com.br\/wp-content\/uploads\/2023\/09\/WhatsApp-Image-2023-09-29-at-13.00.05-1-300x200.jpeg 300w, https:\/\/noticiasregionais.com.br\/wp-content\/uploads\/2023\/09\/WhatsApp-Image-2023-09-29-at-13.00.05-1-768x512.jpeg 768w, https:\/\/noticiasregionais.com.br\/wp-content\/uploads\/2023\/09\/WhatsApp-Image-2023-09-29-at-13.00.05-1.jpeg 1200w\" sizes=\"(max-width: 1024px) 100vw, 1024px\" \/><\/a><\/figure>\n\n\n\n<figure class=\"wp-block-image size-large\"><a href=\"https:\/\/noticiasregionais.com.br\/wp-content\/uploads\/2023\/09\/WhatsApp-Image-2023-09-29-at-13.00.06-1-1.jpeg\"><img decoding=\"async\" width=\"1024\" height=\"683\" data-id=\"626\" src=\"https:\/\/noticiasregionais.com.br\/wp-content\/uploads\/2023\/09\/WhatsApp-Image-2023-09-29-at-13.00.06-1-1-1024x683.jpeg\" alt=\"\" class=\"wp-image-626\" srcset=\"https:\/\/noticiasregionais.com.br\/wp-content\/uploads\/2023\/09\/WhatsApp-Image-2023-09-29-at-13.00.06-1-1-1024x683.jpeg 1024w, https:\/\/noticiasregionais.com.br\/wp-content\/uploads\/2023\/09\/WhatsApp-Image-2023-09-29-at-13.00.06-1-1-300x200.jpeg 300w, https:\/\/noticiasregionais.com.br\/wp-content\/uploads\/2023\/09\/WhatsApp-Image-2023-09-29-at-13.00.06-1-1-768x512.jpeg 768w, https:\/\/noticiasregionais.com.br\/wp-content\/uploads\/2023\/09\/WhatsApp-Image-2023-09-29-at-13.00.06-1-1.jpeg 1200w\" sizes=\"(max-width: 1024px) 100vw, 1024px\" \/><\/a><\/figure>\n\n\n\n<figure class=\"wp-block-image size-large\"><a href=\"https:\/\/noticiasregionais.com.br\/wp-content\/uploads\/2023\/09\/WhatsApp-Image-2023-09-29-at-13.00.06-2-1.jpeg\"><img decoding=\"async\" width=\"1024\" height=\"683\" data-id=\"629\" src=\"https:\/\/noticiasregionais.com.br\/wp-content\/uploads\/2023\/09\/WhatsApp-Image-2023-09-29-at-13.00.06-2-1-1024x683.jpeg\" alt=\"\" class=\"wp-image-629\" srcset=\"https:\/\/noticiasregionais.com.br\/wp-content\/uploads\/2023\/09\/WhatsApp-Image-2023-09-29-at-13.00.06-2-1-1024x683.jpeg 1024w, https:\/\/noticiasregionais.com.br\/wp-content\/uploads\/2023\/09\/WhatsApp-Image-2023-09-29-at-13.00.06-2-1-300x200.jpeg 300w, https:\/\/noticiasregionais.com.br\/wp-content\/uploads\/2023\/09\/WhatsApp-Image-2023-09-29-at-13.00.06-2-1-768x512.jpeg 768w, https:\/\/noticiasregionais.com.br\/wp-content\/uploads\/2023\/09\/WhatsApp-Image-2023-09-29-at-13.00.06-2-1.jpeg 1200w\" sizes=\"(max-width: 1024px) 100vw, 1024px\" \/><\/a><\/figure>\n\n\n\n<figure class=\"wp-block-image size-large\"><a href=\"https:\/\/noticiasregionais.com.br\/wp-content\/uploads\/2023\/09\/WhatsApp-Image-2023-09-29-at-13.00.06-3-1.jpeg\"><img decoding=\"async\" width=\"1024\" height=\"683\" data-id=\"622\" src=\"https:\/\/noticiasregionais.com.br\/wp-content\/uploads\/2023\/09\/WhatsApp-Image-2023-09-29-at-13.00.06-3-1-1024x683.jpeg\" alt=\"\" class=\"wp-image-622\" srcset=\"https:\/\/noticiasregionais.com.br\/wp-content\/uploads\/2023\/09\/WhatsApp-Image-2023-09-29-at-13.00.06-3-1-1024x683.jpeg 1024w, https:\/\/noticiasregionais.com.br\/wp-content\/uploads\/2023\/09\/WhatsApp-Image-2023-09-29-at-13.00.06-3-1-300x200.jpeg 300w, https:\/\/noticiasregionais.com.br\/wp-content\/uploads\/2023\/09\/WhatsApp-Image-2023-09-29-at-13.00.06-3-1-768x512.jpeg 768w, https:\/\/noticiasregionais.com.br\/wp-content\/uploads\/2023\/09\/WhatsApp-Image-2023-09-29-at-13.00.06-3-1.jpeg 1200w\" sizes=\"(max-width: 1024px) 100vw, 1024px\" \/><\/a><\/figure>\n\n\n\n<figure class=\"wp-block-image size-large\"><a href=\"https:\/\/noticiasregionais.com.br\/wp-content\/uploads\/2023\/09\/WhatsApp-Image-2023-09-29-at-13.00.06-4.jpeg\"><img decoding=\"async\" width=\"1024\" height=\"683\" data-id=\"625\" src=\"https:\/\/noticiasregionais.com.br\/wp-content\/uploads\/2023\/09\/WhatsApp-Image-2023-09-29-at-13.00.06-4-1024x683.jpeg\" alt=\"\" class=\"wp-image-625\" srcset=\"https:\/\/noticiasregionais.com.br\/wp-content\/uploads\/2023\/09\/WhatsApp-Image-2023-09-29-at-13.00.06-4-1024x683.jpeg 1024w, https:\/\/noticiasregionais.com.br\/wp-content\/uploads\/2023\/09\/WhatsApp-Image-2023-09-29-at-13.00.06-4-300x200.jpeg 300w, https:\/\/noticiasregionais.com.br\/wp-content\/uploads\/2023\/09\/WhatsApp-Image-2023-09-29-at-13.00.06-4-768x512.jpeg 768w, https:\/\/noticiasregionais.com.br\/wp-content\/uploads\/2023\/09\/WhatsApp-Image-2023-09-29-at-13.00.06-4.jpeg 1200w\" sizes=\"(max-width: 1024px) 100vw, 1024px\" \/><\/a><\/figure>\n\n\n\n<figure class=\"wp-block-image size-large\"><a href=\"https:\/\/noticiasregionais.com.br\/wp-content\/uploads\/2023\/09\/WhatsApp-Image-2023-09-29-at-13.00.07-1-1.jpeg\"><img decoding=\"async\" width=\"1024\" height=\"683\" data-id=\"627\" src=\"https:\/\/noticiasregionais.com.br\/wp-content\/uploads\/2023\/09\/WhatsApp-Image-2023-09-29-at-13.00.07-1-1-1024x683.jpeg\" alt=\"\" class=\"wp-image-627\" srcset=\"https:\/\/noticiasregionais.com.br\/wp-content\/uploads\/2023\/09\/WhatsApp-Image-2023-09-29-at-13.00.07-1-1-1024x683.jpeg 1024w, https:\/\/noticiasregionais.com.br\/wp-content\/uploads\/2023\/09\/WhatsApp-Image-2023-09-29-at-13.00.07-1-1-300x200.jpeg 300w, https:\/\/noticiasregionais.com.br\/wp-content\/uploads\/2023\/09\/WhatsApp-Image-2023-09-29-at-13.00.07-1-1-768x512.jpeg 768w, https:\/\/noticiasregionais.com.br\/wp-content\/uploads\/2023\/09\/WhatsApp-Image-2023-09-29-at-13.00.07-1-1.jpeg 1200w\" sizes=\"(max-width: 1024px) 100vw, 1024px\" \/><\/a><\/figure>\n\n\n\n<figure class=\"wp-block-image size-large\"><a href=\"https:\/\/noticiasregionais.com.br\/wp-content\/uploads\/2023\/09\/WhatsApp-Image-2023-09-29-at-13.00.07-2-1.jpeg\"><img decoding=\"async\" width=\"1024\" height=\"683\" data-id=\"624\" src=\"https:\/\/noticiasregionais.com.br\/wp-content\/uploads\/2023\/09\/WhatsApp-Image-2023-09-29-at-13.00.07-2-1-1024x683.jpeg\" alt=\"\" class=\"wp-image-624\" srcset=\"https:\/\/noticiasregionais.com.br\/wp-content\/uploads\/2023\/09\/WhatsApp-Image-2023-09-29-at-13.00.07-2-1-1024x683.jpeg 1024w, https:\/\/noticiasregionais.com.br\/wp-content\/uploads\/2023\/09\/WhatsApp-Image-2023-09-29-at-13.00.07-2-1-300x200.jpeg 300w, https:\/\/noticiasregionais.com.br\/wp-content\/uploads\/2023\/09\/WhatsApp-Image-2023-09-29-at-13.00.07-2-1-768x512.jpeg 768w, https:\/\/noticiasregionais.com.br\/wp-content\/uploads\/2023\/09\/WhatsApp-Image-2023-09-29-at-13.00.07-2-1.jpeg 1200w\" sizes=\"(max-width: 1024px) 100vw, 1024px\" \/><\/a><\/figure>\n\n\n\n<figure class=\"wp-block-image size-large\"><a href=\"https:\/\/noticiasregionais.com.br\/wp-content\/uploads\/2023\/09\/WhatsApp-Image-2023-09-29-at-13.00.07-3-1.jpeg\"><img decoding=\"async\" width=\"1024\" height=\"683\" data-id=\"623\" src=\"https:\/\/noticiasregionais.com.br\/wp-content\/uploads\/2023\/09\/WhatsApp-Image-2023-09-29-at-13.00.07-3-1-1024x683.jpeg\" alt=\"\" class=\"wp-image-623\" srcset=\"https:\/\/noticiasregionais.com.br\/wp-content\/uploads\/2023\/09\/WhatsApp-Image-2023-09-29-at-13.00.07-3-1-1024x683.jpeg 1024w, https:\/\/noticiasregionais.com.br\/wp-content\/uploads\/2023\/09\/WhatsApp-Image-2023-09-29-at-13.00.07-3-1-300x200.jpeg 300w, https:\/\/noticiasregionais.com.br\/wp-content\/uploads\/2023\/09\/WhatsApp-Image-2023-09-29-at-13.00.07-3-1-768x512.jpeg 768w, https:\/\/noticiasregionais.com.br\/wp-content\/uploads\/2023\/09\/WhatsApp-Image-2023-09-29-at-13.00.07-3-1.jpeg 1200w\" sizes=\"(max-width: 1024px) 100vw, 1024px\" \/><\/a><\/figure>\n\n\n\n<figure class=\"wp-block-image size-large\"><a href=\"https:\/\/noticiasregionais.com.br\/wp-content\/uploads\/2023\/09\/WhatsApp-Image-2023-09-29-at-13.00.07-4.jpeg\"><img decoding=\"async\" width=\"1024\" height=\"683\" data-id=\"630\" src=\"https:\/\/noticiasregionais.com.br\/wp-content\/uploads\/2023\/09\/WhatsApp-Image-2023-09-29-at-13.00.07-4-1024x683.jpeg\" alt=\"\" class=\"wp-image-630\" srcset=\"https:\/\/noticiasregionais.com.br\/wp-content\/uploads\/2023\/09\/WhatsApp-Image-2023-09-29-at-13.00.07-4-1024x683.jpeg 1024w, https:\/\/noticiasregionais.com.br\/wp-content\/uploads\/2023\/09\/WhatsApp-Image-2023-09-29-at-13.00.07-4-300x200.jpeg 300w, https:\/\/noticiasregionais.com.br\/wp-content\/uploads\/2023\/09\/WhatsApp-Image-2023-09-29-at-13.00.07-4-768x512.jpeg 768w, https:\/\/noticiasregionais.com.br\/wp-content\/uploads\/2023\/09\/WhatsApp-Image-2023-09-29-at-13.00.07-4.jpeg 1200w\" sizes=\"(max-width: 1024px) 100vw, 1024px\" \/><\/a><\/figure>\n<\/figure>\n<\/div><\/div>\n<input type=\"hidden\" id=\"baseurl\" value=\"https:\/\/noticiasregionais.com.br\"><input type=\"hidden\" id=\"audio_nonce\" value=\"3cdc555a10\">","protected":false},"excerpt":{"rendered":"<p>As secretarias municipais de Assist\u00eancia e Desenvolvimento Social e de Cultura, em conjunto com a AOBE, Feira da Resist\u00eancia, CrewAtividade,&hellip;<\/p>\n","protected":false},"author":1,"featured_media":616,"comment_status":"closed","ping_status":"open","sticky":false,"template":"","format":"standard","meta":{"sfsi_plus_gutenberg_text_before_share":"","sfsi_plus_gutenberg_show_text_before_share":"","sfsi_plus_gutenberg_icon_type":"","sfsi_plus_gutenberg_icon_alignemt":"","sfsi_plus_gutenburg_max_per_row":"","footnotes":""},"categories":[5,12,1],"tags":[],"class_list":["post-608","post","type-post","status-publish","format-standard","has-post-thumbnail","hentry","category-ourinhos","category-capa","category-noticias"],"_links":{"self":[{"href":"https:\/\/noticiasregionais.com.br\/index.php?rest_route=\/wp\/v2\/posts\/608","targetHints":{"allow":["GET"]}}],"collection":[{"href":"https:\/\/noticiasregionais.com.br\/index.php?rest_route=\/wp\/v2\/posts"}],"about":[{"href":"https:\/\/noticiasregionais.com.br\/index.php?rest_route=\/wp\/v2\/types\/post"}],"author":[{"embeddable":true,"href":"https:\/\/noticiasregionais.com.br\/index.php?rest_route=\/wp\/v2\/users\/1"}],"replies":[{"embeddable":true,"href":"https:\/\/noticiasregionais.com.br\/index.php?rest_route=%2Fwp%2Fv2%2Fcomments&post=608"}],"version-history":[{"count":3,"href":"https:\/\/noticiasregionais.com.br\/index.php?rest_route=\/wp\/v2\/posts\/608\/revisions"}],"predecessor-version":[{"id":631,"href":"https:\/\/noticiasregionais.com.br\/index.php?rest_route=\/wp\/v2\/posts\/608\/revisions\/631"}],"wp:featuredmedia":[{"embeddable":true,"href":"https:\/\/noticiasregionais.com.br\/index.php?rest_route=\/wp\/v2\/media\/616"}],"wp:attachment":[{"href":"https:\/\/noticiasregionais.com.br\/index.php?rest_route=%2Fwp%2Fv2%2Fmedia&parent=608"}],"wp:term":[{"taxonomy":"category","embeddable":true,"href":"https:\/\/noticiasregionais.com.br\/index.php?rest_route=%2Fwp%2Fv2%2Fcategories&post=608"},{"taxonomy":"post_tag","embeddable":true,"href":"https:\/\/noticiasregionais.com.br\/index.php?rest_route=%2Fwp%2Fv2%2Ftags&post=608"}],"curies":[{"name":"wp","href":"https:\/\/api.w.org\/{rel}","templated":true}]}}