{"id":6127,"date":"2025-01-09T21:13:00","date_gmt":"2025-01-10T00:13:00","guid":{"rendered":"https:\/\/noticiasregionais.com.br\/?p=6127"},"modified":"2025-01-09T21:13:00","modified_gmt":"2025-01-10T00:13:00","slug":"mossoro-rn-ministerio-das-comunicacoes-publica-edital-para-levar-canal-de-tv-digital-ao-municipio","status":"publish","type":"post","link":"https:\/\/noticiasregionais.com.br\/?p=6127","title":{"rendered":"MOSSOR\u00d3 (RN): Minist\u00e9rio das Comunica\u00e7\u00f5es publica edital para levar canal de TV digital ao munic\u00edpio"},"content":{"rendered":"<p>\t\t\t\t\t\t\t\t\t\t<audio controls class=\"b61_audio_player\" data-noticia=\"79544\" src=\"https:\/\/brasil61.com\/rails\/active_storage\/blobs\/eyJfcmFpbHMiOnsibWVzc2FnZSI6IkJBaHBBMDhtQXc9PSIsImV4cCI6bnVsbCwicHVyIjoiYmxvYl9pZCJ9fQ==--e786f6a431d0000a4771d8f3c149113b7f636eef\/MCOM250073A\"><\/audio><\/p>\n<p>O Minist\u00e9rio das Comunica\u00e7\u00f5es abriu um edital para levar 227 novos canais de TV Digital para 189 cidades brasileiras de todas as regi\u00f5es do pa\u00eds.\u00a0<\/p>\n<p>No Rio Grande do Norte, a popula\u00e7\u00e3o de Mossor\u00f3 poder\u00e1 contar com a transmiss\u00e3o de um novo canal.<\/p>\n<p>Os interessados devem se cadastrar at\u00e9 31 de janeiro por meio do <a href=\"http:\/\/www.gov.br\/mcom\/pt-br\/assuntos\/radio-e-tv-aberta\/pno_rtv\" target=\"_blank\" rel=\"noopener\">site <\/a>do Minist\u00e9rio das Comunica\u00e7\u00f5es, o gov.br\/mcom.\u00a0<\/p>\n<p>A lista dos munic\u00edpios contemplados tamb\u00e9m pode ser acessada no portal.<\/p>\n<p>A iniciativa do Minist\u00e9rio das Comunica\u00e7\u00f5es dar\u00e1 mais op\u00e7\u00f5es de acesso \u00e0 informa\u00e7\u00e3o, cultura e entretenimento aos moradores dessas localidades.\u00a0<\/p>\n<p>O diretor do Departamento de Radiodifus\u00e3o Privada do Minist\u00e9rio das Comunica\u00e7\u00f5es, Nelson Neto, refor\u00e7a o compromisso da Pasta em levar sinais de TV Digital para todo o Brasil.\u00a0<\/p>\n<p>&#8220;Em dezembro de 2024, realizamos o relan\u00e7amento do primeiro edital, com alguns pequenos ajustes, como a revis\u00e3o do cronograma, das localidades que passaram a ser 189 e, tamb\u00e9m, de alguns canais disponibilizados para cada uma dessas localidades. Mas o que a gente precisa enfatizar \u00e9 a import\u00e2ncia e o compromisso do Minist\u00e9rio das Comunica\u00e7\u00f5es em disponibilizar os sinais de TV digital para todas as localidades do Brasil, levando entretenimento, cultura e informa\u00e7\u00e3o para a popula\u00e7\u00e3o brasileira.&#8221;<\/p>\n<p>Esta \u00e9 uma republica\u00e7\u00e3o do edital divulgado em novembro de 2023. \u00c9 importante destacar que quem se candidatou no edital anterior, ter\u00e1 que se cadastrar novamente.<br \/>\n\u00a0<\/p>\n<p>\t\t\t\t\t\t\t\t\t<img decoding=\"async\" src=\"https:\/\/brasil61.com\/api\/v1\/serve_pixel\/22254\/79544\" alt=\"Pixel Brasil 61\" class=\"b61_pixel\" width=\"0\" height=\"0\"><\/p>\n<div class=\"br61_backlink\">\n<p>\n\t\t\t\tFonte: <a href=\"https:\/\/brasil61.com\/mossoro-rn-ministerio-das-comunicacoes-publica-edital-para-levar-canal-de-tv-digital-ao-municipio-mcom250073\" title=\"Artigo Original: MOSSOR\u00d3 (RN): Minist\u00e9rio das Comunica\u00e7\u00f5es publica edital para levar canal de TV digital ao munic\u00edpio\" target=\"_blank\" rel=\"noopener\">Brasil 61<\/a>\n\t\t\t<\/p>\n<\/p><\/div>\n<input type=\"hidden\" id=\"baseurl\" value=\"https:\/\/noticiasregionais.com.br\"><input type=\"hidden\" id=\"audio_nonce\" value=\"5c13e0637f\">","protected":false},"excerpt":{"rendered":"<p>Os interessados devem se cadastrar por meio do site do Minist\u00e9rio das Comunica\u00e7\u00f5es, o gov.br\/mcom. Ser\u00e3o selecionadas pessoas jur\u00eddicas e concession\u00e1rias de Radiodifus\u00e3o de Sons e Imagens, em car\u00e1ter prim\u00e1rio e com tecnologia digital, para retransmiss\u00e3o de televis\u00e3o (RTV)<\/p>\n","protected":false},"author":1,"featured_media":6128,"comment_status":"","ping_status":"open","sticky":false,"template":"","format":"standard","meta":{"sfsi_plus_gutenberg_text_before_share":"","sfsi_plus_gutenberg_show_text_before_share":"","sfsi_plus_gutenberg_icon_type":"","sfsi_plus_gutenberg_icon_alignemt":"","sfsi_plus_gutenburg_max_per_row":"","footnotes":""},"categories":[8],"tags":[],"class_list":["post-6127","post","type-post","status-publish","format-standard","has-post-thumbnail","hentry","category-brasil"],"_links":{"self":[{"href":"https:\/\/noticiasregionais.com.br\/index.php?rest_route=\/wp\/v2\/posts\/6127","targetHints":{"allow":["GET"]}}],"collection":[{"href":"https:\/\/noticiasregionais.com.br\/index.php?rest_route=\/wp\/v2\/posts"}],"about":[{"href":"https:\/\/noticiasregionais.com.br\/index.php?rest_route=\/wp\/v2\/types\/post"}],"author":[{"embeddable":true,"href":"https:\/\/noticiasregionais.com.br\/index.php?rest_route=\/wp\/v2\/users\/1"}],"replies":[{"embeddable":true,"href":"https:\/\/noticiasregionais.com.br\/index.php?rest_route=%2Fwp%2Fv2%2Fcomments&post=6127"}],"version-history":[{"count":0,"href":"https:\/\/noticiasregionais.com.br\/index.php?rest_route=\/wp\/v2\/posts\/6127\/revisions"}],"wp:featuredmedia":[{"embeddable":true,"href":"https:\/\/noticiasregionais.com.br\/index.php?rest_route=\/wp\/v2\/media\/6128"}],"wp:attachment":[{"href":"https:\/\/noticiasregionais.com.br\/index.php?rest_route=%2Fwp%2Fv2%2Fmedia&parent=6127"}],"wp:term":[{"taxonomy":"category","embeddable":true,"href":"https:\/\/noticiasregionais.com.br\/index.php?rest_route=%2Fwp%2Fv2%2Fcategories&post=6127"},{"taxonomy":"post_tag","embeddable":true,"href":"https:\/\/noticiasregionais.com.br\/index.php?rest_route=%2Fwp%2Fv2%2Ftags&post=6127"}],"curies":[{"name":"wp","href":"https:\/\/api.w.org\/{rel}","templated":true}]}}