{"id":6163,"date":"2025-01-14T08:00:00","date_gmt":"2025-01-14T11:00:00","guid":{"rendered":"https:\/\/noticiasregionais.com.br\/?p=6163"},"modified":"2025-01-14T08:00:00","modified_gmt":"2025-01-14T11:00:00","slug":"totens-de-seguranca-entenda-como-funciona-o-dispositivo-que-virou-tendencia-nos-municipios-brasileiros","status":"publish","type":"post","link":"https:\/\/noticiasregionais.com.br\/?p=6163","title":{"rendered":"Totens de seguran\u00e7a: entenda como funciona o dispositivo que virou tend\u00eancia nos munic\u00edpios brasileiros"},"content":{"rendered":"<p>\t\t\t\t\t\t\t\t\t\t<audio controls class=\"b61_audio_player\" data-noticia=\"79613\" src=\"https:\/\/brasil61.com\/rails\/active_storage\/blobs\/eyJfcmFpbHMiOnsibWVzc2FnZSI6IkJBaHBBNzBuQXc9PSIsImV4cCI6bnVsbCwicHVyIjoiYmxvYl9pZCJ9fQ==--c9c94e8391f296b5133819312e3d192d17916676\/BRAS2513313A\"><\/audio><\/p>\n<p>Cada vez mais presentes nos munic\u00edpios brasileiros, os totens de seguran\u00e7a viraram tend\u00eancia entre equipamentos tecnol\u00f3gicos utilizados no combate \u00e0 criminalidade. Em cidades de S\u00e3o Paulo, por exemplo, alguns resultados positivos foram registrados no ano passado.\u00a0<\/p>\n<p>De acordo com informa\u00e7\u00f5es da Secretaria de Seguran\u00e7a Cidad\u00e3 de Diadema (SP), as \u00e1reas com esse tipo de equipamento apresentaram queda de quase 20% em alguns \u00edndices de criminalidade em 2024, na compara\u00e7\u00e3o com o ano anterior. Considerando os 25 totens da cidade, houve redu\u00e7\u00e3o em 80% das \u00e1reas de abrang\u00eancia dos equipamentos.<\/p>\n<p>No Distrito Federal, os dispositivos est\u00e3o em fase de teste. De acordo com o governo local, os equipamentos est\u00e3o instalados no Setor Comercial Sul e ao lado da Pra\u00e7a do Rel\u00f3gio, em Taguatinga. O per\u00edodo de teste ser\u00e1 de 90 dias e os totens foram instalados no dia 24 de dezembro do ano passado. Ap\u00f3s esse tempo, ser\u00e3o feitos relat\u00f3rios e an\u00e1lises para avaliar a efetividade da tecnologia.<\/p>\n<p><a href=\"https:\/\/brasil61.com\/n\/chantagem-e-falta-de-inovacao-diz-caiado-sobre-decreto-que-limita-atuacao-das-forcas-de-seguranca-bras2513288\" target=\"_blank\" rel=\"noopener\">\u201cChantagem e falta de inova\u00e7\u00e3o\u201d, diz Caiado sobre decreto que limita atua\u00e7\u00e3o das for\u00e7as de seguran\u00e7a<\/a><\/p>\n<p><a href=\"https:\/\/brasil61.com\/n\/estados-do-centro-oeste-sul-e-sudeste-pedem-revogacao-de-decreto-presidencial-e-defendem-autonomia-ato-divide-governadores-pelo-brasil-bras2513297\" target=\"_blank\" rel=\"noopener\">Governadores do Centro-Oeste, Sul e Sudeste pedem revoga\u00e7\u00e3o de decreto presidencial e defendem autonomia; ato divide posi\u00e7\u00f5es pelo Brasil<\/a><\/p>\n<p>Outro exemplo \u00e9 a cidade de Cabo de Santo Agostinho, em Pernambuco. De acordo com a prefeitura do munic\u00edpio, os equipamentos foram instalados em pontos estrat\u00e9gicos da cidade. A iniciativa faz parte da opera\u00e7\u00e3o \u2018\u2019Ver\u00e3o Seguro\u2019\u2019, que acontece entre os meses de janeiro e fevereiro, per\u00edodo de grande movimenta\u00e7\u00e3o nas praias locais.<\/p>\n<p>Segundo o secret\u00e1rio municipal da Defesa Social do Cabo, Julierme Veras, a utiliza\u00e7\u00e3o da tecnologia \u00e9 essencial no combate \u00e0 criminalidade. \u201cNo atual cen\u00e1rio, n\u00e3o h\u00e1 como abrir m\u00e3o de instrumentos como esses, que nos ajudam na captura de dados importantes e no combate \u00e0 viol\u00eancia na cidade\u201d, afirmou.<\/p>\n<h2>O que s\u00e3o totens de seguran\u00e7a?<\/h2>\n<p>Segundo o especialista em seguran\u00e7a p\u00fablica, Ricardo Bandeira, os totens de seguran\u00e7a s\u00e3o estruturas verticais que contam com equipamentos de vigil\u00e2ncia e comunica\u00e7\u00e3o, criados com o intuito de aumentar a seguran\u00e7a em \u00e1reas p\u00fablicas e privadas. Segundo ele, os dispositivos funcionam como pontos de monitoramento ostensivo.<\/p>\n<p>\u201cEles s\u00e3o uma ferramenta muito eficiente e important\u00edssima para a redu\u00e7\u00e3o dos \u00edndices de viol\u00eancia e criminalidade, pois est\u00e3o ligados diretamente \u00e0 tecnologia de intelig\u00eancia e investiga\u00e7\u00e3o. Portanto, s\u00e3o eficazes naquilo que se prop\u00f5em. Logicamente, esses equipamentos devem ser de qualidade, devem ter uma tecnologia atualizada e \u00e9 fundamental que existam contratos de manuten\u00e7\u00e3o desses dispositivos\u201d, pontua. \u00a0<\/p>\n<h2>Os totens de seguran\u00e7a podem ser integrados pelos seguintes equipamentos:<\/h2>\n<ul>\n<li><strong>C\u00e2meras de vigil\u00e2ncia:<\/strong> capturam imagens em alta resolu\u00e7\u00e3o e permitem o monitoramento em tempo real, al\u00e9m da grava\u00e7\u00e3o de casos. Algumas dessas c\u00e2meras t\u00eam tecnologia de reconhecimento facial e leitura de placas.<\/li>\n<li><strong>Sensores de movimento:<\/strong> detectam atividades suspeitas e podem acionar alertas.<\/li>\n<li><strong>Alto-falantes e microfones:<\/strong> permitem a comunica\u00e7\u00e3o entre a central de monitoramento e o local onde o totem est\u00e1 instalado. Tamb\u00e9m possibilitam a emiss\u00e3o de avisos sonoros, assim como a intera\u00e7\u00e3o com pessoas no local.<\/li>\n<li><strong>Bot\u00e3o de p\u00e2nico:<\/strong> permite que as pessoas acionem diretamente a pol\u00edcia ou a central de monitoramento em caso de emerg\u00eancia.<\/li>\n<li><strong>Sistemas de ilumina\u00e7\u00e3o: <\/strong>alguns desses equipamentos t\u00eam ilumina\u00e7\u00e3o refor\u00e7ada com o objetivo de aumentar a visibilidade.<br \/>\n\t\u00a0<\/li>\n<\/ul>\n<p>\t\t\t\t\t\t\t\t\t<img decoding=\"async\" src=\"https:\/\/brasil61.com\/api\/v1\/serve_pixel\/22254\/79613\" alt=\"Pixel Brasil 61\" class=\"b61_pixel\" width=\"0\" height=\"0\"><\/p>\n<div class=\"br61_backlink\">\n<p>\n\t\t\t\tFonte: <a href=\"https:\/\/brasil61.com\/totens-de-seguranca-entenda-como-funciona-o-dispositivo-que-virou-tendencia-nos-municipios-brasileiros-bras2513313\" title=\"Artigo Original: Totens de seguran\u00e7a: entenda como funciona o dispositivo que virou tend\u00eancia nos munic\u00edpios brasileiros\" target=\"_blank\" rel=\"noopener\">Brasil 61<\/a>\n\t\t\t<\/p>\n<\/p><\/div>\n<input type=\"hidden\" id=\"baseurl\" value=\"https:\/\/noticiasregionais.com.br\"><input type=\"hidden\" id=\"audio_nonce\" value=\"51537c5ade\">","protected":false},"excerpt":{"rendered":"<p>Em Diadema (SP), as \u00e1reas com totens de seguran\u00e7a apresentaram queda de quase 20% em alguns \u00edndices de criminalidade em 2024, na compara\u00e7\u00e3o com o ano anterior <\/p>\n","protected":false},"author":1,"featured_media":6164,"comment_status":"","ping_status":"open","sticky":false,"template":"","format":"standard","meta":{"sfsi_plus_gutenberg_text_before_share":"","sfsi_plus_gutenberg_show_text_before_share":"","sfsi_plus_gutenberg_icon_type":"","sfsi_plus_gutenberg_icon_alignemt":"","sfsi_plus_gutenburg_max_per_row":"","footnotes":""},"categories":[8],"tags":[],"class_list":["post-6163","post","type-post","status-publish","format-standard","has-post-thumbnail","hentry","category-brasil"],"_links":{"self":[{"href":"https:\/\/noticiasregionais.com.br\/index.php?rest_route=\/wp\/v2\/posts\/6163","targetHints":{"allow":["GET"]}}],"collection":[{"href":"https:\/\/noticiasregionais.com.br\/index.php?rest_route=\/wp\/v2\/posts"}],"about":[{"href":"https:\/\/noticiasregionais.com.br\/index.php?rest_route=\/wp\/v2\/types\/post"}],"author":[{"embeddable":true,"href":"https:\/\/noticiasregionais.com.br\/index.php?rest_route=\/wp\/v2\/users\/1"}],"replies":[{"embeddable":true,"href":"https:\/\/noticiasregionais.com.br\/index.php?rest_route=%2Fwp%2Fv2%2Fcomments&post=6163"}],"version-history":[{"count":0,"href":"https:\/\/noticiasregionais.com.br\/index.php?rest_route=\/wp\/v2\/posts\/6163\/revisions"}],"wp:featuredmedia":[{"embeddable":true,"href":"https:\/\/noticiasregionais.com.br\/index.php?rest_route=\/wp\/v2\/media\/6164"}],"wp:attachment":[{"href":"https:\/\/noticiasregionais.com.br\/index.php?rest_route=%2Fwp%2Fv2%2Fmedia&parent=6163"}],"wp:term":[{"taxonomy":"category","embeddable":true,"href":"https:\/\/noticiasregionais.com.br\/index.php?rest_route=%2Fwp%2Fv2%2Fcategories&post=6163"},{"taxonomy":"post_tag","embeddable":true,"href":"https:\/\/noticiasregionais.com.br\/index.php?rest_route=%2Fwp%2Fv2%2Ftags&post=6163"}],"curies":[{"name":"wp","href":"https:\/\/api.w.org\/{rel}","templated":true}]}}