{"id":6178,"date":"2025-01-14T22:59:00","date_gmt":"2025-01-15T01:59:00","guid":{"rendered":"https:\/\/noticiasregionais.com.br\/?p=6178"},"modified":"2025-01-14T22:59:00","modified_gmt":"2025-01-15T01:59:00","slug":"ms-programa-computadores-para-inclusao-do-ministerio-das-comunicacoes-doa-175-maquinas-para-o-mato-grosso-do-sul-em-2024","status":"publish","type":"post","link":"https:\/\/noticiasregionais.com.br\/?p=6178","title":{"rendered":"MS: Programa &#8216;Computadores para Inclus\u00e3o&#8217;, do Minist\u00e9rio das Comunica\u00e7\u00f5es, doa 175 m\u00e1quinas para o Mato Grosso do Sul em 2024"},"content":{"rendered":"<p>\t\t\t\t\t\t\t\t\t\t<audio controls class=\"b61_audio_player\" data-noticia=\"79647\" src=\"https:\/\/brasil61.com\/rails\/active_storage\/blobs\/eyJfcmFpbHMiOnsibWVzc2FnZSI6IkJBaHBBMjBvQXc9PSIsImV4cCI6bnVsbCwicHVyIjoiYmxvYl9pZCJ9fQ==--4400356e2eebd27711f4cf9c993b536b073d7ab6\/MCOM250088A\"><\/audio><\/p>\n<p>O Minist\u00e9rio das Comunica\u00e7\u00f5es fez 175 doa\u00e7\u00f5es ao Mato Grosso do Sul por meio do programa Computadores para Inclus\u00e3o durante todo o ano de 2024. As entregas foram feitas em 14 pontos de inclus\u00e3o digital, a maioria, localizados em escolas. Por meio dos centros de recondicionamento de computadores (CRC), houve, tamb\u00e9m, 530 forma\u00e7\u00f5es em sete cursos voltados para inform\u00e1tica e manuten\u00e7\u00e3o de computadores e celulares.<\/p>\n<p>O objetivo do programa \u00e9 apoiar e viabilizar iniciativas de inclus\u00e3o digital por meio dos centros de recondicionamento de computadores para a realiza\u00e7\u00e3o de cursos e oficinas.\u00a0<\/p>\n<p>O ministro das Comunica\u00e7\u00f5es, Juscelino Filho, fala da import\u00e2ncia do Computadores para Inclus\u00e3o e explica como os cursos oferecidos podem beneficiar a popula\u00e7\u00e3o brasileira.\u00a0<\/p>\n<p>&#8220;A meta do presidente Lula e do nosso governo \u00e9 conectar a todos e n\u00e3o vamos deixar ningu\u00e9m para tr\u00e1s. Este \u00e9 um programa muito valioso e que nos orgulha muito, com mais de 50 mil doa\u00e7\u00f5es de computadores para escolas e associa\u00e7\u00f5es e entidades em todo o Brasil. Os cursos oferecidos por meio desta parceria, com certeza v\u00e3o contribuir para o crescimento profissional de todos, principalmente aqueles que mais precisam, gerando novas oportunidades e abrindo um novo mundo de possibilidades.&#8221;<\/p>\n<p>Nos dois \u00faltimos anos, foram priorizadas doa\u00e7\u00f5es para atender a popula\u00e7\u00e3o que vive em locais de dif\u00edcil acesso.<\/p>\n<p>Em dezembro do ano passado, o Minist\u00e9rio das Comunica\u00e7\u00f5es divulgou o resultado do edital para expandir o programa para todo o Brasil. Com isso, haver\u00e1 centros de recondicionamento distribu\u00eddos em todos os estados brasileiros e no Distrito Federal.<\/p>\n<p><strong>Computadores para Inclus\u00e3o: o que \u00e9<\/strong><\/p>\n<p>O <a href=\"http:\/\/www.gov.br\/mcom\/pt-br\/acesso-a-informacao\/acoes-e-programas\/programas-projetos-acoes-obras-e-atividades\/computadores-para-inclusao-1\" target=\"_blank\" rel=\"noopener\">Programa <\/a>Computadores para Inclus\u00e3o \u00e9 uma a\u00e7\u00e3o do Governo Federal, executada pelo Minist\u00e9rio das Comunica\u00e7\u00f5es (MCom), para implementa\u00e7\u00e3o de Pol\u00edticas de Inclus\u00e3o Digital. O Programa tem como objetivo apoiar e viabilizar iniciativas de promo\u00e7\u00e3o da inclus\u00e3o digital por meio dos Centros de Recondicionamento de Computadores (CRC) \u2014 espa\u00e7os f\u00edsicos adaptados para o recondicionamento de equipamentos eletroeletr\u00f4nicos, para a realiza\u00e7\u00e3o de cursos e oficinas e realiza o descarte correto de res\u00edduos eletr\u00f4nicos.<\/p>\n<p>Fonte: MCOM<br \/>\n\u00a0<\/p>\n<p>\t\t\t\t\t\t\t\t\t<img decoding=\"async\" src=\"https:\/\/brasil61.com\/api\/v1\/serve_pixel\/22254\/79647\" alt=\"Pixel Brasil 61\" class=\"b61_pixel\" width=\"0\" height=\"0\"><\/p>\n<div class=\"br61_backlink\">\n<p>\n\t\t\t\tFonte: <a href=\"https:\/\/brasil61.com\/ms-programa-computadores-para-inclusao-do-ministerio-das-comunicacoes-doa-175-maquinas-para-o-mato-grosso-do-sul-em-2024-mcom250088\" title=\"Artigo Original: MS: Programa &#039;Computadores para Inclus\u00e3o&#039;, do Minist\u00e9rio das Comunica\u00e7\u00f5es, doa 175 m\u00e1quinas para o Mato Grosso do Sul em 2024\" target=\"_blank\" rel=\"noopener\">Brasil 61<\/a>\n\t\t\t<\/p>\n<\/p><\/div>\n<input type=\"hidden\" id=\"baseurl\" value=\"https:\/\/noticiasregionais.com.br\"><input type=\"hidden\" id=\"audio_nonce\" value=\"533fbb67b1\">","protected":false},"excerpt":{"rendered":"<p>Doa\u00e7\u00f5es possibilitaram que 14 pontos de inclus\u00e3o digital levassem forma\u00e7\u00e3o e conectividade para a popula\u00e7\u00e3o<\/p>\n","protected":false},"author":1,"featured_media":0,"comment_status":"","ping_status":"open","sticky":false,"template":"","format":"standard","meta":{"sfsi_plus_gutenberg_text_before_share":"","sfsi_plus_gutenberg_show_text_before_share":"","sfsi_plus_gutenberg_icon_type":"","sfsi_plus_gutenberg_icon_alignemt":"","sfsi_plus_gutenburg_max_per_row":"","footnotes":""},"categories":[1],"tags":[],"class_list":["post-6178","post","type-post","status-publish","format-standard","hentry","category-noticias"],"_links":{"self":[{"href":"https:\/\/noticiasregionais.com.br\/index.php?rest_route=\/wp\/v2\/posts\/6178","targetHints":{"allow":["GET"]}}],"collection":[{"href":"https:\/\/noticiasregionais.com.br\/index.php?rest_route=\/wp\/v2\/posts"}],"about":[{"href":"https:\/\/noticiasregionais.com.br\/index.php?rest_route=\/wp\/v2\/types\/post"}],"author":[{"embeddable":true,"href":"https:\/\/noticiasregionais.com.br\/index.php?rest_route=\/wp\/v2\/users\/1"}],"replies":[{"embeddable":true,"href":"https:\/\/noticiasregionais.com.br\/index.php?rest_route=%2Fwp%2Fv2%2Fcomments&post=6178"}],"version-history":[{"count":0,"href":"https:\/\/noticiasregionais.com.br\/index.php?rest_route=\/wp\/v2\/posts\/6178\/revisions"}],"wp:attachment":[{"href":"https:\/\/noticiasregionais.com.br\/index.php?rest_route=%2Fwp%2Fv2%2Fmedia&parent=6178"}],"wp:term":[{"taxonomy":"category","embeddable":true,"href":"https:\/\/noticiasregionais.com.br\/index.php?rest_route=%2Fwp%2Fv2%2Fcategories&post=6178"},{"taxonomy":"post_tag","embeddable":true,"href":"https:\/\/noticiasregionais.com.br\/index.php?rest_route=%2Fwp%2Fv2%2Ftags&post=6178"}],"curies":[{"name":"wp","href":"https:\/\/api.w.org\/{rel}","templated":true}]}}