{"id":6242,"date":"2025-01-14T03:00:00","date_gmt":"2025-01-14T06:00:00","guid":{"rendered":"https:\/\/noticiasregionais.com.br\/?p=6242"},"modified":"2025-01-14T03:00:00","modified_gmt":"2025-01-14T06:00:00","slug":"boi-gordo-comeca-semana-em-alta-cotado-a-r-32560","status":"publish","type":"post","link":"https:\/\/noticiasregionais.com.br\/?p=6242","title":{"rendered":"Boi gordo come\u00e7a semana em alta cotado a R$ 325,60"},"content":{"rendered":"<p>\t\t\t\t\t\t\t\t\t\t<audio controls class=\"b61_audio_player\" data-noticia=\"79600\" src=\"https:\/\/brasil61.com\/rails\/active_storage\/blobs\/eyJfcmFpbHMiOnsibWVzc2FnZSI6IkJBaHBBOE1uQXc9PSIsImV4cCI6bnVsbCwicHVyIjoiYmxvYl9pZCJ9fQ==--6e5a4c5dc0a1b182dcb8f9b6c13a049a74149c1e\/PAGR255280A\"><\/audio><\/p>\n<p>Nesta ter\u00e7a-feira (14) o boi gordo est\u00e1 cotado a R$ 325,60 no estado de S\u00e3o Paulo, em alta de 0,39%.<\/p>\n<p>O quilo do frango congelado, tamb\u00e9m em alta, \u00e9 vendido a R$ 8,53. O resfriado segue a mesma tend\u00eancia e custa R$ 8,45.<\/p>\n<p>A carca\u00e7a su\u00edna especial voltou a ter queda e custa R$ 11,91. J\u00e1 o quilo do su\u00edno vivo se manteve est\u00e1vel e custa R$ 7,96 em Minas Gerais. No Paran\u00e1 apresentou alta e custa R$ 7,59 e em Santa Catarina, em queda, custa R$ 7,63.<\/p>\n<p>Os valores s\u00e3o do Cepea.\u00a0<\/p>\n<p>\n\u00a0<\/p>\n<p>\t\t\t\t\t\t\t\t\t<img decoding=\"async\" src=\"https:\/\/brasil61.com\/api\/v1\/serve_pixel\/22254\/79600\" alt=\"Pixel Brasil 61\" class=\"b61_pixel\" width=\"0\" height=\"0\"><\/p>\n<div class=\"br61_backlink\">\n<p>\n\t\t\t\tFonte: <a href=\"https:\/\/brasil61.com\/boi-gordo-comeca-semana-em-alta-cotado-a-r-325-60-pagr255280\" title=\"Artigo Original: Boi gordo come\u00e7a semana em alta cotado a R$ 325,60\" target=\"_blank\" rel=\"noopener\">Brasil 61<\/a>\n\t\t\t<\/p>\n<\/p><\/div>\n<input type=\"hidden\" id=\"baseurl\" value=\"https:\/\/noticiasregionais.com.br\"><input type=\"hidden\" id=\"audio_nonce\" value=\"51537c5ade\">","protected":false},"excerpt":{"rendered":"<p>O quilo do frango congelado subiu e o produto \u00e9 negociado a R$ 8,53<\/p>\n","protected":false},"author":1,"featured_media":6243,"comment_status":"","ping_status":"open","sticky":false,"template":"","format":"standard","meta":{"sfsi_plus_gutenberg_text_before_share":"","sfsi_plus_gutenberg_show_text_before_share":"","sfsi_plus_gutenberg_icon_type":"","sfsi_plus_gutenberg_icon_alignemt":"","sfsi_plus_gutenburg_max_per_row":"","footnotes":""},"categories":[8],"tags":[],"class_list":["post-6242","post","type-post","status-publish","format-standard","has-post-thumbnail","hentry","category-brasil"],"_links":{"self":[{"href":"https:\/\/noticiasregionais.com.br\/index.php?rest_route=\/wp\/v2\/posts\/6242","targetHints":{"allow":["GET"]}}],"collection":[{"href":"https:\/\/noticiasregionais.com.br\/index.php?rest_route=\/wp\/v2\/posts"}],"about":[{"href":"https:\/\/noticiasregionais.com.br\/index.php?rest_route=\/wp\/v2\/types\/post"}],"author":[{"embeddable":true,"href":"https:\/\/noticiasregionais.com.br\/index.php?rest_route=\/wp\/v2\/users\/1"}],"replies":[{"embeddable":true,"href":"https:\/\/noticiasregionais.com.br\/index.php?rest_route=%2Fwp%2Fv2%2Fcomments&post=6242"}],"version-history":[{"count":0,"href":"https:\/\/noticiasregionais.com.br\/index.php?rest_route=\/wp\/v2\/posts\/6242\/revisions"}],"wp:featuredmedia":[{"embeddable":true,"href":"https:\/\/noticiasregionais.com.br\/index.php?rest_route=\/wp\/v2\/media\/6243"}],"wp:attachment":[{"href":"https:\/\/noticiasregionais.com.br\/index.php?rest_route=%2Fwp%2Fv2%2Fmedia&parent=6242"}],"wp:term":[{"taxonomy":"category","embeddable":true,"href":"https:\/\/noticiasregionais.com.br\/index.php?rest_route=%2Fwp%2Fv2%2Fcategories&post=6242"},{"taxonomy":"post_tag","embeddable":true,"href":"https:\/\/noticiasregionais.com.br\/index.php?rest_route=%2Fwp%2Fv2%2Ftags&post=6242"}],"curies":[{"name":"wp","href":"https:\/\/api.w.org\/{rel}","templated":true}]}}