{"id":633,"date":"2023-09-29T19:48:37","date_gmt":"2023-09-29T22:48:37","guid":{"rendered":"https:\/\/noticiasregionais.com.br\/?p=633"},"modified":"2023-09-29T19:48:40","modified_gmt":"2023-09-29T22:48:40","slug":"cmec-reuniu-grande-publico-para-debater-o-tema-florescer-para-crescer-como-esta-sua-autoestima","status":"publish","type":"post","link":"https:\/\/noticiasregionais.com.br\/?p=633","title":{"rendered":"CMEC reuniu grande p\u00fablico para debater o tema \u201cFlorescer para crescer. Como est\u00e1 sua autoestima?\u201d"},"content":{"rendered":"\n<p>Em mais um evento grandioso, o CMEC de Ourinhos realizou seu Encontro de Mulheres Empreendedoras no \u00faltimo dia 21 e o tema da edi\u00e7\u00e3o foi \u201cFlorescer para crescer. Como est\u00e1 sua autoestima?\u201d<\/p>\n\n\n\n<p>O To\u00e9 Restaurante foi o espa\u00e7o escolhido para sediar a palestra das psic\u00f3logas Valdenice Stussi e Jamilly Stussi.<\/p>\n\n\n\n<p>As empreendedoras puderam presenciar um conte\u00fado engrandecedor e tamb\u00e9m fazer muito networking.<\/p>\n\n\n\n<p>O CMEC \u00e9 o Conselho da Mulher Empreendedora e da Cultura de Ourinhos, foi criado pela ACE Ourinhos e tem como foco principal o apoio e est\u00edmulo ao empreendedorismo feminino, por meio da capacita\u00e7\u00e3o das mulheres.<\/p>\n\n\n\n<figure class=\"wp-block-gallery has-nested-images columns-default is-cropped wp-block-gallery-1 is-layout-flex wp-block-gallery-is-layout-flex\">\n<figure class=\"wp-block-image size-large\"><a href=\"https:\/\/noticiasregionais.com.br\/wp-content\/uploads\/2023\/09\/WhatsApp-Image-2023-09-29-at-15.20.46.jpeg\"><img decoding=\"async\" width=\"768\" height=\"1024\" data-id=\"637\" src=\"https:\/\/noticiasregionais.com.br\/wp-content\/uploads\/2023\/09\/WhatsApp-Image-2023-09-29-at-15.20.46-768x1024.jpeg\" alt=\"\" class=\"wp-image-637\" srcset=\"https:\/\/noticiasregionais.com.br\/wp-content\/uploads\/2023\/09\/WhatsApp-Image-2023-09-29-at-15.20.46-768x1024.jpeg 768w, https:\/\/noticiasregionais.com.br\/wp-content\/uploads\/2023\/09\/WhatsApp-Image-2023-09-29-at-15.20.46-225x300.jpeg 225w, https:\/\/noticiasregionais.com.br\/wp-content\/uploads\/2023\/09\/WhatsApp-Image-2023-09-29-at-15.20.46-1152x1536.jpeg 1152w, https:\/\/noticiasregionais.com.br\/wp-content\/uploads\/2023\/09\/WhatsApp-Image-2023-09-29-at-15.20.46.jpeg 1200w\" sizes=\"(max-width: 768px) 100vw, 768px\" \/><\/a><\/figure>\n\n\n\n<figure class=\"wp-block-image size-large\"><a href=\"https:\/\/noticiasregionais.com.br\/wp-content\/uploads\/2023\/09\/WhatsApp-Image-2023-09-29-at-15.20.48-1.jpeg\"><img decoding=\"async\" width=\"768\" height=\"1024\" data-id=\"638\" src=\"https:\/\/noticiasregionais.com.br\/wp-content\/uploads\/2023\/09\/WhatsApp-Image-2023-09-29-at-15.20.48-1.jpeg\" alt=\"\" class=\"wp-image-638\" srcset=\"https:\/\/noticiasregionais.com.br\/wp-content\/uploads\/2023\/09\/WhatsApp-Image-2023-09-29-at-15.20.48-1.jpeg 768w, https:\/\/noticiasregionais.com.br\/wp-content\/uploads\/2023\/09\/WhatsApp-Image-2023-09-29-at-15.20.48-1-225x300.jpeg 225w\" sizes=\"(max-width: 768px) 100vw, 768px\" \/><\/a><\/figure>\n\n\n\n<figure class=\"wp-block-image size-large\"><a href=\"https:\/\/noticiasregionais.com.br\/wp-content\/uploads\/2023\/09\/WhatsApp-Image-2023-09-29-at-15.20.48.jpeg\"><img decoding=\"async\" width=\"768\" height=\"1024\" data-id=\"639\" src=\"https:\/\/noticiasregionais.com.br\/wp-content\/uploads\/2023\/09\/WhatsApp-Image-2023-09-29-at-15.20.48-768x1024.jpeg\" alt=\"\" class=\"wp-image-639\" srcset=\"https:\/\/noticiasregionais.com.br\/wp-content\/uploads\/2023\/09\/WhatsApp-Image-2023-09-29-at-15.20.48-768x1024.jpeg 768w, https:\/\/noticiasregionais.com.br\/wp-content\/uploads\/2023\/09\/WhatsApp-Image-2023-09-29-at-15.20.48-225x300.jpeg 225w, https:\/\/noticiasregionais.com.br\/wp-content\/uploads\/2023\/09\/WhatsApp-Image-2023-09-29-at-15.20.48-1152x1536.jpeg 1152w, https:\/\/noticiasregionais.com.br\/wp-content\/uploads\/2023\/09\/WhatsApp-Image-2023-09-29-at-15.20.48.jpeg 1200w\" sizes=\"(max-width: 768px) 100vw, 768px\" \/><\/a><\/figure>\n\n\n\n<figure class=\"wp-block-image size-large\"><a href=\"https:\/\/noticiasregionais.com.br\/wp-content\/uploads\/2023\/09\/WhatsApp-Image-2023-09-29-at-15.20.49.jpeg\"><img decoding=\"async\" width=\"1024\" height=\"768\" data-id=\"635\" src=\"https:\/\/noticiasregionais.com.br\/wp-content\/uploads\/2023\/09\/WhatsApp-Image-2023-09-29-at-15.20.49.jpeg\" alt=\"\" class=\"wp-image-635\" srcset=\"https:\/\/noticiasregionais.com.br\/wp-content\/uploads\/2023\/09\/WhatsApp-Image-2023-09-29-at-15.20.49.jpeg 1024w, https:\/\/noticiasregionais.com.br\/wp-content\/uploads\/2023\/09\/WhatsApp-Image-2023-09-29-at-15.20.49-300x225.jpeg 300w, https:\/\/noticiasregionais.com.br\/wp-content\/uploads\/2023\/09\/WhatsApp-Image-2023-09-29-at-15.20.49-768x576.jpeg 768w\" sizes=\"(max-width: 1024px) 100vw, 1024px\" \/><\/a><\/figure>\n<\/figure>\n<input type=\"hidden\" id=\"baseurl\" value=\"https:\/\/noticiasregionais.com.br\"><input type=\"hidden\" id=\"audio_nonce\" value=\"533fbb67b1\">","protected":false},"excerpt":{"rendered":"<p>Em mais um evento grandioso, o CMEC de Ourinhos realizou seu Encontro de Mulheres Empreendedoras no \u00faltimo dia 21 e&hellip;<\/p>\n","protected":false},"author":1,"featured_media":640,"comment_status":"closed","ping_status":"open","sticky":false,"template":"","format":"standard","meta":{"sfsi_plus_gutenberg_text_before_share":"","sfsi_plus_gutenberg_show_text_before_share":"","sfsi_plus_gutenberg_icon_type":"","sfsi_plus_gutenberg_icon_alignemt":"","sfsi_plus_gutenburg_max_per_row":"","footnotes":""},"categories":[10,1,5],"tags":[],"class_list":["post-633","post","type-post","status-publish","format-standard","has-post-thumbnail","hentry","category-destaques","category-noticias","category-ourinhos"],"_links":{"self":[{"href":"https:\/\/noticiasregionais.com.br\/index.php?rest_route=\/wp\/v2\/posts\/633","targetHints":{"allow":["GET"]}}],"collection":[{"href":"https:\/\/noticiasregionais.com.br\/index.php?rest_route=\/wp\/v2\/posts"}],"about":[{"href":"https:\/\/noticiasregionais.com.br\/index.php?rest_route=\/wp\/v2\/types\/post"}],"author":[{"embeddable":true,"href":"https:\/\/noticiasregionais.com.br\/index.php?rest_route=\/wp\/v2\/users\/1"}],"replies":[{"embeddable":true,"href":"https:\/\/noticiasregionais.com.br\/index.php?rest_route=%2Fwp%2Fv2%2Fcomments&post=633"}],"version-history":[{"count":1,"href":"https:\/\/noticiasregionais.com.br\/index.php?rest_route=\/wp\/v2\/posts\/633\/revisions"}],"predecessor-version":[{"id":641,"href":"https:\/\/noticiasregionais.com.br\/index.php?rest_route=\/wp\/v2\/posts\/633\/revisions\/641"}],"wp:featuredmedia":[{"embeddable":true,"href":"https:\/\/noticiasregionais.com.br\/index.php?rest_route=\/wp\/v2\/media\/640"}],"wp:attachment":[{"href":"https:\/\/noticiasregionais.com.br\/index.php?rest_route=%2Fwp%2Fv2%2Fmedia&parent=633"}],"wp:term":[{"taxonomy":"category","embeddable":true,"href":"https:\/\/noticiasregionais.com.br\/index.php?rest_route=%2Fwp%2Fv2%2Fcategories&post=633"},{"taxonomy":"post_tag","embeddable":true,"href":"https:\/\/noticiasregionais.com.br\/index.php?rest_route=%2Fwp%2Fv2%2Ftags&post=633"}],"curies":[{"name":"wp","href":"https:\/\/api.w.org\/{rel}","templated":true}]}}