{"id":6345,"date":"2025-01-13T00:06:00","date_gmt":"2025-01-13T03:06:00","guid":{"rendered":"https:\/\/noticiasregionais.com.br\/?p=6345"},"modified":"2025-01-13T00:06:00","modified_gmt":"2025-01-13T03:06:00","slug":"profissionais-de-saude-emissao-de-recibo-medico-sera-feita-exclusivamente-pelo-receita-saude","status":"publish","type":"post","link":"https:\/\/noticiasregionais.com.br\/?p=6345","title":{"rendered":"Profissionais de sa\u00fade: emiss\u00e3o de recibo m\u00e9dico ser\u00e1 feita exclusivamente pelo Receita Sa\u00fade"},"content":{"rendered":"<p>\t\t\t\t\t\t\t\t\t\t<audio controls class=\"b61_audio_player\" data-noticia=\"79573\" src=\"https:\/\/brasil61.com\/rails\/active_storage\/blobs\/eyJfcmFpbHMiOnsibWVzc2FnZSI6IkJBaHBBMFluQXc9PSIsImV4cCI6bnVsbCwicHVyIjoiYmxvYl9pZCJ9fQ==--5519c4518821dbda85fed9e77f8e2e1e40923aa2\/BRAS2513298B\"><\/audio><\/p>\n<p>Aten\u00e7\u00e3o, profissionais de sa\u00fade! Desde o dia 1\u00ba de janeiro de 2025, a emiss\u00e3o de recibos de despesas com sa\u00fade por profissionais pessoas f\u00edsicas passou a ser feita exclusivamente pelo Receita Sa\u00fade. Trata-se de um servi\u00e7o digital dispon\u00edvel no aplicativo da <a href=\"https:\/\/www.gov.br\/pt-br\/orgaos\/secretaria-especial-da-receita-federal-do-brasil\" target=\"_blank\" rel=\"noopener\">Secretaria Especial da Receita Federal<\/a>.<\/p>\n<p>Agora, o procedimento \u00e9 feito de forma digital. Com essa ferramenta, os pacientes e os profissionais n\u00e3o precisam guardar os recibos em papel, j\u00e1 que poder\u00e3o ser verificados no aplicativo.<\/p>\n<p>A medida vale para os seguintes profissionais:\u00a0<\/p>\n<ul>\n<li>M\u00e9dicos\u00a0<\/li>\n<li>Dentistas\u00a0<\/li>\n<li>Psic\u00f3logos\u00a0<\/li>\n<li>Fisioterapeutas\u00a0<\/li>\n<li>Fonoaudi\u00f3logos\u00a0<\/li>\n<li>Terapeutas Ocupacionais<\/li>\n<\/ul>\n<p>Os recibos emitidos no aplicativo neste ano ser\u00e3o carregados de forma autom\u00e1tica como despesas dedut\u00edveis na Declara\u00e7\u00e3o Pr\u00e9-preenchida do Imposto de Renda da Pessoa F\u00edsica dos pacientes. Al\u00e9m disso, ser\u00e1 compreendida como receita na declara\u00e7\u00e3o do profissional.<\/p>\n<p>O recibo deve ser emitido no momento do pagamento da presta\u00e7\u00e3o do servi\u00e7o. Caso seja feito mais de um pagamento referente a uma mesma presta\u00e7\u00e3o de servi\u00e7o, \u00e9 preciso emitir um recibo para cada pagamento realizado.<\/p>\n<p><a href=\"https:\/\/brasil61.com\/n\/dengue-ministerio-da-saude-lanca-centro-de-operacoes-e-plano-de-contingencia-bras2513290\" target=\"_blank\" rel=\"noopener\">Dengue: Minist\u00e9rio da Sa\u00fade lan\u00e7a centro de opera\u00e7\u00f5es e plano de conting\u00eancia<\/a><\/p>\n<p>Segundo o secret\u00e1rio especial da Receita Federal, Robinson Barreirinhas, a medida deve diminuir, de forma significativa, a quantidade de declara\u00e7\u00f5es em malha fina, uma vez que aproximadamente 25% das declara\u00e7\u00f5es que caem na malha\u00a0contam com alguma inconsist\u00eancia relacionada aos recibos de prestadores de servi\u00e7os de sa\u00fade pessoas f\u00edsicas.<\/p>\n<h2>O que \u00e9 o Receita Sa\u00fade?<\/h2>\n<p>Dispon\u00edvel desde abril de 2024, o Receita Sa\u00fade \u00e9 um servi\u00e7o digital dispon\u00edvel no aplicativo da Secretaria Especial da Receita Federal do Brasil. A ferramenta &#8211; que pode ser acessada por meio de dispositivos m\u00f3veis IOS e Android &#8211; permite a emiss\u00e3o de recibos de servi\u00e7os de sa\u00fade por profissional da \u00e1rea pessoa f\u00edsica, desde que haja registro regular no respectivo conselho profissional.<\/p>\n<p>At\u00e9 o in\u00edcio de dezembro do ano passado, foram emitidos cerca de 380 mil recibos, chegando a um total superior a R$ 215 milh\u00f5es em valores de servi\u00e7os de sa\u00fade prestados.<br \/>\n\u00a0<\/p>\n<p>\t\t\t\t\t\t\t\t\t<img decoding=\"async\" src=\"https:\/\/brasil61.com\/api\/v1\/serve_pixel\/22254\/79573\" alt=\"Pixel Brasil 61\" class=\"b61_pixel\" width=\"0\" height=\"0\"><\/p>\n<div class=\"br61_backlink\">\n<p>\n\t\t\t\tFonte: <a href=\"https:\/\/brasil61.com\/profissionais-de-saude-emissao-de-recibo-medico-sera-feita-exclusivamente-pelo-receita-saude-bras2513298\" title=\"Artigo Original: Profissionais de sa\u00fade: emiss\u00e3o de recibo m\u00e9dico ser\u00e1 feita exclusivamente pelo Receita Sa\u00fade\" target=\"_blank\" rel=\"noopener\">Brasil 61<\/a>\n\t\t\t<\/p>\n<\/p><\/div>\n<input type=\"hidden\" id=\"baseurl\" value=\"https:\/\/noticiasregionais.com.br\"><input type=\"hidden\" id=\"audio_nonce\" value=\"d4b05dd706\">","protected":false},"excerpt":{"rendered":"<p>A medida \u00e9 v\u00e1lida para despesas com sa\u00fade por profissionais pessoas f\u00edsicas, como m\u00e9dicos, dentistas, psic\u00f3logos, entre outros<\/p>\n","protected":false},"author":1,"featured_media":6346,"comment_status":"","ping_status":"open","sticky":false,"template":"","format":"standard","meta":{"sfsi_plus_gutenberg_text_before_share":"","sfsi_plus_gutenberg_show_text_before_share":"","sfsi_plus_gutenberg_icon_type":"","sfsi_plus_gutenberg_icon_alignemt":"","sfsi_plus_gutenburg_max_per_row":"","footnotes":""},"categories":[8],"tags":[],"class_list":["post-6345","post","type-post","status-publish","format-standard","has-post-thumbnail","hentry","category-brasil"],"_links":{"self":[{"href":"https:\/\/noticiasregionais.com.br\/index.php?rest_route=\/wp\/v2\/posts\/6345","targetHints":{"allow":["GET"]}}],"collection":[{"href":"https:\/\/noticiasregionais.com.br\/index.php?rest_route=\/wp\/v2\/posts"}],"about":[{"href":"https:\/\/noticiasregionais.com.br\/index.php?rest_route=\/wp\/v2\/types\/post"}],"author":[{"embeddable":true,"href":"https:\/\/noticiasregionais.com.br\/index.php?rest_route=\/wp\/v2\/users\/1"}],"replies":[{"embeddable":true,"href":"https:\/\/noticiasregionais.com.br\/index.php?rest_route=%2Fwp%2Fv2%2Fcomments&post=6345"}],"version-history":[{"count":0,"href":"https:\/\/noticiasregionais.com.br\/index.php?rest_route=\/wp\/v2\/posts\/6345\/revisions"}],"wp:featuredmedia":[{"embeddable":true,"href":"https:\/\/noticiasregionais.com.br\/index.php?rest_route=\/wp\/v2\/media\/6346"}],"wp:attachment":[{"href":"https:\/\/noticiasregionais.com.br\/index.php?rest_route=%2Fwp%2Fv2%2Fmedia&parent=6345"}],"wp:term":[{"taxonomy":"category","embeddable":true,"href":"https:\/\/noticiasregionais.com.br\/index.php?rest_route=%2Fwp%2Fv2%2Fcategories&post=6345"},{"taxonomy":"post_tag","embeddable":true,"href":"https:\/\/noticiasregionais.com.br\/index.php?rest_route=%2Fwp%2Fv2%2Ftags&post=6345"}],"curies":[{"name":"wp","href":"https:\/\/api.w.org\/{rel}","templated":true}]}}