{"id":643,"date":"2023-09-30T07:31:09","date_gmt":"2023-09-30T10:31:09","guid":{"rendered":"https:\/\/noticiasregionais.com.br\/?p=643"},"modified":"2023-09-30T07:31:20","modified_gmt":"2023-09-30T10:31:20","slug":"prf-apreende-maconha-e-skunk-em-ourinhos-sp","status":"publish","type":"post","link":"https:\/\/noticiasregionais.com.br\/?p=643","title":{"rendered":"PRF apreende maconha e skunk em Ourinhos\/SP"},"content":{"rendered":"\n<p class=\"has-text-align-center\"><strong>Motorista fugiu, chegou a trafegar pela contram\u00e3o, e bateu em defensa na rodovia<\/strong><\/p>\n\n\n\n<p>Uma equipe da Pol\u00edcia Rodovi\u00e1ria Federal apreendeu quase 140 quilos de drogas em um carro que passava pela rodovia Transbrasiliana (BR-153), em Ourinhos\/SP, por volta das 13h10 de dessa sexta-feira (29). O motorista iniciou fuga ap\u00f3s a ordem de parada dos policiais, os quais o seguiram por cerca de cinco quil\u00f4metros. Parte desse percurso o fugitivo dirigiu pela contram\u00e3o na rodovia SP 270, sendo acompanhado pela viatura da PRF no sentido correto. O motorista perdeu o controle do carro e bateu na defensa met\u00e1lica, fugindo a p\u00e9 para a \u00e1rea urbana da Vila Brasil. Ele n\u00e3o foi encontrado e ningu\u00e9m que trafegava na rodovia ficou ferido.<\/p>\n\n\n\n<p>No interior no ve\u00edculo estava o motivo da fuga: diversos pacotes semelhantes aos de maconha estavam sendo transportados. Na contagem final verificou-se que havia 115 tabletes de maconha, pesando 116,4 quilos, e 34 pacotes de skunk, tamb\u00e9m conhecida como \u201csupermaconha\u201d, pesando 23,4 quilos. Esta droga tamb\u00e9m \u00e9 um canacanbinoide, mas derivada de cruzamento de esp\u00e9cies de Cannabis, tornando-a mais potente.<\/p>\n\n\n\n<p>A ocorr\u00eancia foi apresentada na DISE &#8211; Delegacia de Pol\u00edcia de Investiga\u00e7\u00f5es sobre Entorpecentes em Ourinhos onde foram apreendidas a droga e o carro utilizado no crime.<\/p>\n\n\n\n<figure class=\"wp-block-gallery has-nested-images columns-default is-cropped wp-block-gallery-1 is-layout-flex wp-block-gallery-is-layout-flex\">\n<figure class=\"wp-block-image size-large\"><a href=\"https:\/\/noticiasregionais.com.br\/wp-content\/uploads\/2023\/09\/WhatsApp-Image-2023-09-29-at-20.13.30-2.jpeg\"><img decoding=\"async\" width=\"1024\" height=\"576\" data-id=\"644\" src=\"https:\/\/noticiasregionais.com.br\/wp-content\/uploads\/2023\/09\/WhatsApp-Image-2023-09-29-at-20.13.30-2-1024x576.jpeg\" alt=\"\" class=\"wp-image-644\" srcset=\"https:\/\/noticiasregionais.com.br\/wp-content\/uploads\/2023\/09\/WhatsApp-Image-2023-09-29-at-20.13.30-2-1024x576.jpeg 1024w, https:\/\/noticiasregionais.com.br\/wp-content\/uploads\/2023\/09\/WhatsApp-Image-2023-09-29-at-20.13.30-2-300x169.jpeg 300w, https:\/\/noticiasregionais.com.br\/wp-content\/uploads\/2023\/09\/WhatsApp-Image-2023-09-29-at-20.13.30-2-768x432.jpeg 768w, https:\/\/noticiasregionais.com.br\/wp-content\/uploads\/2023\/09\/WhatsApp-Image-2023-09-29-at-20.13.30-2-1536x864.jpeg 1536w, https:\/\/noticiasregionais.com.br\/wp-content\/uploads\/2023\/09\/WhatsApp-Image-2023-09-29-at-20.13.30-2.jpeg 1599w\" sizes=\"(max-width: 1024px) 100vw, 1024px\" \/><\/a><\/figure>\n\n\n\n<figure class=\"wp-block-image size-large\"><a href=\"https:\/\/noticiasregionais.com.br\/wp-content\/uploads\/2023\/09\/WhatsApp-Image-2023-09-29-at-20.13.30-1.jpeg\"><img decoding=\"async\" width=\"1024\" height=\"576\" data-id=\"645\" src=\"https:\/\/noticiasregionais.com.br\/wp-content\/uploads\/2023\/09\/WhatsApp-Image-2023-09-29-at-20.13.30-1-1024x576.jpeg\" alt=\"\" class=\"wp-image-645\" srcset=\"https:\/\/noticiasregionais.com.br\/wp-content\/uploads\/2023\/09\/WhatsApp-Image-2023-09-29-at-20.13.30-1-1024x576.jpeg 1024w, https:\/\/noticiasregionais.com.br\/wp-content\/uploads\/2023\/09\/WhatsApp-Image-2023-09-29-at-20.13.30-1-300x169.jpeg 300w, https:\/\/noticiasregionais.com.br\/wp-content\/uploads\/2023\/09\/WhatsApp-Image-2023-09-29-at-20.13.30-1-768x432.jpeg 768w, https:\/\/noticiasregionais.com.br\/wp-content\/uploads\/2023\/09\/WhatsApp-Image-2023-09-29-at-20.13.30-1-1536x864.jpeg 1536w, https:\/\/noticiasregionais.com.br\/wp-content\/uploads\/2023\/09\/WhatsApp-Image-2023-09-29-at-20.13.30-1.jpeg 1599w\" sizes=\"(max-width: 1024px) 100vw, 1024px\" \/><\/a><\/figure>\n<\/figure>\n<input type=\"hidden\" id=\"baseurl\" value=\"https:\/\/noticiasregionais.com.br\"><input type=\"hidden\" id=\"audio_nonce\" value=\"533fbb67b1\">","protected":false},"excerpt":{"rendered":"<p>Motorista fugiu, chegou a trafegar pela contram\u00e3o, e bateu em defensa na rodovia Uma equipe da Pol\u00edcia Rodovi\u00e1ria Federal apreendeu&hellip;<\/p>\n","protected":false},"author":1,"featured_media":646,"comment_status":"closed","ping_status":"open","sticky":false,"template":"","format":"standard","meta":{"sfsi_plus_gutenberg_text_before_share":"","sfsi_plus_gutenberg_show_text_before_share":"","sfsi_plus_gutenberg_icon_type":"","sfsi_plus_gutenberg_icon_alignemt":"","sfsi_plus_gutenburg_max_per_row":"","footnotes":""},"categories":[5,12,1],"tags":[],"class_list":["post-643","post","type-post","status-publish","format-standard","has-post-thumbnail","hentry","category-ourinhos","category-capa","category-noticias"],"_links":{"self":[{"href":"https:\/\/noticiasregionais.com.br\/index.php?rest_route=\/wp\/v2\/posts\/643","targetHints":{"allow":["GET"]}}],"collection":[{"href":"https:\/\/noticiasregionais.com.br\/index.php?rest_route=\/wp\/v2\/posts"}],"about":[{"href":"https:\/\/noticiasregionais.com.br\/index.php?rest_route=\/wp\/v2\/types\/post"}],"author":[{"embeddable":true,"href":"https:\/\/noticiasregionais.com.br\/index.php?rest_route=\/wp\/v2\/users\/1"}],"replies":[{"embeddable":true,"href":"https:\/\/noticiasregionais.com.br\/index.php?rest_route=%2Fwp%2Fv2%2Fcomments&post=643"}],"version-history":[{"count":1,"href":"https:\/\/noticiasregionais.com.br\/index.php?rest_route=\/wp\/v2\/posts\/643\/revisions"}],"predecessor-version":[{"id":647,"href":"https:\/\/noticiasregionais.com.br\/index.php?rest_route=\/wp\/v2\/posts\/643\/revisions\/647"}],"wp:featuredmedia":[{"embeddable":true,"href":"https:\/\/noticiasregionais.com.br\/index.php?rest_route=\/wp\/v2\/media\/646"}],"wp:attachment":[{"href":"https:\/\/noticiasregionais.com.br\/index.php?rest_route=%2Fwp%2Fv2%2Fmedia&parent=643"}],"wp:term":[{"taxonomy":"category","embeddable":true,"href":"https:\/\/noticiasregionais.com.br\/index.php?rest_route=%2Fwp%2Fv2%2Fcategories&post=643"},{"taxonomy":"post_tag","embeddable":true,"href":"https:\/\/noticiasregionais.com.br\/index.php?rest_route=%2Fwp%2Fv2%2Ftags&post=643"}],"curies":[{"name":"wp","href":"https:\/\/api.w.org\/{rel}","templated":true}]}}