{"id":648,"date":"2023-10-02T10:00:52","date_gmt":"2023-10-02T13:00:52","guid":{"rendered":"https:\/\/noticiasregionais.com.br\/?p=648"},"modified":"2023-10-02T10:03:35","modified_gmt":"2023-10-02T13:03:35","slug":"saia-sobre-rodas-comemora-1-ano-e-arrecada-doces-para-criancas-carentes","status":"publish","type":"post","link":"https:\/\/noticiasregionais.com.br\/?p=648","title":{"rendered":"Saia Sobre Rodas comemora 1 ano e arrecada doces para crian\u00e7as carentes"},"content":{"rendered":"\n<p>No \u00faltimo domingo, dia 1\u00ba de outubro, o Grupo Feminino Saia Sobre Rodas realizou um encontro automobil\u00edstico no antigo Clube da Telesp, em Ourinhos comemorando seu 1\u00ba ano de funda\u00e7\u00e3o. O evento reuniu amantes de carros tunados, som automotivo, suas fam\u00edlias e amigos.<\/p>\n\n\n\n<p>O objetivo do encontro foi arrecadar doces para proporcionar um Dia das Crian\u00e7as mais alegre para crian\u00e7as carentes de Ourinhos e Canitar. A a\u00e7\u00e3o foi um sucesso e foi arrecadada grande quantidade de doces.<\/p>\n\n\n\n<p>Al\u00e9m da arrecada\u00e7\u00e3o de doces, o evento tamb\u00e9m contou com brinquedos para as crian\u00e7as, churrasco e muita confraterniza\u00e7\u00e3o.<\/p>\n\n\n\n<p>&#8220;Todos os eventos organizados por n\u00f3s at\u00e9 hoje sempre prezaram por fazer papel social, sempre arrecadando algo para ser revertido para pessoas que precisam de ajuda&#8221;, comentou Kelly Xavier, idealizadora do evento.<\/p>\n\n\n\n<p>V\u00e1rios clubes automotivos participaram do evento, inclusive vindos de outras cidades da regi\u00e3o, como o Low City Club de Carl\u00f3polis, no Paran\u00e1. Dezenas de ve\u00edculos e centenas de participantes passaram um domingo muito gostoso, curtindo a companhia de pessoas que comungam dos mesmos interesses.<\/p>\n\n\n\n<p>&#8220;Foi um dia muito especial, onde pudemos reunir pessoas de todos os lugares para fazer o bem&#8221;, disse Kelly Xavier.<\/p>\n\n\n\n<p>Caso voc\u00ea n\u00e3o tenha participado do evento, mas mesmo assim deseja contribuir com o Saia Sobre Rodas na distribui\u00e7\u00e3o de doces do pr\u00f3ximo dia 12, \u00e9 s\u00f3 entrar em contato pelo Whatsapp 14997827658. Toda ajuda ser\u00e1 bem-vinda.<\/p>\n\n\n\n<figure class=\"wp-block-gallery has-nested-images columns-3 is-cropped wp-block-gallery-1 is-layout-flex wp-block-gallery-is-layout-flex\">\n<figure class=\"wp-block-image size-large\"><a href=\"https:\/\/noticiasregionais.com.br\/wp-content\/uploads\/2023\/10\/Encontro-Automobilistico-Saia-Sobre-Rodas-1.jpeg\"><img decoding=\"async\" width=\"1024\" height=\"576\" data-id=\"649\" src=\"https:\/\/noticiasregionais.com.br\/wp-content\/uploads\/2023\/10\/Encontro-Automobilistico-Saia-Sobre-Rodas-1-1024x576.jpeg\" alt=\"\" class=\"wp-image-649\" srcset=\"https:\/\/noticiasregionais.com.br\/wp-content\/uploads\/2023\/10\/Encontro-Automobilistico-Saia-Sobre-Rodas-1-1024x576.jpeg 1024w, https:\/\/noticiasregionais.com.br\/wp-content\/uploads\/2023\/10\/Encontro-Automobilistico-Saia-Sobre-Rodas-1-300x169.jpeg 300w, https:\/\/noticiasregionais.com.br\/wp-content\/uploads\/2023\/10\/Encontro-Automobilistico-Saia-Sobre-Rodas-1-768x432.jpeg 768w, https:\/\/noticiasregionais.com.br\/wp-content\/uploads\/2023\/10\/Encontro-Automobilistico-Saia-Sobre-Rodas-1-1536x864.jpeg 1536w, https:\/\/noticiasregionais.com.br\/wp-content\/uploads\/2023\/10\/Encontro-Automobilistico-Saia-Sobre-Rodas-1.jpeg 1599w\" sizes=\"(max-width: 1024px) 100vw, 1024px\" \/><\/a><\/figure>\n\n\n\n<figure class=\"wp-block-image size-large\"><a href=\"https:\/\/noticiasregionais.com.br\/wp-content\/uploads\/2023\/10\/Encontro-Automobilistico-Saia-Sobre-Rodas-3.jpeg\"><img decoding=\"async\" width=\"1024\" height=\"576\" data-id=\"661\" src=\"https:\/\/noticiasregionais.com.br\/wp-content\/uploads\/2023\/10\/Encontro-Automobilistico-Saia-Sobre-Rodas-3-1024x576.jpeg\" alt=\"\" class=\"wp-image-661\" srcset=\"https:\/\/noticiasregionais.com.br\/wp-content\/uploads\/2023\/10\/Encontro-Automobilistico-Saia-Sobre-Rodas-3-1024x576.jpeg 1024w, https:\/\/noticiasregionais.com.br\/wp-content\/uploads\/2023\/10\/Encontro-Automobilistico-Saia-Sobre-Rodas-3-300x169.jpeg 300w, https:\/\/noticiasregionais.com.br\/wp-content\/uploads\/2023\/10\/Encontro-Automobilistico-Saia-Sobre-Rodas-3-768x432.jpeg 768w, https:\/\/noticiasregionais.com.br\/wp-content\/uploads\/2023\/10\/Encontro-Automobilistico-Saia-Sobre-Rodas-3-1536x864.jpeg 1536w, https:\/\/noticiasregionais.com.br\/wp-content\/uploads\/2023\/10\/Encontro-Automobilistico-Saia-Sobre-Rodas-3.jpeg 1599w\" sizes=\"(max-width: 1024px) 100vw, 1024px\" \/><\/a><\/figure>\n\n\n\n<figure class=\"wp-block-image size-large\"><a href=\"https:\/\/noticiasregionais.com.br\/wp-content\/uploads\/2023\/10\/Encontro-Automobilistico-Saia-Sobre-Rodas-4.jpeg\"><img decoding=\"async\" width=\"1024\" height=\"576\" data-id=\"657\" src=\"https:\/\/noticiasregionais.com.br\/wp-content\/uploads\/2023\/10\/Encontro-Automobilistico-Saia-Sobre-Rodas-4-1024x576.jpeg\" alt=\"\" class=\"wp-image-657\" srcset=\"https:\/\/noticiasregionais.com.br\/wp-content\/uploads\/2023\/10\/Encontro-Automobilistico-Saia-Sobre-Rodas-4-1024x576.jpeg 1024w, https:\/\/noticiasregionais.com.br\/wp-content\/uploads\/2023\/10\/Encontro-Automobilistico-Saia-Sobre-Rodas-4-300x169.jpeg 300w, https:\/\/noticiasregionais.com.br\/wp-content\/uploads\/2023\/10\/Encontro-Automobilistico-Saia-Sobre-Rodas-4-768x432.jpeg 768w, https:\/\/noticiasregionais.com.br\/wp-content\/uploads\/2023\/10\/Encontro-Automobilistico-Saia-Sobre-Rodas-4-1536x864.jpeg 1536w, https:\/\/noticiasregionais.com.br\/wp-content\/uploads\/2023\/10\/Encontro-Automobilistico-Saia-Sobre-Rodas-4.jpeg 1599w\" sizes=\"(max-width: 1024px) 100vw, 1024px\" \/><\/a><\/figure>\n\n\n\n<figure class=\"wp-block-image size-large\"><a href=\"https:\/\/noticiasregionais.com.br\/wp-content\/uploads\/2023\/10\/Encontro-Automobilistico-Saia-Sobre-Rodas-5.jpeg\"><img decoding=\"async\" width=\"1024\" height=\"576\" data-id=\"659\" src=\"https:\/\/noticiasregionais.com.br\/wp-content\/uploads\/2023\/10\/Encontro-Automobilistico-Saia-Sobre-Rodas-5-1024x576.jpeg\" alt=\"\" class=\"wp-image-659\" srcset=\"https:\/\/noticiasregionais.com.br\/wp-content\/uploads\/2023\/10\/Encontro-Automobilistico-Saia-Sobre-Rodas-5-1024x576.jpeg 1024w, https:\/\/noticiasregionais.com.br\/wp-content\/uploads\/2023\/10\/Encontro-Automobilistico-Saia-Sobre-Rodas-5-300x169.jpeg 300w, https:\/\/noticiasregionais.com.br\/wp-content\/uploads\/2023\/10\/Encontro-Automobilistico-Saia-Sobre-Rodas-5-768x432.jpeg 768w, https:\/\/noticiasregionais.com.br\/wp-content\/uploads\/2023\/10\/Encontro-Automobilistico-Saia-Sobre-Rodas-5-1536x864.jpeg 1536w, https:\/\/noticiasregionais.com.br\/wp-content\/uploads\/2023\/10\/Encontro-Automobilistico-Saia-Sobre-Rodas-5.jpeg 1599w\" sizes=\"(max-width: 1024px) 100vw, 1024px\" \/><\/a><\/figure>\n\n\n\n<figure class=\"wp-block-image size-large\"><a href=\"https:\/\/noticiasregionais.com.br\/wp-content\/uploads\/2023\/10\/Encontro-Automobilistico-Saia-Sobre-Rodas-6.jpeg\"><img decoding=\"async\" width=\"1024\" height=\"576\" data-id=\"660\" src=\"https:\/\/noticiasregionais.com.br\/wp-content\/uploads\/2023\/10\/Encontro-Automobilistico-Saia-Sobre-Rodas-6-1024x576.jpeg\" alt=\"\" class=\"wp-image-660\" srcset=\"https:\/\/noticiasregionais.com.br\/wp-content\/uploads\/2023\/10\/Encontro-Automobilistico-Saia-Sobre-Rodas-6-1024x576.jpeg 1024w, https:\/\/noticiasregionais.com.br\/wp-content\/uploads\/2023\/10\/Encontro-Automobilistico-Saia-Sobre-Rodas-6-300x169.jpeg 300w, https:\/\/noticiasregionais.com.br\/wp-content\/uploads\/2023\/10\/Encontro-Automobilistico-Saia-Sobre-Rodas-6-768x432.jpeg 768w, https:\/\/noticiasregionais.com.br\/wp-content\/uploads\/2023\/10\/Encontro-Automobilistico-Saia-Sobre-Rodas-6-1536x864.jpeg 1536w, https:\/\/noticiasregionais.com.br\/wp-content\/uploads\/2023\/10\/Encontro-Automobilistico-Saia-Sobre-Rodas-6.jpeg 1599w\" sizes=\"(max-width: 1024px) 100vw, 1024px\" \/><\/a><\/figure>\n\n\n\n<figure class=\"wp-block-image size-large\"><a href=\"https:\/\/noticiasregionais.com.br\/wp-content\/uploads\/2023\/10\/Encontro-Automobilistico-Saia-Sobre-Rodas-7.jpeg\"><img decoding=\"async\" width=\"1024\" height=\"576\" data-id=\"655\" src=\"https:\/\/noticiasregionais.com.br\/wp-content\/uploads\/2023\/10\/Encontro-Automobilistico-Saia-Sobre-Rodas-7-1024x576.jpeg\" alt=\"\" class=\"wp-image-655\" srcset=\"https:\/\/noticiasregionais.com.br\/wp-content\/uploads\/2023\/10\/Encontro-Automobilistico-Saia-Sobre-Rodas-7-1024x576.jpeg 1024w, https:\/\/noticiasregionais.com.br\/wp-content\/uploads\/2023\/10\/Encontro-Automobilistico-Saia-Sobre-Rodas-7-300x169.jpeg 300w, https:\/\/noticiasregionais.com.br\/wp-content\/uploads\/2023\/10\/Encontro-Automobilistico-Saia-Sobre-Rodas-7-768x432.jpeg 768w, https:\/\/noticiasregionais.com.br\/wp-content\/uploads\/2023\/10\/Encontro-Automobilistico-Saia-Sobre-Rodas-7-1536x864.jpeg 1536w, https:\/\/noticiasregionais.com.br\/wp-content\/uploads\/2023\/10\/Encontro-Automobilistico-Saia-Sobre-Rodas-7.jpeg 1599w\" sizes=\"(max-width: 1024px) 100vw, 1024px\" \/><\/a><\/figure>\n\n\n\n<figure class=\"wp-block-image size-large\"><a href=\"https:\/\/noticiasregionais.com.br\/wp-content\/uploads\/2023\/10\/Encontro-Automobilistico-Saia-Sobre-Rodas-8.jpeg\"><img decoding=\"async\" width=\"1024\" height=\"576\" data-id=\"652\" src=\"https:\/\/noticiasregionais.com.br\/wp-content\/uploads\/2023\/10\/Encontro-Automobilistico-Saia-Sobre-Rodas-8-1024x576.jpeg\" alt=\"\" class=\"wp-image-652\" srcset=\"https:\/\/noticiasregionais.com.br\/wp-content\/uploads\/2023\/10\/Encontro-Automobilistico-Saia-Sobre-Rodas-8-1024x576.jpeg 1024w, https:\/\/noticiasregionais.com.br\/wp-content\/uploads\/2023\/10\/Encontro-Automobilistico-Saia-Sobre-Rodas-8-300x169.jpeg 300w, https:\/\/noticiasregionais.com.br\/wp-content\/uploads\/2023\/10\/Encontro-Automobilistico-Saia-Sobre-Rodas-8-768x432.jpeg 768w, https:\/\/noticiasregionais.com.br\/wp-content\/uploads\/2023\/10\/Encontro-Automobilistico-Saia-Sobre-Rodas-8-1536x864.jpeg 1536w, https:\/\/noticiasregionais.com.br\/wp-content\/uploads\/2023\/10\/Encontro-Automobilistico-Saia-Sobre-Rodas-8.jpeg 1599w\" sizes=\"(max-width: 1024px) 100vw, 1024px\" \/><\/a><\/figure>\n\n\n\n<figure class=\"wp-block-image size-large\"><a href=\"https:\/\/noticiasregionais.com.br\/wp-content\/uploads\/2023\/10\/Encontro-Automobilistico-Saia-Sobre-Rodas-9.jpeg\"><img decoding=\"async\" width=\"1024\" height=\"576\" data-id=\"650\" src=\"https:\/\/noticiasregionais.com.br\/wp-content\/uploads\/2023\/10\/Encontro-Automobilistico-Saia-Sobre-Rodas-9-1024x576.jpeg\" alt=\"\" class=\"wp-image-650\" srcset=\"https:\/\/noticiasregionais.com.br\/wp-content\/uploads\/2023\/10\/Encontro-Automobilistico-Saia-Sobre-Rodas-9-1024x576.jpeg 1024w, https:\/\/noticiasregionais.com.br\/wp-content\/uploads\/2023\/10\/Encontro-Automobilistico-Saia-Sobre-Rodas-9-300x169.jpeg 300w, https:\/\/noticiasregionais.com.br\/wp-content\/uploads\/2023\/10\/Encontro-Automobilistico-Saia-Sobre-Rodas-9-768x432.jpeg 768w, https:\/\/noticiasregionais.com.br\/wp-content\/uploads\/2023\/10\/Encontro-Automobilistico-Saia-Sobre-Rodas-9-1536x864.jpeg 1536w, https:\/\/noticiasregionais.com.br\/wp-content\/uploads\/2023\/10\/Encontro-Automobilistico-Saia-Sobre-Rodas-9.jpeg 1599w\" sizes=\"(max-width: 1024px) 100vw, 1024px\" \/><\/a><\/figure>\n\n\n\n<figure class=\"wp-block-image size-large\"><a href=\"https:\/\/noticiasregionais.com.br\/wp-content\/uploads\/2023\/10\/Encontro-Automobilistico-Saia-Sobre-Rodas-11.jpeg\"><img decoding=\"async\" width=\"1024\" height=\"576\" data-id=\"651\" src=\"https:\/\/noticiasregionais.com.br\/wp-content\/uploads\/2023\/10\/Encontro-Automobilistico-Saia-Sobre-Rodas-11-1024x576.jpeg\" alt=\"\" class=\"wp-image-651\" srcset=\"https:\/\/noticiasregionais.com.br\/wp-content\/uploads\/2023\/10\/Encontro-Automobilistico-Saia-Sobre-Rodas-11-1024x576.jpeg 1024w, https:\/\/noticiasregionais.com.br\/wp-content\/uploads\/2023\/10\/Encontro-Automobilistico-Saia-Sobre-Rodas-11-300x169.jpeg 300w, https:\/\/noticiasregionais.com.br\/wp-content\/uploads\/2023\/10\/Encontro-Automobilistico-Saia-Sobre-Rodas-11-768x432.jpeg 768w, https:\/\/noticiasregionais.com.br\/wp-content\/uploads\/2023\/10\/Encontro-Automobilistico-Saia-Sobre-Rodas-11-1536x864.jpeg 1536w, https:\/\/noticiasregionais.com.br\/wp-content\/uploads\/2023\/10\/Encontro-Automobilistico-Saia-Sobre-Rodas-11.jpeg 1599w\" sizes=\"(max-width: 1024px) 100vw, 1024px\" \/><\/a><\/figure>\n\n\n\n<figure class=\"wp-block-image size-large\"><a href=\"https:\/\/noticiasregionais.com.br\/wp-content\/uploads\/2023\/10\/Encontro-Automobilistico-Saia-Sobre-Rodas-13.jpeg\"><img decoding=\"async\" width=\"1024\" height=\"576\" data-id=\"653\" src=\"https:\/\/noticiasregionais.com.br\/wp-content\/uploads\/2023\/10\/Encontro-Automobilistico-Saia-Sobre-Rodas-13-1024x576.jpeg\" alt=\"\" class=\"wp-image-653\" srcset=\"https:\/\/noticiasregionais.com.br\/wp-content\/uploads\/2023\/10\/Encontro-Automobilistico-Saia-Sobre-Rodas-13-1024x576.jpeg 1024w, https:\/\/noticiasregionais.com.br\/wp-content\/uploads\/2023\/10\/Encontro-Automobilistico-Saia-Sobre-Rodas-13-300x169.jpeg 300w, https:\/\/noticiasregionais.com.br\/wp-content\/uploads\/2023\/10\/Encontro-Automobilistico-Saia-Sobre-Rodas-13-768x432.jpeg 768w, https:\/\/noticiasregionais.com.br\/wp-content\/uploads\/2023\/10\/Encontro-Automobilistico-Saia-Sobre-Rodas-13-1536x864.jpeg 1536w, https:\/\/noticiasregionais.com.br\/wp-content\/uploads\/2023\/10\/Encontro-Automobilistico-Saia-Sobre-Rodas-13.jpeg 1599w\" sizes=\"(max-width: 1024px) 100vw, 1024px\" \/><\/a><\/figure>\n\n\n\n<figure class=\"wp-block-image size-large\"><a href=\"https:\/\/noticiasregionais.com.br\/wp-content\/uploads\/2023\/10\/Encontro-Automobilistico-Saia-Sobre-Rodas-12.jpeg\"><img decoding=\"async\" width=\"1024\" height=\"576\" data-id=\"658\" src=\"https:\/\/noticiasregionais.com.br\/wp-content\/uploads\/2023\/10\/Encontro-Automobilistico-Saia-Sobre-Rodas-12-1024x576.jpeg\" alt=\"\" class=\"wp-image-658\" srcset=\"https:\/\/noticiasregionais.com.br\/wp-content\/uploads\/2023\/10\/Encontro-Automobilistico-Saia-Sobre-Rodas-12-1024x576.jpeg 1024w, https:\/\/noticiasregionais.com.br\/wp-content\/uploads\/2023\/10\/Encontro-Automobilistico-Saia-Sobre-Rodas-12-300x169.jpeg 300w, https:\/\/noticiasregionais.com.br\/wp-content\/uploads\/2023\/10\/Encontro-Automobilistico-Saia-Sobre-Rodas-12-768x432.jpeg 768w, https:\/\/noticiasregionais.com.br\/wp-content\/uploads\/2023\/10\/Encontro-Automobilistico-Saia-Sobre-Rodas-12-1536x864.jpeg 1536w, https:\/\/noticiasregionais.com.br\/wp-content\/uploads\/2023\/10\/Encontro-Automobilistico-Saia-Sobre-Rodas-12.jpeg 1599w\" sizes=\"(max-width: 1024px) 100vw, 1024px\" \/><\/a><\/figure>\n\n\n\n<figure class=\"wp-block-image size-large\"><a href=\"https:\/\/noticiasregionais.com.br\/wp-content\/uploads\/2023\/10\/Encontro-Automobilistico-Saia-Sobre-Rodas-10.jpeg\"><img decoding=\"async\" width=\"1024\" height=\"576\" data-id=\"654\" src=\"https:\/\/noticiasregionais.com.br\/wp-content\/uploads\/2023\/10\/Encontro-Automobilistico-Saia-Sobre-Rodas-10-1024x576.jpeg\" alt=\"\" class=\"wp-image-654\" srcset=\"https:\/\/noticiasregionais.com.br\/wp-content\/uploads\/2023\/10\/Encontro-Automobilistico-Saia-Sobre-Rodas-10-1024x576.jpeg 1024w, https:\/\/noticiasregionais.com.br\/wp-content\/uploads\/2023\/10\/Encontro-Automobilistico-Saia-Sobre-Rodas-10-300x169.jpeg 300w, https:\/\/noticiasregionais.com.br\/wp-content\/uploads\/2023\/10\/Encontro-Automobilistico-Saia-Sobre-Rodas-10-768x432.jpeg 768w, https:\/\/noticiasregionais.com.br\/wp-content\/uploads\/2023\/10\/Encontro-Automobilistico-Saia-Sobre-Rodas-10-1536x864.jpeg 1536w, https:\/\/noticiasregionais.com.br\/wp-content\/uploads\/2023\/10\/Encontro-Automobilistico-Saia-Sobre-Rodas-10.jpeg 1599w\" sizes=\"(max-width: 1024px) 100vw, 1024px\" \/><\/a><\/figure>\n\n\n\n<figure class=\"wp-block-image size-large\"><a href=\"https:\/\/noticiasregionais.com.br\/wp-content\/uploads\/2023\/10\/Encontro-Automobilistico-Saia-Sobre-Rodas-2.jpeg\"><img decoding=\"async\" width=\"1024\" height=\"576\" data-id=\"656\" src=\"https:\/\/noticiasregionais.com.br\/wp-content\/uploads\/2023\/10\/Encontro-Automobilistico-Saia-Sobre-Rodas-2-1024x576.jpeg\" alt=\"\" class=\"wp-image-656\" srcset=\"https:\/\/noticiasregionais.com.br\/wp-content\/uploads\/2023\/10\/Encontro-Automobilistico-Saia-Sobre-Rodas-2-1024x576.jpeg 1024w, https:\/\/noticiasregionais.com.br\/wp-content\/uploads\/2023\/10\/Encontro-Automobilistico-Saia-Sobre-Rodas-2-300x169.jpeg 300w, https:\/\/noticiasregionais.com.br\/wp-content\/uploads\/2023\/10\/Encontro-Automobilistico-Saia-Sobre-Rodas-2-768x432.jpeg 768w, https:\/\/noticiasregionais.com.br\/wp-content\/uploads\/2023\/10\/Encontro-Automobilistico-Saia-Sobre-Rodas-2-1536x864.jpeg 1536w, https:\/\/noticiasregionais.com.br\/wp-content\/uploads\/2023\/10\/Encontro-Automobilistico-Saia-Sobre-Rodas-2.jpeg 1599w\" sizes=\"(max-width: 1024px) 100vw, 1024px\" \/><\/a><\/figure>\n<\/figure>\n<input type=\"hidden\" id=\"baseurl\" value=\"https:\/\/noticiasregionais.com.br\"><input type=\"hidden\" id=\"audio_nonce\" value=\"9ddf44ba02\">","protected":false},"excerpt":{"rendered":"<p>No \u00faltimo domingo, dia 1\u00ba de outubro, o Grupo Feminino Saia Sobre Rodas realizou um encontro automobil\u00edstico no antigo Clube&hellip;<\/p>\n","protected":false},"author":1,"featured_media":662,"comment_status":"closed","ping_status":"open","sticky":false,"template":"","format":"standard","meta":{"sfsi_plus_gutenberg_text_before_share":"","sfsi_plus_gutenberg_show_text_before_share":"","sfsi_plus_gutenberg_icon_type":"","sfsi_plus_gutenberg_icon_alignemt":"","sfsi_plus_gutenburg_max_per_row":"","footnotes":""},"categories":[5,12,1],"tags":[],"class_list":["post-648","post","type-post","status-publish","format-standard","has-post-thumbnail","hentry","category-ourinhos","category-capa","category-noticias"],"_links":{"self":[{"href":"https:\/\/noticiasregionais.com.br\/index.php?rest_route=\/wp\/v2\/posts\/648","targetHints":{"allow":["GET"]}}],"collection":[{"href":"https:\/\/noticiasregionais.com.br\/index.php?rest_route=\/wp\/v2\/posts"}],"about":[{"href":"https:\/\/noticiasregionais.com.br\/index.php?rest_route=\/wp\/v2\/types\/post"}],"author":[{"embeddable":true,"href":"https:\/\/noticiasregionais.com.br\/index.php?rest_route=\/wp\/v2\/users\/1"}],"replies":[{"embeddable":true,"href":"https:\/\/noticiasregionais.com.br\/index.php?rest_route=%2Fwp%2Fv2%2Fcomments&post=648"}],"version-history":[{"count":2,"href":"https:\/\/noticiasregionais.com.br\/index.php?rest_route=\/wp\/v2\/posts\/648\/revisions"}],"predecessor-version":[{"id":665,"href":"https:\/\/noticiasregionais.com.br\/index.php?rest_route=\/wp\/v2\/posts\/648\/revisions\/665"}],"wp:featuredmedia":[{"embeddable":true,"href":"https:\/\/noticiasregionais.com.br\/index.php?rest_route=\/wp\/v2\/media\/662"}],"wp:attachment":[{"href":"https:\/\/noticiasregionais.com.br\/index.php?rest_route=%2Fwp%2Fv2%2Fmedia&parent=648"}],"wp:term":[{"taxonomy":"category","embeddable":true,"href":"https:\/\/noticiasregionais.com.br\/index.php?rest_route=%2Fwp%2Fv2%2Fcategories&post=648"},{"taxonomy":"post_tag","embeddable":true,"href":"https:\/\/noticiasregionais.com.br\/index.php?rest_route=%2Fwp%2Fv2%2Ftags&post=648"}],"curies":[{"name":"wp","href":"https:\/\/api.w.org\/{rel}","templated":true}]}}