{"id":6544,"date":"2025-01-27T00:03:00","date_gmt":"2025-01-27T03:03:00","guid":{"rendered":"https:\/\/noticiasregionais.com.br\/?p=6544"},"modified":"2025-01-27T00:03:00","modified_gmt":"2025-01-27T03:03:00","slug":"ccj-da-camara-vai-analisar-projeto-que-altera-a-lei-do-saneamento-basico","status":"publish","type":"post","link":"https:\/\/noticiasregionais.com.br\/?p=6544","title":{"rendered":"CCJ da C\u00e2mara vai analisar projeto que altera a Lei do Saneamento B\u00e1sico"},"content":{"rendered":"<p>\t\t\t\t\t\t\t\t\t\t<audio controls class=\"b61_audio_player\" data-noticia=\"79850\" src=\"https:\/\/brasil61.com\/rails\/active_storage\/blobs\/eyJfcmFpbHMiOnsibWVzc2FnZSI6IkJBaHBBNkV0QXc9PSIsImV4cCI6bnVsbCwicHVyIjoiYmxvYl9pZCJ9fQ==--96febb463ec3109346536916482e81dabbc3ca09\/BRAS2513376A\"><\/audio><\/p>\n<p>Os deputados aprovaram, em dezembro, o Projeto de Lei (<a href=\"https:\/\/www.camara.leg.br\/proposicoesWeb\/fichadetramitacao?idProposicao=2357720\" target=\"_blank\" rel=\"noopener\">PL 2072\/23<\/a>), que altera a Lei do Saneamento B\u00e1sico para\u00a0proibir que os servi\u00e7os de saneamento em um munic\u00edpio sejam prestados, sem licita\u00e7\u00e3o, por entidade da administra\u00e7\u00e3o de outro ente federativo. A proposta foi aprovada na Comiss\u00e3o de Desenvolvimento Urbano da C\u00e2mara e ser\u00e1 analisada, agora, pela Comiss\u00e3o de Constitui\u00e7\u00e3o e Justi\u00e7a e de Cidadania, em 2025.<\/p>\n<p>Pelo texto, os autores, deputados Adriana Ventura (Novo-SP) e Marcel van Hattem (Novo-RS), incluem na legisla\u00e7\u00e3o dois dispositivos que vedam a equipara\u00e7\u00e3o \u00e0 presta\u00e7\u00e3o direta, sem licita\u00e7\u00e3o, do servi\u00e7o de saneamento b\u00e1sico realizado por \u00f3rg\u00e3o de outro ente federativo, mesmo que seja na modalidade de presta\u00e7\u00e3o regionalizada.<\/p>\n<p>A medida teve relat\u00f3rio favor\u00e1vel do deputado Fernando Monteiro (PP-PE). Para ele, a proposta promove a competi\u00e7\u00e3o no mercado dos servi\u00e7os de saneamento. O deputado afirmou, ainda, que o projeto p\u00f5e fim \u00e0s interpreta\u00e7\u00f5es d\u00fabias sobre esse ponto da legisla\u00e7\u00e3o, que atualmente veda a celebra\u00e7\u00e3o de contrato de programa entre as empresas estaduais de saneamento e os munic\u00edpios.<\/p>\n<p>\u201cA altera\u00e7\u00e3o pretendida cristaliza o entendimento segundo o qual n\u00e3o \u00e9 poss\u00edvel a uma entidade p\u00fablica integrante da estrutura de estado da Federa\u00e7\u00e3o prestar servi\u00e7os de saneamento b\u00e1sico em determinado munic\u00edpio, sem licita\u00e7\u00e3o\u201d, destacou o deputado Fernando Monteiro.<\/p>\n<p>Para virar lei, o texto precisa ser aprovado pelos deputados tamb\u00e9m e pelos senadores.<\/p>\n<p><em>Com informa\u00e7\u00f5es da\u00a0Ag\u00eancia C\u00e2mara Not\u00edcias.<\/em><\/p>\n<p>\t\t\t\t\t\t\t\t\t<img decoding=\"async\" src=\"https:\/\/brasil61.com\/api\/v1\/serve_pixel\/22254\/79850\" alt=\"Pixel Brasil 61\" class=\"b61_pixel\" width=\"0\" height=\"0\"><\/p>\n<div class=\"br61_backlink\">\n<p>\n\t\t\t\tFonte: <a href=\"https:\/\/brasil61.com\/ccj-da-camara-vai-analisar-projeto-que-altera-a-lei-do-saneamento-basico-bras2513376\" title=\"Artigo Original: CCJ da C\u00e2mara vai analisar projeto que altera a Lei do Saneamento B\u00e1sico\" target=\"_blank\" rel=\"noopener\">Brasil 61<\/a>\n\t\t\t<\/p>\n<\/p><\/div>\n<input type=\"hidden\" id=\"baseurl\" value=\"https:\/\/noticiasregionais.com.br\"><input type=\"hidden\" id=\"audio_nonce\" value=\"533fbb67b1\">","protected":false},"excerpt":{"rendered":"<p>Proposta pro\u00edbe que servi\u00e7os de saneamento em um munic\u00edpio sejam prestados, sem licita\u00e7\u00e3o, por entidade da administra\u00e7\u00e3o de outro ente federativo<\/p>\n","protected":false},"author":1,"featured_media":6545,"comment_status":"","ping_status":"open","sticky":false,"template":"","format":"standard","meta":{"sfsi_plus_gutenberg_text_before_share":"","sfsi_plus_gutenberg_show_text_before_share":"","sfsi_plus_gutenberg_icon_type":"","sfsi_plus_gutenberg_icon_alignemt":"","sfsi_plus_gutenburg_max_per_row":"","footnotes":""},"categories":[8],"tags":[],"class_list":["post-6544","post","type-post","status-publish","format-standard","has-post-thumbnail","hentry","category-brasil"],"_links":{"self":[{"href":"https:\/\/noticiasregionais.com.br\/index.php?rest_route=\/wp\/v2\/posts\/6544","targetHints":{"allow":["GET"]}}],"collection":[{"href":"https:\/\/noticiasregionais.com.br\/index.php?rest_route=\/wp\/v2\/posts"}],"about":[{"href":"https:\/\/noticiasregionais.com.br\/index.php?rest_route=\/wp\/v2\/types\/post"}],"author":[{"embeddable":true,"href":"https:\/\/noticiasregionais.com.br\/index.php?rest_route=\/wp\/v2\/users\/1"}],"replies":[{"embeddable":true,"href":"https:\/\/noticiasregionais.com.br\/index.php?rest_route=%2Fwp%2Fv2%2Fcomments&post=6544"}],"version-history":[{"count":0,"href":"https:\/\/noticiasregionais.com.br\/index.php?rest_route=\/wp\/v2\/posts\/6544\/revisions"}],"wp:featuredmedia":[{"embeddable":true,"href":"https:\/\/noticiasregionais.com.br\/index.php?rest_route=\/wp\/v2\/media\/6545"}],"wp:attachment":[{"href":"https:\/\/noticiasregionais.com.br\/index.php?rest_route=%2Fwp%2Fv2%2Fmedia&parent=6544"}],"wp:term":[{"taxonomy":"category","embeddable":true,"href":"https:\/\/noticiasregionais.com.br\/index.php?rest_route=%2Fwp%2Fv2%2Fcategories&post=6544"},{"taxonomy":"post_tag","embeddable":true,"href":"https:\/\/noticiasregionais.com.br\/index.php?rest_route=%2Fwp%2Fv2%2Ftags&post=6544"}],"curies":[{"name":"wp","href":"https:\/\/api.w.org\/{rel}","templated":true}]}}