{"id":6657,"date":"2025-02-08T00:03:00","date_gmt":"2025-02-08T03:03:00","guid":{"rendered":"https:\/\/noticiasregionais.com.br\/?p=6657"},"modified":"2025-02-08T00:03:00","modified_gmt":"2025-02-08T03:03:00","slug":"covid-19-regiao-norte-tem-aumento-de-casos-de-srag-ligados-a-doenca","status":"publish","type":"post","link":"https:\/\/noticiasregionais.com.br\/?p=6657","title":{"rendered":"Covid-19: Regi\u00e3o Norte tem aumento de casos de SRAG ligados \u00e0 doen\u00e7a"},"content":{"rendered":"<p>\t\t\t\t\t\t\t\t\t\t<audio controls class=\"b61_audio_player\" data-noticia=\"80112\" src=\"https:\/\/brasil61.com\/rails\/active_storage\/blobs\/eyJfcmFpbHMiOnsibWVzc2FnZSI6IkJBaHBBNk15QXc9PSIsImV4cCI6bnVsbCwicHVyIjoiYmxvYl9pZCJ9fQ==--131506804b3405ba8a985e66bad5d449e2b7657e\/BRAS2513464A\"><\/audio><\/p>\n<p>O v\u00edrus da Covid-19 continua sendo o maior respons\u00e1vel pelo agravamento dos casos de s\u00edndromes respirat\u00f3rias, sobretudo no Norte do pa\u00eds, segundo o \u00faltimo boletim Infogripe da Fiocruz. Amap\u00e1, Amazonas, Par\u00e1, Rond\u00f4nia e Tocantins registraram aumento nos casos de SRAG.\u00a0<\/p>\n<p>Nos estados do Amazonas, Par\u00e1 e Goi\u00e1s, entre os dias 26 de janeiro e 1\u00ba de fevereiro, tamb\u00e9m houve um aumento nos casos de SRAG entre crian\u00e7as e adolescentes. Mas ainda sem confirma\u00e7\u00e3o de quais v\u00edrus est\u00e3o causando este agravamento, por conta do baixo n\u00famero de resultados laboratoriais.\u00a0<\/p>\n<p>Os estados do Rio de Janeiro e S\u00e3o Paulo\u00a0tamb\u00e9m vem registrando casos de SRAG causados pela Covid, mas sem evolu\u00e7\u00e3o cl\u00ednica que levem a hospitaliza\u00e7\u00f5es. O boletim mostra ainda que nas \u00faltimas quatro semanas epidemiol\u00f3gicas\u00a054,1% dos casos de SRAG foram relacionados ao v\u00edrus causador da Covid.<\/p>\n<h2>Redu\u00e7\u00e3o de casos<\/h2>\n<p>A Regi\u00e3o Nordeste, que desde o come\u00e7o do ano vinha apresentando aumento de casos de SRAG, agora segue tend\u00eancia de queda. Estados como Para\u00edba, Maranh\u00e3o, Rio Grande do Norte e Sergipe no longo prazo, considerando as \u00faltimas 6 semanas, apresentam probabilidade de queda.\u00a0<\/p>\n<p>Mesma tend\u00eancia nacional, que tanto no curto como no longo prazo\u00a0vem apresentando tend\u00eancia de queda no n\u00famero de casos. Em 2025 j\u00e1 foram notificados 7.122 casos de SRAG, sendo que 42,3% deles com resultado negativo para algum v\u00edrus respirat\u00f3rio.<\/p>\n<h2>Cuidados continuam<\/h2>\n<p>A pesquisadora Tatiana Portella, do Programa de Computa\u00e7\u00e3o Cient\u00edfica da Fiocruz e do InfoGripe refor\u00e7a que, caso apresente sintomas de s\u00edndrome gripal, o paciente deve ficar em casa, em isolamento e se recuperando da infec\u00e7\u00e3o, evitando transmitir esses v\u00edrus para outras pessoas. Se precisar sair, deve usar m\u00e1scara.\u00a0<\/p>\n<p>O paciente tamb\u00e9m deve procurar uma unidade de sa\u00fade caso os sintomas piorem. A vacina\u00e7\u00e3o, sobretudo para grupos de risco, deve ser estar em dia para evitar o agravamento dos casos.\u00a0<br \/>\n\u00a0<\/p>\n<p>\t\t\t\t\t\t\t\t\t<img decoding=\"async\" src=\"https:\/\/brasil61.com\/api\/v1\/serve_pixel\/22254\/80112\" alt=\"Pixel Brasil 61\" class=\"b61_pixel\" width=\"0\" height=\"0\"><\/p>\n<div class=\"br61_backlink\">\n<p>\n\t\t\t\tFonte: <a href=\"https:\/\/brasil61.com\/covid-19-regiao-norte-tem-aumento-de-casos-de-srag-ligados-a-doenca-bras2513464\" title=\"Artigo Original: Covid-19: Regi\u00e3o Norte tem aumento de casos de SRAG ligados \u00e0 doen\u00e7a\" target=\"_blank\" rel=\"noopener\">Brasil 61<\/a>\n\t\t\t<\/p>\n<\/p><\/div>\n<input type=\"hidden\" id=\"baseurl\" value=\"https:\/\/noticiasregionais.com.br\"><input type=\"hidden\" id=\"audio_nonce\" value=\"5c13e0637f\">","protected":false},"excerpt":{"rendered":"<p>5 estados do Norte registram alta enquanto, no Nordeste, ocorr\u00eancias desaceleram<\/p>\n","protected":false},"author":1,"featured_media":6658,"comment_status":"","ping_status":"open","sticky":false,"template":"","format":"standard","meta":{"sfsi_plus_gutenberg_text_before_share":"","sfsi_plus_gutenberg_show_text_before_share":"","sfsi_plus_gutenberg_icon_type":"","sfsi_plus_gutenberg_icon_alignemt":"","sfsi_plus_gutenburg_max_per_row":"","footnotes":""},"categories":[8],"tags":[],"class_list":["post-6657","post","type-post","status-publish","format-standard","has-post-thumbnail","hentry","category-brasil"],"_links":{"self":[{"href":"https:\/\/noticiasregionais.com.br\/index.php?rest_route=\/wp\/v2\/posts\/6657","targetHints":{"allow":["GET"]}}],"collection":[{"href":"https:\/\/noticiasregionais.com.br\/index.php?rest_route=\/wp\/v2\/posts"}],"about":[{"href":"https:\/\/noticiasregionais.com.br\/index.php?rest_route=\/wp\/v2\/types\/post"}],"author":[{"embeddable":true,"href":"https:\/\/noticiasregionais.com.br\/index.php?rest_route=\/wp\/v2\/users\/1"}],"replies":[{"embeddable":true,"href":"https:\/\/noticiasregionais.com.br\/index.php?rest_route=%2Fwp%2Fv2%2Fcomments&post=6657"}],"version-history":[{"count":0,"href":"https:\/\/noticiasregionais.com.br\/index.php?rest_route=\/wp\/v2\/posts\/6657\/revisions"}],"wp:featuredmedia":[{"embeddable":true,"href":"https:\/\/noticiasregionais.com.br\/index.php?rest_route=\/wp\/v2\/media\/6658"}],"wp:attachment":[{"href":"https:\/\/noticiasregionais.com.br\/index.php?rest_route=%2Fwp%2Fv2%2Fmedia&parent=6657"}],"wp:term":[{"taxonomy":"category","embeddable":true,"href":"https:\/\/noticiasregionais.com.br\/index.php?rest_route=%2Fwp%2Fv2%2Fcategories&post=6657"},{"taxonomy":"post_tag","embeddable":true,"href":"https:\/\/noticiasregionais.com.br\/index.php?rest_route=%2Fwp%2Fv2%2Ftags&post=6657"}],"curies":[{"name":"wp","href":"https:\/\/api.w.org\/{rel}","templated":true}]}}