{"id":666,"date":"2023-10-02T15:24:10","date_gmt":"2023-10-02T18:24:10","guid":{"rendered":"https:\/\/noticiasregionais.com.br\/?p=666"},"modified":"2023-10-02T15:24:21","modified_gmt":"2023-10-02T18:24:21","slug":"criminosos-saqueiam-onibus-e-trocam-tiros-com-policiais-em-taruma","status":"publish","type":"post","link":"https:\/\/noticiasregionais.com.br\/?p=666","title":{"rendered":"Criminosos saqueiam \u00f4nibus e trocam tiros com policiais em Tarum\u00e3"},"content":{"rendered":"\n<p class=\"has-text-align-center\"><strong>A\u00e7\u00e3o aconteceu na noite deste domingo (1). Integrantes da quadrilha, que usavam uniformes da Pol\u00edcia Civil, fugiram sentido Paran\u00e1, onde capotaram o ve\u00edculo em que estavam, mas conseguiram escapar.<\/strong><\/p>\n\n\n\n<p>Um \u00f4nibus de turismo foi alvo de um assalto na noite deste domingo (1) em Tarum\u00e3 (SP).<\/p>\n\n\n\n<p>Segundo o boletim de ocorr\u00eancia, a Pol\u00edcia Militar recebeu um chamado de roubo no cruzamento da Avenida das Orqu\u00eddeas com a Rodovia do \u00c1lcool, na zona rural da cidade.<\/p>\n\n\n\n<p>Chegando ao local, os policiais foram surpreendidos por seis homens trajados com uniformes da Pol\u00edcia Civil, que iniciaram uma troca de tiros.<\/p>\n\n\n\n<p>Os suspeitos fugiram pela rodovia, sentido Paran\u00e1. Outro ve\u00edculo que era utilizado pelo grupo de assaltantes foi deixado no local.<\/p>\n\n\n\n<p>Durante a fuga, houve uma segunda troca de tiros, desta vez com a Pol\u00edcia Militar de Palmital (SP), que cruzou com os criminosos, que conseguiram fugir novamente. N\u00e3o foram registrados feridos durante os tiroteios.<\/p>\n\n\n\n<p>Mais \u00e0 frente, em Itambarac\u00e1 (SP), o ve\u00edculo utilizado pela quadrilha capotou, onde foi abandonado pelos criminosos que ainda n\u00e3o foram localizados, tampouco identificados.<\/p>\n\n\n\n<p>Ao todo, foram registradas 32 v\u00edtimas, que tiveram celulares, joias e outros itens pessoais levados.<\/p>\n\n\n\n<p><sub>com informa\u00e7\u00f5es do G1 <\/sub><\/p>\n<input type=\"hidden\" id=\"baseurl\" value=\"https:\/\/noticiasregionais.com.br\"><input type=\"hidden\" id=\"audio_nonce\" value=\"533fbb67b1\">","protected":false},"excerpt":{"rendered":"<p>A\u00e7\u00e3o aconteceu na noite deste domingo (1). Integrantes da quadrilha, que usavam uniformes da Pol\u00edcia Civil, fugiram sentido Paran\u00e1, onde&hellip;<\/p>\n","protected":false},"author":1,"featured_media":667,"comment_status":"closed","ping_status":"open","sticky":false,"template":"","format":"standard","meta":{"sfsi_plus_gutenberg_text_before_share":"","sfsi_plus_gutenberg_show_text_before_share":"","sfsi_plus_gutenberg_icon_type":"","sfsi_plus_gutenberg_icon_alignemt":"","sfsi_plus_gutenburg_max_per_row":"","footnotes":""},"categories":[10,1,7],"tags":[],"class_list":["post-666","post","type-post","status-publish","format-standard","has-post-thumbnail","hentry","category-destaques","category-noticias","category-parana"],"_links":{"self":[{"href":"https:\/\/noticiasregionais.com.br\/index.php?rest_route=\/wp\/v2\/posts\/666","targetHints":{"allow":["GET"]}}],"collection":[{"href":"https:\/\/noticiasregionais.com.br\/index.php?rest_route=\/wp\/v2\/posts"}],"about":[{"href":"https:\/\/noticiasregionais.com.br\/index.php?rest_route=\/wp\/v2\/types\/post"}],"author":[{"embeddable":true,"href":"https:\/\/noticiasregionais.com.br\/index.php?rest_route=\/wp\/v2\/users\/1"}],"replies":[{"embeddable":true,"href":"https:\/\/noticiasregionais.com.br\/index.php?rest_route=%2Fwp%2Fv2%2Fcomments&post=666"}],"version-history":[{"count":1,"href":"https:\/\/noticiasregionais.com.br\/index.php?rest_route=\/wp\/v2\/posts\/666\/revisions"}],"predecessor-version":[{"id":668,"href":"https:\/\/noticiasregionais.com.br\/index.php?rest_route=\/wp\/v2\/posts\/666\/revisions\/668"}],"wp:featuredmedia":[{"embeddable":true,"href":"https:\/\/noticiasregionais.com.br\/index.php?rest_route=\/wp\/v2\/media\/667"}],"wp:attachment":[{"href":"https:\/\/noticiasregionais.com.br\/index.php?rest_route=%2Fwp%2Fv2%2Fmedia&parent=666"}],"wp:term":[{"taxonomy":"category","embeddable":true,"href":"https:\/\/noticiasregionais.com.br\/index.php?rest_route=%2Fwp%2Fv2%2Fcategories&post=666"},{"taxonomy":"post_tag","embeddable":true,"href":"https:\/\/noticiasregionais.com.br\/index.php?rest_route=%2Fwp%2Fv2%2Ftags&post=666"}],"curies":[{"name":"wp","href":"https:\/\/api.w.org\/{rel}","templated":true}]}}