{"id":669,"date":"2023-10-02T15:32:30","date_gmt":"2023-10-02T18:32:30","guid":{"rendered":"https:\/\/noticiasregionais.com.br\/?p=669"},"modified":"2023-10-02T15:32:41","modified_gmt":"2023-10-02T18:32:41","slug":"policia-militar-prende-traficante-de-drogas-na-vila-brasil-em-ourinhos","status":"publish","type":"post","link":"https:\/\/noticiasregionais.com.br\/?p=669","title":{"rendered":"Pol\u00edcia Militar prende traficante de drogas na Vila Brasil em Ourinhos"},"content":{"rendered":"\n<p>Policiais do 31\u00ba Batalh\u00e3o de Pol\u00edcia Militar do Interior prenderam em flagrante um traficante de drogas na Vila Brasil em Ourinhos, na tarde deste domingo (01).<\/p>\n\n\n\n<p>De acordo com a PM, durante patrulhamento pela regi\u00e3o, os policiais perceberam o momento em que um homem, ao avistar a viatura, jogou no solo um inv\u00f3lucro pl\u00e1stico e iniciou fuga a p\u00e9. Ap\u00f3s breve acompanhamento ele foi abordado e no recipiente ora abandonado, localizadas dezoito por\u00e7\u00f5es de crack embaladas e prontas para a venda.<\/p>\n\n\n\n<p>Diante dos fatos, o abordado recebeu voz de pris\u00e3o, foi conduzido \u00e0 Central de Pol\u00edcia Judici\u00e1ria para registro da ocorr\u00eancia e permaneceu preso \u00e0 disposi\u00e7\u00e3o da justi\u00e7a.<\/p>\n\n\n\n<p>O homem, que n\u00e3o teve a identidade divulgada, foi autuado em flagrante por tr\u00e1fico de drogas.<\/p>\n\n\n\n<p>Com a pris\u00e3o, a Pol\u00edcia Militar conseguiu retirar de circula\u00e7\u00e3o uma quantidade significativa de drogas que poderiam causar danos \u00e0 sociedade.<\/p>\n\n\n\n<p><strong>Pol\u00edcia Militar intensifica a\u00e7\u00f5es de combate ao tr\u00e1fico de drogas<\/strong><\/p>\n\n\n\n<p>A Pol\u00edcia Militar de Ourinhos tem intensificado as a\u00e7\u00f5es de combate ao tr\u00e1fico de drogas na cidade. Em 2023, j\u00e1 foram realizadas diversas pris\u00f5es e apreens\u00f5es de drogas, como maconha, coca\u00edna e crack.<\/p>\n\n\n\n<p>As a\u00e7\u00f5es de combate ao tr\u00e1fico de drogas s\u00e3o importantes para a seguran\u00e7a p\u00fablica, pois contribuem para reduzir a criminalidade e a viol\u00eancia.<\/p>\n<input type=\"hidden\" id=\"baseurl\" value=\"https:\/\/noticiasregionais.com.br\"><input type=\"hidden\" id=\"audio_nonce\" value=\"1d024e05a8\">","protected":false},"excerpt":{"rendered":"<p>Policiais do 31\u00ba Batalh\u00e3o de Pol\u00edcia Militar do Interior prenderam em flagrante um traficante de drogas na Vila Brasil em&hellip;<\/p>\n","protected":false},"author":1,"featured_media":670,"comment_status":"closed","ping_status":"open","sticky":false,"template":"","format":"standard","meta":{"sfsi_plus_gutenberg_text_before_share":"","sfsi_plus_gutenberg_show_text_before_share":"","sfsi_plus_gutenberg_icon_type":"","sfsi_plus_gutenberg_icon_alignemt":"","sfsi_plus_gutenburg_max_per_row":"","footnotes":""},"categories":[5,10,1],"tags":[],"class_list":["post-669","post","type-post","status-publish","format-standard","has-post-thumbnail","hentry","category-ourinhos","category-destaques","category-noticias"],"_links":{"self":[{"href":"https:\/\/noticiasregionais.com.br\/index.php?rest_route=\/wp\/v2\/posts\/669","targetHints":{"allow":["GET"]}}],"collection":[{"href":"https:\/\/noticiasregionais.com.br\/index.php?rest_route=\/wp\/v2\/posts"}],"about":[{"href":"https:\/\/noticiasregionais.com.br\/index.php?rest_route=\/wp\/v2\/types\/post"}],"author":[{"embeddable":true,"href":"https:\/\/noticiasregionais.com.br\/index.php?rest_route=\/wp\/v2\/users\/1"}],"replies":[{"embeddable":true,"href":"https:\/\/noticiasregionais.com.br\/index.php?rest_route=%2Fwp%2Fv2%2Fcomments&post=669"}],"version-history":[{"count":1,"href":"https:\/\/noticiasregionais.com.br\/index.php?rest_route=\/wp\/v2\/posts\/669\/revisions"}],"predecessor-version":[{"id":671,"href":"https:\/\/noticiasregionais.com.br\/index.php?rest_route=\/wp\/v2\/posts\/669\/revisions\/671"}],"wp:featuredmedia":[{"embeddable":true,"href":"https:\/\/noticiasregionais.com.br\/index.php?rest_route=\/wp\/v2\/media\/670"}],"wp:attachment":[{"href":"https:\/\/noticiasregionais.com.br\/index.php?rest_route=%2Fwp%2Fv2%2Fmedia&parent=669"}],"wp:term":[{"taxonomy":"category","embeddable":true,"href":"https:\/\/noticiasregionais.com.br\/index.php?rest_route=%2Fwp%2Fv2%2Fcategories&post=669"},{"taxonomy":"post_tag","embeddable":true,"href":"https:\/\/noticiasregionais.com.br\/index.php?rest_route=%2Fwp%2Fv2%2Ftags&post=669"}],"curies":[{"name":"wp","href":"https:\/\/api.w.org\/{rel}","templated":true}]}}