{"id":675,"date":"2023-10-02T15:44:30","date_gmt":"2023-10-02T18:44:30","guid":{"rendered":"https:\/\/noticiasregionais.com.br\/?p=675"},"modified":"2023-10-02T15:44:42","modified_gmt":"2023-10-02T18:44:42","slug":"elemento-invade-e-furta-ferramentas-na-cpfl-mas-acaba-preso-pela-pm-no-pacheco-chaves","status":"publish","type":"post","link":"https:\/\/noticiasregionais.com.br\/?p=675","title":{"rendered":"Elemento invade e furta ferramentas na CPFL mas acaba preso pela PM no Pacheco Chaves"},"content":{"rendered":"\n<p>Policiais do 31\u00ba Batalh\u00e3o de Pol\u00edcia Militar do Interior prenderam em flagrante um homem autor de furto na madrugada desta segunda-feira (02), em Ourinhos.<\/p>\n\n\n\n<p>De acordo com a PM, durante patrulhamento pela Rua Onofre Alves Moreira, os policiais abordaram um homem que estava em atitude suspeita. Com ele, foi encontrada uma mochila contendo ferramentas e um par de luvas, que haviam sido subtra\u00eddos de um caminh\u00e3o que estava estacionado no p\u00e1tio da empresa CPFL.<\/p>\n\n\n\n<p>O homem, que n\u00e3o teve a identidade divulgada, foi preso em flagrante e apresentado na Central de Pol\u00edcia Judici\u00e1ria.<\/p>\n<input type=\"hidden\" id=\"baseurl\" value=\"https:\/\/noticiasregionais.com.br\"><input type=\"hidden\" id=\"audio_nonce\" value=\"533fbb67b1\">","protected":false},"excerpt":{"rendered":"<p>Policiais do 31\u00ba Batalh\u00e3o de Pol\u00edcia Militar do Interior prenderam em flagrante um homem autor de furto na madrugada desta&hellip;<\/p>\n","protected":false},"author":1,"featured_media":673,"comment_status":"closed","ping_status":"open","sticky":false,"template":"","format":"standard","meta":{"sfsi_plus_gutenberg_text_before_share":"","sfsi_plus_gutenberg_show_text_before_share":"","sfsi_plus_gutenberg_icon_type":"","sfsi_plus_gutenberg_icon_alignemt":"","sfsi_plus_gutenburg_max_per_row":"","footnotes":""},"categories":[5,10,1],"tags":[],"class_list":["post-675","post","type-post","status-publish","format-standard","has-post-thumbnail","hentry","category-ourinhos","category-destaques","category-noticias"],"_links":{"self":[{"href":"https:\/\/noticiasregionais.com.br\/index.php?rest_route=\/wp\/v2\/posts\/675","targetHints":{"allow":["GET"]}}],"collection":[{"href":"https:\/\/noticiasregionais.com.br\/index.php?rest_route=\/wp\/v2\/posts"}],"about":[{"href":"https:\/\/noticiasregionais.com.br\/index.php?rest_route=\/wp\/v2\/types\/post"}],"author":[{"embeddable":true,"href":"https:\/\/noticiasregionais.com.br\/index.php?rest_route=\/wp\/v2\/users\/1"}],"replies":[{"embeddable":true,"href":"https:\/\/noticiasregionais.com.br\/index.php?rest_route=%2Fwp%2Fv2%2Fcomments&post=675"}],"version-history":[{"count":1,"href":"https:\/\/noticiasregionais.com.br\/index.php?rest_route=\/wp\/v2\/posts\/675\/revisions"}],"predecessor-version":[{"id":676,"href":"https:\/\/noticiasregionais.com.br\/index.php?rest_route=\/wp\/v2\/posts\/675\/revisions\/676"}],"wp:featuredmedia":[{"embeddable":true,"href":"https:\/\/noticiasregionais.com.br\/index.php?rest_route=\/wp\/v2\/media\/673"}],"wp:attachment":[{"href":"https:\/\/noticiasregionais.com.br\/index.php?rest_route=%2Fwp%2Fv2%2Fmedia&parent=675"}],"wp:term":[{"taxonomy":"category","embeddable":true,"href":"https:\/\/noticiasregionais.com.br\/index.php?rest_route=%2Fwp%2Fv2%2Fcategories&post=675"},{"taxonomy":"post_tag","embeddable":true,"href":"https:\/\/noticiasregionais.com.br\/index.php?rest_route=%2Fwp%2Fv2%2Ftags&post=675"}],"curies":[{"name":"wp","href":"https:\/\/api.w.org\/{rel}","templated":true}]}}