{"id":6771,"date":"2025-02-02T00:05:00","date_gmt":"2025-02-02T03:05:00","guid":{"rendered":"https:\/\/noticiasregionais.com.br\/?p=6771"},"modified":"2025-02-02T00:05:00","modified_gmt":"2025-02-02T03:05:00","slug":"novo-habilita-ampliado-atendimento-no-balcao-virtual-para-esclarecer-duvidas","status":"publish","type":"post","link":"https:\/\/noticiasregionais.com.br\/?p=6771","title":{"rendered":"Novo Habilita: ampliado atendimento no Balc\u00e3o Virtual para esclarecer d\u00favidas"},"content":{"rendered":"<p>\t\t\t\t\t\t\t\t\t\t<audio controls class=\"b61_audio_player\" data-noticia=\"79940\" src=\"https:\/\/brasil61.com\/rails\/active_storage\/blobs\/eyJfcmFpbHMiOnsibWVzc2FnZSI6IkJBaHBBd0F3QXc9PSIsImV4cCI6bnVsbCwicHVyIjoiYmxvYl9pZCJ9fQ==--998a704b2159b0062c94c739e62f21764f73e73c\/BRAS2513412A\"><\/audio><\/p>\n<p>O Fundo Nacional de Desenvolvimento da Educa\u00e7\u00e3o (<a href=\"https:\/\/www.gov.br\/fnde\/pt-br\" target=\"_blank\" rel=\"noopener\">FNDE<\/a>) ampliou o atendimento no Balc\u00e3o Virtual para orientar gestores educacionais sobre as recentes mudan\u00e7as no Novo Habilita \u2013 Cadastro Base. Com a disponibiliza\u00e7\u00e3o da nova fila, o FNDE busca auxiliar prefeitos e secret\u00e1rios de educa\u00e7\u00e3o na atualiza\u00e7\u00e3o de seus cadastros. Segundo a institui\u00e7\u00e3o, o processo \u00e9 fundamental para garantir que estados e munic\u00edpios tenham acesso cont\u00ednuo a programas e recursos federais destinados aos projetos da \u00e1rea da educa\u00e7\u00e3o.<\/p>\n<p>O Balc\u00e3o Virtual funciona de segunda a sexta-feira, das 8h \u00e0s 12h e das 14h \u00e0s 18h. Os interessados devem acessar a<a href=\"https:\/\/www.gov.br\/fnde\/pt-br\/acesso-a-informacao\/acoes-e-programas\/acoes\/balcao-fnde-1\" target=\"_blank\" rel=\"noopener\"> plataforma Balc\u00e3o FNDE<\/a>, entrar na \u00e1rea correspondente e aguardar na fila de atendimento. N\u00e3o h\u00e1 necessidade de agendamento.<\/p>\n<h2>Moderniza\u00e7\u00e3o do cadastro<\/h2>\n<p>A principal vantagem do Novo Habilita tem \u00e9 a simplifica\u00e7\u00e3o do processo de habilita\u00e7\u00e3o dos entes federativos. Conforme o FNDE, pela nova plataforma, os gestores poder\u00e3o realizar um \u00fanico cadastro, acompanhar a valida\u00e7\u00e3o das informa\u00e7\u00f5es em tempo real e, ainda, evitar o envio repetitivo de documentos \u00e0 autarquia.\u00a0<\/p>\n<p>Como acessar o atendimento do Novo Habilita no Balc\u00e3o Virtual<\/p>\n<ul>\n<li>P\u00e1gina do Balc\u00e3o Virtual: Acesse aqui<\/li>\n<li>Nome da fila: Habilita &#8211; Cadastro Base<\/li>\n<li>D\u00favidas atendidas: Como realizar o cadastro, quem pode se cadastrar, necessidade de recadastramento, entre outras quest\u00f5es<\/li>\n<\/ul>\n<p>Segundo o FNDE, al\u00e9m do Balc\u00e3o Virtual, os gestores podem obter mais informa\u00e7\u00f5es pelos seguintes canais:<\/p>\n<ul>\n<li>Apoio T\u00e9cnico: (61) 2022-4046 \/ 4146 \/ 4972 \/ 5235 \/ 4082 \/ 4086 \/ 4093 \/ 4295 \/ 4110<\/li>\n<li>Central de Atendimento ao Cidad\u00e3o (gratuito): 0800-616161<\/li>\n<li>Atendimento Presencial: Setor Banc\u00e1rio Sul, Quadra 2, Bloco F, Edif\u00edcio FNDE \u2013 T\u00e9rreo, Sala 1, Bras\u00edlia\/DF<\/li>\n<\/ul>\n<p><em><u>Com informa\u00e7\u00f5es do FNDE, Bianca Mingote.<\/u><\/em><\/p>\n<p>\n\u00a0<\/p>\n<p>\t\t\t\t\t\t\t\t\t<img decoding=\"async\" src=\"https:\/\/brasil61.com\/api\/v1\/serve_pixel\/22254\/79940\" alt=\"Pixel Brasil 61\" class=\"b61_pixel\" width=\"0\" height=\"0\"><\/p>\n<div class=\"br61_backlink\">\n<p>\n\t\t\t\tFonte: <a href=\"https:\/\/brasil61.com\/novo-habilita-ampliado-atendimento-no-balcao-virtual-para-esclarecer-duvidas-bras2513412\" title=\"Artigo Original: Novo Habilita: ampliado atendimento no Balc\u00e3o Virtual para esclarecer d\u00favidas\" target=\"_blank\" rel=\"noopener\">Brasil 61<\/a>\n\t\t\t<\/p>\n<\/p><\/div>\n<input type=\"hidden\" id=\"baseurl\" value=\"https:\/\/noticiasregionais.com.br\"><input type=\"hidden\" id=\"audio_nonce\" value=\"533fbb67b1\">","protected":false},"excerpt":{"rendered":"<p>Iniciativa do FNDE busca auxiliar prefeitos e secret\u00e1rios de educa\u00e7\u00e3o na atualiza\u00e7\u00e3o de cadastros<\/p>\n","protected":false},"author":1,"featured_media":6772,"comment_status":"","ping_status":"open","sticky":false,"template":"","format":"standard","meta":{"sfsi_plus_gutenberg_text_before_share":"","sfsi_plus_gutenberg_show_text_before_share":"","sfsi_plus_gutenberg_icon_type":"","sfsi_plus_gutenberg_icon_alignemt":"","sfsi_plus_gutenburg_max_per_row":"","footnotes":""},"categories":[8],"tags":[],"class_list":["post-6771","post","type-post","status-publish","format-standard","has-post-thumbnail","hentry","category-brasil"],"_links":{"self":[{"href":"https:\/\/noticiasregionais.com.br\/index.php?rest_route=\/wp\/v2\/posts\/6771","targetHints":{"allow":["GET"]}}],"collection":[{"href":"https:\/\/noticiasregionais.com.br\/index.php?rest_route=\/wp\/v2\/posts"}],"about":[{"href":"https:\/\/noticiasregionais.com.br\/index.php?rest_route=\/wp\/v2\/types\/post"}],"author":[{"embeddable":true,"href":"https:\/\/noticiasregionais.com.br\/index.php?rest_route=\/wp\/v2\/users\/1"}],"replies":[{"embeddable":true,"href":"https:\/\/noticiasregionais.com.br\/index.php?rest_route=%2Fwp%2Fv2%2Fcomments&post=6771"}],"version-history":[{"count":0,"href":"https:\/\/noticiasregionais.com.br\/index.php?rest_route=\/wp\/v2\/posts\/6771\/revisions"}],"wp:featuredmedia":[{"embeddable":true,"href":"https:\/\/noticiasregionais.com.br\/index.php?rest_route=\/wp\/v2\/media\/6772"}],"wp:attachment":[{"href":"https:\/\/noticiasregionais.com.br\/index.php?rest_route=%2Fwp%2Fv2%2Fmedia&parent=6771"}],"wp:term":[{"taxonomy":"category","embeddable":true,"href":"https:\/\/noticiasregionais.com.br\/index.php?rest_route=%2Fwp%2Fv2%2Fcategories&post=6771"},{"taxonomy":"post_tag","embeddable":true,"href":"https:\/\/noticiasregionais.com.br\/index.php?rest_route=%2Fwp%2Fv2%2Ftags&post=6771"}],"curies":[{"name":"wp","href":"https:\/\/api.w.org\/{rel}","templated":true}]}}