{"id":691,"date":"2023-10-02T20:21:12","date_gmt":"2023-10-02T23:21:12","guid":{"rendered":"https:\/\/noticiasregionais.com.br\/?p=691"},"modified":"2023-10-02T20:22:08","modified_gmt":"2023-10-02T23:22:08","slug":"ministerio-publico-acata-pedido-da-ummes-e-juiza-manda-pocay-devolver-gestao-do-samu","status":"publish","type":"post","link":"https:\/\/noticiasregionais.com.br\/?p=691","title":{"rendered":"Minist\u00e9rio P\u00fablico acata pedido da UMMES e juiza manda Pocay devolver gest\u00e3o do SAMU"},"content":{"rendered":"\n<p>O Promotor de Justi\u00e7a Adelino Lorenzetti Neto se manifestou sobre a crise que assola o SAMU regional de Ourinhos e recomendou ao judici\u00e1rio que a UMMES tome a posse novamente da ger\u00eancia do servi\u00e7o. A Associa\u00e7\u00e3o sofreu uma a\u00e7\u00e3o de despejo sum\u00e1rio executado pelo Prefeito Lucas Pocay apoiado por um procurador municipal, de Ourinhos, na noite do s\u00e1bado (30).<\/p>\n\n\n\n<p>Segundo o manifesto do MP divulgado no in\u00edcio da noite desta segunda-feira (02) n\u00e3o h\u00e1 legalidade na a\u00e7\u00e3o orquestrada por Pocay e seus cargos comissionados, na tentativa de tomar o SAMU a for\u00e7a, numa decis\u00e3o arbitr\u00e1ria.<\/p>\n\n\n\n<blockquote class=\"wp-block-quote is-layout-flow wp-block-quote-is-layout-flow\">\n<p>&#8220;Diante de todo o exposto, o Minist\u00e9rio P\u00fablico do Estado de S\u00e3o Paulo requer o deferimento da tutela de urg\u00eancia requerida na inicial e na peti\u00e7\u00e3o de fls. 441\/442, para suspender os efeitos dos atos administrativos prolatados pelo Munic\u00edpio de Ourinhos\/SP, especialmente a assun\u00e7\u00e3o da gest\u00e3o operacional e administrativa da presta\u00e7\u00e3o do servi\u00e7o p\u00fablico &#8211; SAMU, por prazo fixado por este Excelent\u00edssimo Ju\u00edzo, ao menos at\u00e9 o esclarecimento das quest\u00f5es ora suscitadas.&#8221;<\/p>\n<\/blockquote>\n\n\n\n<p>A Exma Juiza de direito da 2\u00aa Vara Civil de Ourinhos tamb\u00e9m emitiu decis\u00e3o favor\u00e1vel a volta imediata da UMMES na gest\u00e3o do Servi\u00e7o de Atendimento M\u00f3vel de Urg\u00eancia 192.<\/p>\n\n\n\n<blockquote class=\"wp-block-quote is-layout-flow wp-block-quote-is-layout-flow\">\n<p>&#8220;Isto posto, DEFIRO o pedido de antecipa\u00e7\u00e3o de tutela para suspender os efeitos<br>das notifica\u00e7\u00f5es encaminhadas, bem como suspender a assun\u00e7\u00e3o da gest\u00e3o administrativa,<br>operacional e de recursos humanos do SAMU pelo Munic\u00edpio de Ourinhos\/SP, ante a presen\u00e7a de<br>elementos probat\u00f3rios que demonstram a verossimilhan\u00e7a das alega\u00e7\u00f5es do autor, restando<br>preenchidos os requisitos do artigo 300, &#8220;caput&#8221;, do C\u00f3digo de Processo Civil&#8221; &#8220;Havendo condi\u00e7\u00f5es, serve o presente de mandado.&#8221;<\/p>\n<\/blockquote>\n\n\n\n<p>A Pol\u00edcia Militar poder\u00e1 ser acionada para dar o respaldo aos integrantes do cons\u00f3rcio regional para que possam adentrar em seguran\u00e7a a base de opera\u00e7\u00e3o do SAMU em Ourinhos, ainda nesta noite de segunda-feira.<\/p>\n<input type=\"hidden\" id=\"baseurl\" value=\"https:\/\/noticiasregionais.com.br\"><input type=\"hidden\" id=\"audio_nonce\" value=\"533fbb67b1\">","protected":false},"excerpt":{"rendered":"<p>O Promotor de Justi\u00e7a Adelino Lorenzetti Neto se manifestou sobre a crise que assola o SAMU regional de Ourinhos e&hellip;<\/p>\n","protected":false},"author":1,"featured_media":692,"comment_status":"closed","ping_status":"open","sticky":false,"template":"","format":"standard","meta":{"sfsi_plus_gutenberg_text_before_share":"","sfsi_plus_gutenberg_show_text_before_share":"","sfsi_plus_gutenberg_icon_type":"","sfsi_plus_gutenberg_icon_alignemt":"","sfsi_plus_gutenburg_max_per_row":"","footnotes":""},"categories":[5,12,1],"tags":[],"class_list":["post-691","post","type-post","status-publish","format-standard","has-post-thumbnail","hentry","category-ourinhos","category-capa","category-noticias"],"_links":{"self":[{"href":"https:\/\/noticiasregionais.com.br\/index.php?rest_route=\/wp\/v2\/posts\/691","targetHints":{"allow":["GET"]}}],"collection":[{"href":"https:\/\/noticiasregionais.com.br\/index.php?rest_route=\/wp\/v2\/posts"}],"about":[{"href":"https:\/\/noticiasregionais.com.br\/index.php?rest_route=\/wp\/v2\/types\/post"}],"author":[{"embeddable":true,"href":"https:\/\/noticiasregionais.com.br\/index.php?rest_route=\/wp\/v2\/users\/1"}],"replies":[{"embeddable":true,"href":"https:\/\/noticiasregionais.com.br\/index.php?rest_route=%2Fwp%2Fv2%2Fcomments&post=691"}],"version-history":[{"count":2,"href":"https:\/\/noticiasregionais.com.br\/index.php?rest_route=\/wp\/v2\/posts\/691\/revisions"}],"predecessor-version":[{"id":694,"href":"https:\/\/noticiasregionais.com.br\/index.php?rest_route=\/wp\/v2\/posts\/691\/revisions\/694"}],"wp:featuredmedia":[{"embeddable":true,"href":"https:\/\/noticiasregionais.com.br\/index.php?rest_route=\/wp\/v2\/media\/692"}],"wp:attachment":[{"href":"https:\/\/noticiasregionais.com.br\/index.php?rest_route=%2Fwp%2Fv2%2Fmedia&parent=691"}],"wp:term":[{"taxonomy":"category","embeddable":true,"href":"https:\/\/noticiasregionais.com.br\/index.php?rest_route=%2Fwp%2Fv2%2Fcategories&post=691"},{"taxonomy":"post_tag","embeddable":true,"href":"https:\/\/noticiasregionais.com.br\/index.php?rest_route=%2Fwp%2Fv2%2Ftags&post=691"}],"curies":[{"name":"wp","href":"https:\/\/api.w.org\/{rel}","templated":true}]}}