{"id":695,"date":"2023-10-03T19:39:14","date_gmt":"2023-10-03T22:39:14","guid":{"rendered":"https:\/\/noticiasregionais.com.br\/?p=695"},"modified":"2023-10-03T19:39:25","modified_gmt":"2023-10-03T22:39:25","slug":"greve-desrespeita-decisao-da-justica-e-penaliza-o-cidadao-diz-governador-de-sao-paulo","status":"publish","type":"post","link":"https:\/\/noticiasregionais.com.br\/?p=695","title":{"rendered":"Greve desrespeita decis\u00e3o da Justi\u00e7a e penaliza o cidad\u00e3o, diz governador de S\u00e3o Paulo"},"content":{"rendered":"\n<p class=\"has-text-align-center\"><strong>Tarc\u00edsio de Freitas afirmou que a paralisa\u00e7\u00e3o \u00e9 ilegal e abusiva; linhas operadas pela iniciativa privada funcionam normalmente<\/strong><\/p>\n\n\n\n<p>O governador de S\u00e3o Paulo, Tarc\u00edsio de Freitas, afirmou na manh\u00e3 desta ter\u00e7a-feira (3) que a greve do Metr\u00f4 e CPTM desrespeita a decis\u00e3o da Justi\u00e7a de manter 100% das linhas funcionando nos hor\u00e1rios de pico (das 6h \u00e0s 9h), e 80% nos demais hor\u00e1rios.<\/p>\n\n\n\n<p>\u201cA Justi\u00e7a foi ignorada. Eles n\u00e3o est\u00e3o respeitando o poder Judici\u00e1rio e n\u00e3o est\u00e3o respeitando o cidad\u00e3o. \u00c9 uma pena, a gente v\u00ea o cidad\u00e3o de joelhos, o cidad\u00e3o sofrendo, o cidad\u00e3o tendo a priva\u00e7\u00e3o do transporte para uma pauta que sinceramente n\u00e3o \u00e9 motivo para paralisa\u00e7\u00e3o\u201d, disse em coletiva de imprensa no Pal\u00e1cio dos Bandeirantes.<\/p>\n\n\n\n<p>Para o governador, trata-se de uma greve ilegal, abusiva, pol\u00edtica e com interesse corporativo, que prejudica o cidad\u00e3o que precisa do transporte p\u00fablico. Tarc\u00edsio de Freitas ressaltou que as \u00fanicas linhas que est\u00e3o operando normalmente s\u00e3o as concedidas \u00e0 iniciativa privada: linha 4-Amarela e 5-Lil\u00e1s do Metr\u00f4 e 8-Diamante e 9-Esmeralda da CPTM.<\/p>\n\n\n\n<p>\u201cJustamente as linhas concedidas s\u00e3o as que est\u00e3o funcionando. E o cidad\u00e3o est\u00e1 sendo privado do transporte coletivo naquelas linhas que s\u00e3o operadas pela empresa p\u00fablica\u201d, afirmou, salientando que est\u00e3o sendo feitos estudos para as concess\u00f5es e que todos os ritos necess\u00e1rios est\u00e3o sendo seguidos para verificar a viabilidade financeira da medida.<\/p>\n\n\n\n<p>Tarc\u00edsio afirmou ainda que a lei estabelece que processos de concess\u00e3o, desestatiza\u00e7\u00e3o ou privatiza\u00e7\u00e3o t\u00eam que ser precedidos de audi\u00eancias p\u00fablicas e consultas \u00e0 popula\u00e7\u00e3o.<\/p>\n\n\n\n<p>\u201cExiste o momento e o foro adequados para se manifestar no processo, para dar contribui\u00e7\u00f5es ou mostrar discord\u00e2ncias. Mas a discord\u00e2ncia n\u00e3o pode ser motivo de paralisa\u00e7\u00e3o, de priva\u00e7\u00e3o do cidad\u00e3o, que est\u00e1 sendo privado de um servi\u00e7o essencial, do seu direito de ir e vir. E por causa de uma pauta corporativa\u201d, ressaltou.<\/p>\n\n\n\n<p>O governador disse que os estudos continuar\u00e3o sendo feitos para que o melhor servi\u00e7o seja prestado ao cidad\u00e3o.<\/p>\n\n\n\n<p>\u201cN\u00f3s vamos continuar estudando esses processos para prestar o melhor servi\u00e7o para o cidad\u00e3o. Temos a convic\u00e7\u00e3o que a gente vai prestar o melhor servi\u00e7o poss\u00edvel. N\u00e3o \u00e9 esse tipo de movimento ego\u00edsta, abusivo, ilegal que vai nos afastar do objetivo\u201d.<\/p>\n\n\n\n<p><strong>Medidas para atenuar os transtornos<\/strong><\/p>\n\n\n\n<p>O governador citou que v\u00e1rias medidas foram tomadas para atenuar os impactos aos cidad\u00e3os nesta ter\u00e7a-feira (3). Entre elas, est\u00e3o a decreta\u00e7\u00e3o do ponto facultativo e a mudan\u00e7a das rotas dos \u00f4nibus. A prefeitura da capital colocou mais de 12 mil \u00f4nibus em circula\u00e7\u00e3o, 200 a mais em rela\u00e7\u00e3o aos demais dias. A opera\u00e7\u00e3o das linhas 7 e 11 da CPTM funciona de forma parcial.<\/p>\n<input type=\"hidden\" id=\"baseurl\" value=\"https:\/\/noticiasregionais.com.br\"><input type=\"hidden\" id=\"audio_nonce\" value=\"3cdc555a10\">","protected":false},"excerpt":{"rendered":"<p>Tarc\u00edsio de Freitas afirmou que a paralisa\u00e7\u00e3o \u00e9 ilegal e abusiva; linhas operadas pela iniciativa privada funcionam normalmente O governador&hellip;<\/p>\n","protected":false},"author":1,"featured_media":696,"comment_status":"closed","ping_status":"open","sticky":false,"template":"","format":"standard","meta":{"sfsi_plus_gutenberg_text_before_share":"","sfsi_plus_gutenberg_show_text_before_share":"","sfsi_plus_gutenberg_icon_type":"","sfsi_plus_gutenberg_icon_alignemt":"","sfsi_plus_gutenburg_max_per_row":"","footnotes":""},"categories":[6,10,1],"tags":[],"class_list":["post-695","post","type-post","status-publish","format-standard","has-post-thumbnail","hentry","category-sao_paulo","category-destaques","category-noticias"],"_links":{"self":[{"href":"https:\/\/noticiasregionais.com.br\/index.php?rest_route=\/wp\/v2\/posts\/695","targetHints":{"allow":["GET"]}}],"collection":[{"href":"https:\/\/noticiasregionais.com.br\/index.php?rest_route=\/wp\/v2\/posts"}],"about":[{"href":"https:\/\/noticiasregionais.com.br\/index.php?rest_route=\/wp\/v2\/types\/post"}],"author":[{"embeddable":true,"href":"https:\/\/noticiasregionais.com.br\/index.php?rest_route=\/wp\/v2\/users\/1"}],"replies":[{"embeddable":true,"href":"https:\/\/noticiasregionais.com.br\/index.php?rest_route=%2Fwp%2Fv2%2Fcomments&post=695"}],"version-history":[{"count":1,"href":"https:\/\/noticiasregionais.com.br\/index.php?rest_route=\/wp\/v2\/posts\/695\/revisions"}],"predecessor-version":[{"id":697,"href":"https:\/\/noticiasregionais.com.br\/index.php?rest_route=\/wp\/v2\/posts\/695\/revisions\/697"}],"wp:featuredmedia":[{"embeddable":true,"href":"https:\/\/noticiasregionais.com.br\/index.php?rest_route=\/wp\/v2\/media\/696"}],"wp:attachment":[{"href":"https:\/\/noticiasregionais.com.br\/index.php?rest_route=%2Fwp%2Fv2%2Fmedia&parent=695"}],"wp:term":[{"taxonomy":"category","embeddable":true,"href":"https:\/\/noticiasregionais.com.br\/index.php?rest_route=%2Fwp%2Fv2%2Fcategories&post=695"},{"taxonomy":"post_tag","embeddable":true,"href":"https:\/\/noticiasregionais.com.br\/index.php?rest_route=%2Fwp%2Fv2%2Ftags&post=695"}],"curies":[{"name":"wp","href":"https:\/\/api.w.org\/{rel}","templated":true}]}}