{"id":698,"date":"2023-10-03T20:21:00","date_gmt":"2023-10-03T23:21:00","guid":{"rendered":"https:\/\/noticiasregionais.com.br\/?p=698"},"modified":"2023-10-03T20:21:12","modified_gmt":"2023-10-03T23:21:12","slug":"ans-suspende-temporariamente-venda-de-38-planos-de-saude","status":"publish","type":"post","link":"https:\/\/noticiasregionais.com.br\/?p=698","title":{"rendered":"ANS suspende temporariamente venda de 38 planos de sa\u00fade"},"content":{"rendered":"\n<p>A Ag\u00eancia Nacional de Sa\u00fade Suplementar (ANS) suspendeu temporariamente, a partir desta ter\u00e7a-feira (3), a venda de 38 planos de sa\u00fade de dez operadoras, devido a reclama\u00e7\u00f5es relacionadas \u00e0&nbsp;cobertura assistencial, feitas no segundo trimestre de 2023.<img decoding=\"async\" src=\"https:\/\/agenciabrasil.ebc.com.br\/ebc.png?id=1558645&amp;o=node\"><img decoding=\"async\" src=\"https:\/\/agenciabrasil.ebc.com.br\/ebc.gif?id=1558645&amp;o=node\"><\/p>\n\n\n\n<p>A ANS adverte que os consumidores n\u00e3o devem contratar os planos de sa\u00fade<a href=\"https:\/\/www.gov.br\/ans\/pt-br\/assuntos\/informacoes-e-avaliacoes-de-operadoras\/monitoramento-de-garantia-de-atendimento\/planos-com-comercializacao-suspensa-2o-trim-2023\" target=\"_blank\" rel=\"noreferrer noopener\">&nbsp;desta lista<\/a>.&nbsp; Se receber oferta para adquirir um desses planos, o consumidor deve denunciar \u00e0 ag\u00eancia.<\/p>\n\n\n\n<p>De acordo com a ANS, a medida faz parte do Monitoramento da Garantia de Atendimento, que acompanha regularmente o desempenho do setor e atua na prote\u00e7\u00e3o dos consumidores.<\/p>\n\n\n\n<p>O diretor de Normas e Habilita\u00e7\u00e3o dos Produtos da ag\u00eancia, Alexandre Fioranelli, dimensiona o impacto da suspens\u00e3o tempor\u00e1ria da comercializa\u00e7\u00e3o. &#8220;Ao todo, 394.313 benefici\u00e1rios ficam protegidos com a medida, j\u00e1 que esses planos s\u00f3 poder\u00e3o voltar a ser comercializados para novos clientes&nbsp;se as operadoras apresentarem melhora no resultado no monitoramento&#8221;, afirmou o diretor.<\/p>\n\n\n\n<h2 class=\"wp-block-heading\">Libera\u00e7\u00e3o<\/h2>\n\n\n\n<p>A ANS tamb\u00e9m divulgou a lista de 12 planos de seis operadoras&nbsp;que poder\u00e3o voltar a ser comercializados, ap\u00f3s as an\u00e1lises feitas no mesmo per\u00edodo, dentro do Monitoramento da Garantia de Atendimento. A lista dos planos reativados pode ser consultada&nbsp;<a href=\"https:\/\/www.gov.br\/ans\/pt-br\/assuntos\/informacoes-e-avaliacoes-de-operadoras\/monitoramento-de-garantia-de-atendimento\/planos-reativados-2o-trim-2023\" target=\"_blank\" rel=\"noreferrer noopener\">aqui<\/a>.<\/p>\n\n\n\n<h2 class=\"wp-block-heading\">Reclama\u00e7\u00f5es<\/h2>\n\n\n\n<p>O Monitoramento da Garantia de Atendimento \u00e9 realizado trimestralmente, com base nas reclama\u00e7\u00f5es recebidas pela ANS e na quantidade de benefici\u00e1rios de planos de sa\u00fade.<\/p>\n\n\n\n<p>As queixas consideradas no monitoramento da ANS se referem ao descumprimento dos prazos m\u00e1ximos para realiza\u00e7\u00e3o de consultas, exames e cirurgias ou negativa de cobertura assistencial.&nbsp;<\/p>\n\n\n\n<p>No per\u00edodo de 1\u00ba de abril a 30 de junho, foram registradas 58.035 reclama\u00e7\u00f5es de assist\u00eancias prestadas pelos planos de sa\u00fade.<\/p>\n\n\n\n<p>Para abrir den\u00fancia na ANS, para mais informa\u00e7\u00f5es ou d\u00favidas sobre a presta\u00e7\u00e3o de servi\u00e7os pelas operadoras de sa\u00fade, o usu\u00e1rio pode ligar gratuitamente para o &nbsp;<\/p>\n\n\n\n<p>Disque ANS (0800 701 9656) ou acessar o\u00a0<a href=\"https:\/\/www.gov.br\/ans\/pt-br\/canais_atendimento\/canais-de-atendimento-ao-consumidor\" target=\"_blank\" rel=\"noreferrer noopener\">site do Fale Conosco<\/a>, da ag\u00eancia reguladora.\u00a0<\/p>\n\n\n\n<p><sub>fonte: Ag\u00eancia Brasil &#8211; EBC<\/sub><\/p>\n<input type=\"hidden\" id=\"baseurl\" value=\"https:\/\/noticiasregionais.com.br\"><input type=\"hidden\" id=\"audio_nonce\" value=\"533fbb67b1\">","protected":false},"excerpt":{"rendered":"<p>A Ag\u00eancia Nacional de Sa\u00fade Suplementar (ANS) suspendeu temporariamente, a partir desta ter\u00e7a-feira (3), a venda de 38 planos de&hellip;<\/p>\n","protected":false},"author":1,"featured_media":699,"comment_status":"closed","ping_status":"open","sticky":false,"template":"","format":"standard","meta":{"sfsi_plus_gutenberg_text_before_share":"","sfsi_plus_gutenberg_show_text_before_share":"","sfsi_plus_gutenberg_icon_type":"","sfsi_plus_gutenberg_icon_alignemt":"","sfsi_plus_gutenburg_max_per_row":"","footnotes":""},"categories":[8,10,1],"tags":[],"class_list":["post-698","post","type-post","status-publish","format-standard","has-post-thumbnail","hentry","category-brasil","category-destaques","category-noticias"],"_links":{"self":[{"href":"https:\/\/noticiasregionais.com.br\/index.php?rest_route=\/wp\/v2\/posts\/698","targetHints":{"allow":["GET"]}}],"collection":[{"href":"https:\/\/noticiasregionais.com.br\/index.php?rest_route=\/wp\/v2\/posts"}],"about":[{"href":"https:\/\/noticiasregionais.com.br\/index.php?rest_route=\/wp\/v2\/types\/post"}],"author":[{"embeddable":true,"href":"https:\/\/noticiasregionais.com.br\/index.php?rest_route=\/wp\/v2\/users\/1"}],"replies":[{"embeddable":true,"href":"https:\/\/noticiasregionais.com.br\/index.php?rest_route=%2Fwp%2Fv2%2Fcomments&post=698"}],"version-history":[{"count":1,"href":"https:\/\/noticiasregionais.com.br\/index.php?rest_route=\/wp\/v2\/posts\/698\/revisions"}],"predecessor-version":[{"id":700,"href":"https:\/\/noticiasregionais.com.br\/index.php?rest_route=\/wp\/v2\/posts\/698\/revisions\/700"}],"wp:featuredmedia":[{"embeddable":true,"href":"https:\/\/noticiasregionais.com.br\/index.php?rest_route=\/wp\/v2\/media\/699"}],"wp:attachment":[{"href":"https:\/\/noticiasregionais.com.br\/index.php?rest_route=%2Fwp%2Fv2%2Fmedia&parent=698"}],"wp:term":[{"taxonomy":"category","embeddable":true,"href":"https:\/\/noticiasregionais.com.br\/index.php?rest_route=%2Fwp%2Fv2%2Fcategories&post=698"},{"taxonomy":"post_tag","embeddable":true,"href":"https:\/\/noticiasregionais.com.br\/index.php?rest_route=%2Fwp%2Fv2%2Ftags&post=698"}],"curies":[{"name":"wp","href":"https:\/\/api.w.org\/{rel}","templated":true}]}}