{"id":6983,"date":"2025-03-10T21:49:00","date_gmt":"2025-03-11T00:49:00","guid":{"rendered":"https:\/\/noticiasregionais.com.br\/?p=6983"},"modified":"2025-03-10T21:49:00","modified_gmt":"2025-03-11T00:49:00","slug":"tendinite-calcarea-no-ombro-o-que-e-sintomas-diagnostico-e-tratamento","status":"publish","type":"post","link":"https:\/\/noticiasregionais.com.br\/?p=6983","title":{"rendered":"Tendinite calc\u00e1rea no ombro: o que \u00e9, sintomas, diagn\u00f3stico e tratamento"},"content":{"rendered":"<p>\t\t\t\t\t\t\t\t\t\t<audio controls class=\"b61_audio_player\" data-noticia=\"80711\" src=\"https:\/\/brasil61.com\/rails\/active_storage\/blobs\/eyJfcmFpbHMiOnsibWVzc2FnZSI6IkJBaHBBK2c3QXc9PSIsImV4cCI6bnVsbCwicHVyIjoiYmxvYl9pZCJ9fQ==--13f2ef72ab347d63dcb2aa049b456449419aeb9f\/BLOG250680A\"><\/audio><\/p>\n<p>A tendinite calc\u00e1ria, tamb\u00e9m chamada de tendinopatia calc\u00e1ria, ocorre quando h\u00e1 ac\u00famulo de c\u00e1lcio nos tend\u00f5es do ombro, causando inflama\u00e7\u00e3o e dor intensa. Os principais sintomas incluem dor persistente, especialmente \u00e0 noite, e desconforto, que pode dificultar movimentos simples do dia a dia.<\/p>\n<p>O diagn\u00f3stico \u00e9 feito por exames de imagem, como radiografia, ultrassonografia e resson\u00e2ncia magn\u00e9tica. O tratamento inicial \u00e9 conservador, com medicamentos para al\u00edvio da dor e inflama\u00e7\u00e3o, al\u00e9m de fisioterapia. Em casos mais graves, pode ser necess\u00e1ria infiltra\u00e7\u00e3o, terapia por ondas de choque ou cirurgia.<\/p>\n<p>A causa exata do problema n\u00e3o \u00e9 totalmente conhecida, mas a preven\u00e7\u00e3o inclui alongamentos, fortalecimento muscular e evitar sobrecargas em atividades repetitivas. Se houver sintomas, o ideal \u00e9 procurar um ortopedista especialista em ombro.<\/p>\n<p>Veja ao v\u00eddeo com a explica\u00e7\u00e3o do especialista:<\/p>\n<p> Tenha acesso aos conte\u00fados do Doutor Ajuda. Acesse: www.portaldoutorajuda.com.br.<\/p>\n<p>\t\t\t\t\t\t\t\t\t<img decoding=\"async\" src=\"https:\/\/brasil61.com\/api\/v1\/serve_pixel\/22254\/80711\" alt=\"Pixel Brasil 61\" class=\"b61_pixel\" width=\"0\" height=\"0\"><\/p>\n<div class=\"br61_backlink\">\n<p>\n\t\t\t\tFonte: <a href=\"https:\/\/brasil61.com\/tendinite-calcarea-no-ombro-o-que-e-sintomas-diagnostico-e-tratamento-blog250680\" title=\"Artigo Original: Tendinite calc\u00e1rea no ombro: o que \u00e9, sintomas, diagn\u00f3stico e tratamento\" target=\"_blank\" rel=\"noopener\">Brasil 61<\/a>\n\t\t\t<\/p>\n<\/p><\/div>\n<input type=\"hidden\" id=\"baseurl\" value=\"https:\/\/noticiasregionais.com.br\"><input type=\"hidden\" id=\"audio_nonce\" value=\"5c13e0637f\">","protected":false},"excerpt":{"rendered":"<p>Neste epis\u00f3do, o Ortopedista especialista em ombro, cotovelo e joelho Dr. Rodrigo Calil (CRM: 112.123\/ SP) explica sobre tendinite calc\u00e1rea no ombro<\/p>\n","protected":false},"author":1,"featured_media":6984,"comment_status":"","ping_status":"open","sticky":false,"template":"","format":"standard","meta":{"sfsi_plus_gutenberg_text_before_share":"","sfsi_plus_gutenberg_show_text_before_share":"","sfsi_plus_gutenberg_icon_type":"","sfsi_plus_gutenberg_icon_alignemt":"","sfsi_plus_gutenburg_max_per_row":"","footnotes":""},"categories":[8],"tags":[],"class_list":["post-6983","post","type-post","status-publish","format-standard","has-post-thumbnail","hentry","category-brasil"],"_links":{"self":[{"href":"https:\/\/noticiasregionais.com.br\/index.php?rest_route=\/wp\/v2\/posts\/6983","targetHints":{"allow":["GET"]}}],"collection":[{"href":"https:\/\/noticiasregionais.com.br\/index.php?rest_route=\/wp\/v2\/posts"}],"about":[{"href":"https:\/\/noticiasregionais.com.br\/index.php?rest_route=\/wp\/v2\/types\/post"}],"author":[{"embeddable":true,"href":"https:\/\/noticiasregionais.com.br\/index.php?rest_route=\/wp\/v2\/users\/1"}],"replies":[{"embeddable":true,"href":"https:\/\/noticiasregionais.com.br\/index.php?rest_route=%2Fwp%2Fv2%2Fcomments&post=6983"}],"version-history":[{"count":0,"href":"https:\/\/noticiasregionais.com.br\/index.php?rest_route=\/wp\/v2\/posts\/6983\/revisions"}],"wp:featuredmedia":[{"embeddable":true,"href":"https:\/\/noticiasregionais.com.br\/index.php?rest_route=\/wp\/v2\/media\/6984"}],"wp:attachment":[{"href":"https:\/\/noticiasregionais.com.br\/index.php?rest_route=%2Fwp%2Fv2%2Fmedia&parent=6983"}],"wp:term":[{"taxonomy":"category","embeddable":true,"href":"https:\/\/noticiasregionais.com.br\/index.php?rest_route=%2Fwp%2Fv2%2Fcategories&post=6983"},{"taxonomy":"post_tag","embeddable":true,"href":"https:\/\/noticiasregionais.com.br\/index.php?rest_route=%2Fwp%2Fv2%2Ftags&post=6983"}],"curies":[{"name":"wp","href":"https:\/\/api.w.org\/{rel}","templated":true}]}}