{"id":701,"date":"2023-10-03T20:31:50","date_gmt":"2023-10-03T23:31:50","guid":{"rendered":"https:\/\/noticiasregionais.com.br\/?p=701"},"modified":"2023-10-03T20:32:02","modified_gmt":"2023-10-03T23:32:02","slug":"motociclista-e-preso-em-ribeirao-do-pinhal-por-dirigir-em-alta-velocidade-e-com-veiculo-adulterado","status":"publish","type":"post","link":"https:\/\/noticiasregionais.com.br\/?p=701","title":{"rendered":"Motociclista \u00e9 preso em Ribeir\u00e3o do Pinhal por dirigir em alta velocidade e com ve\u00edculo adulterado"},"content":{"rendered":"\n<p>Um motociclista de 18 anos foi preso na noite de segunda-feira (02), em Ribeir\u00e3o do Pinhal, por dirigir em alta velocidade e com ve\u00edculo adulterado.<\/p>\n\n\n\n<p>De acordo com a Pol\u00edcia Militar, a equipe realizava patrulhamento na regi\u00e3o da Rua Esp\u00edrito Santo x Rua Francisco Cesar Nogari quando avistou o momento em que a motocicleta cruzou a preferencial, com a lanterna traseira apagada, placa dobrada, escapamento produzindo ru\u00eddo excessivo e o condutor usando chinelos.<\/p>\n\n\n\n<p>A equipe policial tentou realizar abordagem, mas o condutor da motocicleta empreendeu fuga em alta velocidade, colocando em risco os pedestres e outros condutores que transitavam pela via.<\/p>\n\n\n\n<p>Ap\u00f3s alguns minutos de persegui\u00e7\u00e3o, o motociclista perdeu o controle da motocicleta e caiu.<\/p>\n\n\n\n<p>Ao realizar as devidas consultas, verificou-se que a motocicleta estava com a placa de outro ve\u00edculo.<\/p>\n\n\n\n<p>O motociclista foi preso e encaminhado para a Delegacia de Pol\u00edcia, juntamente com a motocicleta adulterada.<\/p>\n\n\n\n<p>O indiv\u00edduo responder\u00e1 pelos crimes de dire\u00e7\u00e3o perigosa, adultera\u00e7\u00e3o de sinal identificador de ve\u00edculo automotor e desobedi\u00eancia \u00e0 ordem de parada.<\/p>\n\n\n\n<p><strong>Informa\u00e7\u00f5es adicionais:<\/strong><\/p>\n\n\n\n<ul class=\"wp-block-list\">\n<li>O condutor da motocicleta de 18 anos nao foi identificado.<\/li>\n\n\n\n<li>A motocicleta foi apreendida e encaminhada para o p\u00e1tio da Pol\u00edcia Civil.<\/li>\n\n\n\n<li>A Pol\u00edcia Militar orienta os condutores de ve\u00edculos a respeitarem as leis de tr\u00e2nsito e a n\u00e3o colocarem em risco a vida de terceiros.<\/li>\n<\/ul>\n<input type=\"hidden\" id=\"baseurl\" value=\"https:\/\/noticiasregionais.com.br\"><input type=\"hidden\" id=\"audio_nonce\" value=\"533fbb67b1\">","protected":false},"excerpt":{"rendered":"<p>Um motociclista de 18 anos foi preso na noite de segunda-feira (02), em Ribeir\u00e3o do Pinhal, por dirigir em alta&hellip;<\/p>\n","protected":false},"author":1,"featured_media":702,"comment_status":"closed","ping_status":"open","sticky":false,"template":"","format":"standard","meta":{"sfsi_plus_gutenberg_text_before_share":"","sfsi_plus_gutenberg_show_text_before_share":"","sfsi_plus_gutenberg_icon_type":"","sfsi_plus_gutenberg_icon_alignemt":"","sfsi_plus_gutenburg_max_per_row":"","footnotes":""},"categories":[7,10,1],"tags":[],"class_list":["post-701","post","type-post","status-publish","format-standard","has-post-thumbnail","hentry","category-parana","category-destaques","category-noticias"],"_links":{"self":[{"href":"https:\/\/noticiasregionais.com.br\/index.php?rest_route=\/wp\/v2\/posts\/701","targetHints":{"allow":["GET"]}}],"collection":[{"href":"https:\/\/noticiasregionais.com.br\/index.php?rest_route=\/wp\/v2\/posts"}],"about":[{"href":"https:\/\/noticiasregionais.com.br\/index.php?rest_route=\/wp\/v2\/types\/post"}],"author":[{"embeddable":true,"href":"https:\/\/noticiasregionais.com.br\/index.php?rest_route=\/wp\/v2\/users\/1"}],"replies":[{"embeddable":true,"href":"https:\/\/noticiasregionais.com.br\/index.php?rest_route=%2Fwp%2Fv2%2Fcomments&post=701"}],"version-history":[{"count":1,"href":"https:\/\/noticiasregionais.com.br\/index.php?rest_route=\/wp\/v2\/posts\/701\/revisions"}],"predecessor-version":[{"id":703,"href":"https:\/\/noticiasregionais.com.br\/index.php?rest_route=\/wp\/v2\/posts\/701\/revisions\/703"}],"wp:featuredmedia":[{"embeddable":true,"href":"https:\/\/noticiasregionais.com.br\/index.php?rest_route=\/wp\/v2\/media\/702"}],"wp:attachment":[{"href":"https:\/\/noticiasregionais.com.br\/index.php?rest_route=%2Fwp%2Fv2%2Fmedia&parent=701"}],"wp:term":[{"taxonomy":"category","embeddable":true,"href":"https:\/\/noticiasregionais.com.br\/index.php?rest_route=%2Fwp%2Fv2%2Fcategories&post=701"},{"taxonomy":"post_tag","embeddable":true,"href":"https:\/\/noticiasregionais.com.br\/index.php?rest_route=%2Fwp%2Fv2%2Ftags&post=701"}],"curies":[{"name":"wp","href":"https:\/\/api.w.org\/{rel}","templated":true}]}}