{"id":704,"date":"2023-10-04T06:33:41","date_gmt":"2023-10-04T09:33:41","guid":{"rendered":"https:\/\/noticiasregionais.com.br\/?p=704"},"modified":"2023-10-04T06:33:54","modified_gmt":"2023-10-04T09:33:54","slug":"quase-metade-dos-municipios-ja-precisou-cortar-pessoal-para-fechar-as-contas-em-2023","status":"publish","type":"post","link":"https:\/\/noticiasregionais.com.br\/?p=704","title":{"rendered":"Quase metade dos munic\u00edpios j\u00e1 precisou cortar pessoal para fechar as contas em 2023"},"content":{"rendered":"\n<h4 class=\"wp-block-heading has-text-align-center\">Estudo da Confedera\u00e7\u00e3o Nacional dos Munic\u00edpios mostra que quase metade das cidades brasileiras est\u00e3o com pagamentos de fornecedores atrasados. Cerca de 2,1 mil gestores municipais se re\u00fanem em Bras\u00edlia para buscar solu\u00e7\u00f5es para a crise financeira<\/h4>\n\n\n\n<p>A crise econ\u00f4mica e o desequil\u00edbrio fiscal que enfrentam mais da metade das cidades brasileiras \u00e9 o que motivou cerca de dois mil prefeitos de munic\u00edpios a se reunirem em Bras\u00edlia para pedir apoio \u00e0 Uni\u00e3o e pressionar o Congresso a aprovar pautas que aumentem a arrecada\u00e7\u00e3o. &nbsp;<\/p>\n\n\n\n<p>De acordo com um levantamento feito pela Confedera\u00e7\u00e3o Nacional dos Munic\u00edpios (CNM), que ouviu cerca de tr\u00eas mil gestores, quase metade \u2014 48,7% \u2014 dos entrevistados precisou cortar pessoal para reduzir custos. O levantamento mostra ainda que outros 10% est\u00e3o com atrasos no pagamento de pessoal, sendo grande parte&nbsp;desses (84,8%) nos \u00faltimos dois meses. Dos tr\u00eas mil entrevistados, 47,8% das prefeituras enfrentam atrasos no pagamento de fornecedores.&nbsp;<\/p>\n\n\n\n<p>Cachoeira Dourada, em Minas Gerais, munic\u00edpio de apenas tr\u00eas mil habitantes, j\u00e1 enfrenta as consequ\u00eancias da crise econ\u00f4mica. Segundo o prefeito Aleandro Silva, a cidade tem grande dificuldade em manter as contas em dia. Hoje se atende apenas \u00e0s demandas urgentes, como sa\u00fade e educa\u00e7\u00e3o.<\/p>\n\n\n\n<p>\u201cN\u00f3s tivemos alguns cortes com prestadores de servi\u00e7os, com servidores contratados que precisamos mandar embora. E estamos fazendo uma avalia\u00e7\u00e3o esse m\u00eas e \u00e9 prov\u00e1vel que mais gente tenha que ser demitida entre outros cortes. Hoje estamos atendendo s\u00f3 o que \u00e9 necessidade mesmo: sa\u00fade e emerg\u00eancia, al\u00e9m do transporte escolar.\u201d<\/p>\n\n\n\n<p>Segundo o gestor, fornecedores e folha de pagamento tamb\u00e9m est\u00e3o atrasados no munic\u00edpio. Al\u00e9m dos cortes, para conseguir fechar o ano&nbsp;o prefeito diz que est\u00e1 negociando contratos mais altos, diminuindo 25% dos servi\u00e7os que s\u00e3o essenciais.<\/p>\n\n\n\n<h2 class=\"wp-block-heading\">Encontro com \u00f3rg\u00e3os controladores&nbsp;<\/h2>\n\n\n\n<p>O presidente da CNM, Paulo Ziulkoski, mobilizou os cerca de 2 mil gestores a irem a p\u00e9, pelas ruas de Bras\u00edlia \u2014 do Congresso Nacional at\u00e9 o Tribunal de Contas da Uni\u00e3o \u2014, num trajeto de cerca de 1,5 km.&nbsp;<\/p>\n\n\n\n<p>No destino final, o presidente entregou documentos e estudos feitos pela CNM aos \u00f3rg\u00e3os controladores. O relat\u00f3rio entregue \u00e0 Controladoria-Geral da Uni\u00e3o (CGU) e ao Tribunal de Contas da Uni\u00e3o (TCU) alerta sobre as d\u00edvidas que a Uni\u00e3o tem com os munic\u00edpios. Entre elas, como mostra o estudo, um d\u00e9bito de R$10,5 bilh\u00f5es referente a repasses da assist\u00eancia social (CRAS e Creas) que foram custeadas pelos munic\u00edpios, mas os valores n\u00e3o foram repassados a eles.&nbsp;<\/p>\n\n\n\n<p>A entrega dos documentos tem um objetivo, segundo o presidente da CNM:&nbsp;&#8220;Fazer com que os \u00f3rg\u00e3os controladores tomem conhecimento e atitude sobre o assunto\u201d, mas tamb\u00e9m mostrar \u00e0 sociedade o trabalho que vem sendo feito pela Confedera\u00e7\u00e3o.<\/p>\n\n\n\n<p>\u201cSaber que n\u00f3s estamos agindo com responsabilidade. N\u00e3o \u00e9 o prefeito que est\u00e1 mal, quem est\u00e1 mal \u00e9 o cidad\u00e3o. O servi\u00e7o p\u00fablico est\u00e1 diminuindo em quantidade e piorando em qualidade. Porque a Uni\u00e3o, que arrecada tudo, est\u00e1 cada vez se retirando mais\u201d, critica.&nbsp;<\/p>\n\n\n\n<h2 class=\"wp-block-heading\">Cen\u00e1rio futuro<\/h2>\n\n\n\n<p>A pesquisa da CNM mostra que os gestores est\u00e3o com medo e pessimistas com rela\u00e7\u00e3o ao futuro. O munic\u00edpio de Pot\u00e9, em Minas Gerais, tem 13 mil habitantes e depende do Fundo de Participa\u00e7\u00e3o dos Munic\u00edpios (FPM) para custear o b\u00e1sico, que j\u00e1 come\u00e7a a faltar. O prefeito Gild\u00e9sio Sampaio reclama da queda dos repasses do FPM, mas tamb\u00e9m de outros programas do governo federal.<\/p>\n\n\n\n<p>\u201cToda vez que o governo federal ou estadual cria uma lei, \u00e9 o munic\u00edpio que paga o pato. Cria-se a lei e n\u00e3o cria-se a receita para a gente bancar. Consequentemente os estados&nbsp; est\u00e3o sendo penalizados em todos os segmentos.\u201d&nbsp;<\/p>\n\n\n\n<p>De acordo com o levantamento, dos tr\u00eas mil prefeitos ouvidos, 44,3% acreditam que a situa\u00e7\u00e3o fiscal vai piorar. Outros 38%, mesmo diante do cen\u00e1rio de crise, est\u00e3o otimistas com os pr\u00f3ximos meses. E&nbsp;17,6% n\u00e3o souberam opinar.<\/p>\n\n\n\n<p>Para um futuro breve, 48% dos prefeitos ouvidos disseram que acreditam que&nbsp; 2023 deve terminar com as contas equilibradas, enquanto 34% s\u00e3o pessimistas e 18% est\u00e3o incertos.<\/p>\n\n\n\n<p>Jos\u00e9 Carlos Garcia \u00e9 prefeito de Azeredo, cidade de menos de 15 mil habitantes, no Rio Grande do Sul, faz parte desse time. Desde dezembro do ano passado est\u00e1 demitindo funcion\u00e1rios, cortando gastos ao extremo. \u201cMesmo com o cen\u00e1rio ruim que enfrentamos hoje, eu acredito que a Uni\u00e3o e a mobiliza\u00e7\u00e3o dos prefeitos em busca de mais recursos para as cidades&nbsp;j\u00e1 \u00e9 raz\u00e3o para acreditar em dias melhores.\u201d<\/p>\n\n\n\n<h2 class=\"wp-block-heading\">Prioridades do movimento&nbsp;<\/h2>\n\n\n\n<p>A visita a Bras\u00edlia tem, entre outras prioridades, pressionar o Congresso Nacional e dar celeridade \u00e0 Proposta de Emenda \u00e0 Constitui\u00e7\u00e3o (PEC) 25\/2022, que estabelece o repasse adicional de 1,5% do Fundo de Participa\u00e7\u00e3o dos Munic\u00edpios (FPM) para o m\u00eas de mar\u00e7o \u2014 ainda em an\u00e1lise pela Comiss\u00e3o de Constitui\u00e7\u00e3o e Justi\u00e7a e de Cidadania (CCJC), da C\u00e2mara dos Deputados.<\/p>\n\n\n\n<p>Press\u00e3o tamb\u00e9m se intensifica&nbsp;&nbsp;pela aprova\u00e7\u00e3o de outras PECs que tramitam na C\u00e2mara, como a que tira os terceirizados do limite das despesas com pessoal; e a PEC 38\/2023, que amplia a Reforma da Previd\u00eancia aos Munic\u00edpios.<\/p>\n\n\n\n<p>No Senado, as prioridades s\u00e3o o PLP 334\/2023, que reduz a al\u00edquota do INSS; a PEC 40\/2023, que prev\u00ea um adicional mensal no FPM por dois anos; a PEC 14\/2023, que atualiza os programas federais; a PEC 45\/2019, que promove a Reforma Tribut\u00e1ria no pa\u00eds e o Projeto de Lei (PL) 136\/2023, que compensa perdas do ICMS e recomp\u00f5e o FPM.<br>&nbsp;<\/p>\n\n\n\n<p>Fonte: <a href=\"https:\/\/brasil61.com\/n\/quase-metade-dos-municipios-ja-precisou-cortar-pessoal-para-fechar-as-contas-em-2023-bras239750\" target=\"_blank\" rel=\"noreferrer noopener\">Brasil 61<\/a><\/p>\n<input type=\"hidden\" id=\"baseurl\" value=\"https:\/\/noticiasregionais.com.br\"><input type=\"hidden\" id=\"audio_nonce\" value=\"3cdc555a10\">","protected":false},"excerpt":{"rendered":"<p>Estudo da Confedera\u00e7\u00e3o Nacional dos Munic\u00edpios mostra que quase metade das cidades brasileiras est\u00e3o com pagamentos de fornecedores atrasados. Cerca&hellip;<\/p>\n","protected":false},"author":1,"featured_media":705,"comment_status":"closed","ping_status":"open","sticky":false,"template":"","format":"standard","meta":{"sfsi_plus_gutenberg_text_before_share":"","sfsi_plus_gutenberg_show_text_before_share":"","sfsi_plus_gutenberg_icon_type":"","sfsi_plus_gutenberg_icon_alignemt":"","sfsi_plus_gutenburg_max_per_row":"","footnotes":""},"categories":[8,12,1],"tags":[],"class_list":["post-704","post","type-post","status-publish","format-standard","has-post-thumbnail","hentry","category-brasil","category-capa","category-noticias"],"_links":{"self":[{"href":"https:\/\/noticiasregionais.com.br\/index.php?rest_route=\/wp\/v2\/posts\/704","targetHints":{"allow":["GET"]}}],"collection":[{"href":"https:\/\/noticiasregionais.com.br\/index.php?rest_route=\/wp\/v2\/posts"}],"about":[{"href":"https:\/\/noticiasregionais.com.br\/index.php?rest_route=\/wp\/v2\/types\/post"}],"author":[{"embeddable":true,"href":"https:\/\/noticiasregionais.com.br\/index.php?rest_route=\/wp\/v2\/users\/1"}],"replies":[{"embeddable":true,"href":"https:\/\/noticiasregionais.com.br\/index.php?rest_route=%2Fwp%2Fv2%2Fcomments&post=704"}],"version-history":[{"count":1,"href":"https:\/\/noticiasregionais.com.br\/index.php?rest_route=\/wp\/v2\/posts\/704\/revisions"}],"predecessor-version":[{"id":706,"href":"https:\/\/noticiasregionais.com.br\/index.php?rest_route=\/wp\/v2\/posts\/704\/revisions\/706"}],"wp:featuredmedia":[{"embeddable":true,"href":"https:\/\/noticiasregionais.com.br\/index.php?rest_route=\/wp\/v2\/media\/705"}],"wp:attachment":[{"href":"https:\/\/noticiasregionais.com.br\/index.php?rest_route=%2Fwp%2Fv2%2Fmedia&parent=704"}],"wp:term":[{"taxonomy":"category","embeddable":true,"href":"https:\/\/noticiasregionais.com.br\/index.php?rest_route=%2Fwp%2Fv2%2Fcategories&post=704"},{"taxonomy":"post_tag","embeddable":true,"href":"https:\/\/noticiasregionais.com.br\/index.php?rest_route=%2Fwp%2Fv2%2Ftags&post=704"}],"curies":[{"name":"wp","href":"https:\/\/api.w.org\/{rel}","templated":true}]}}